{"id":32903,"date":"2025-02-02T14:43:55","date_gmt":"2025-02-02T13:43:55","guid":{"rendered":"https:\/\/www.iceagetv.com\/radiosite\/?p=32903"},"modified":"2025-02-02T14:43:59","modified_gmt":"2025-02-02T13:43:59","slug":"inondations-a-redon-et-dans-louest-la-decrue-prendra-encore-plusieurs-jours","status":"publish","type":"post","link":"https:\/\/www.iceagetv.com\/radiosite\/inondations-a-redon-et-dans-louest-la-decrue-prendra-encore-plusieurs-jours\/","title":{"rendered":"Inondations \u00e0 Redon et dans l\u2019Ouest\u00a0: la d\u00e9crue prendra encore \u00ab\u00a0plusieurs jours"},"content":{"rendered":"\n<p class=\"\">Dimanche matin, 55\u00a0routes \u00e9taient encore coup\u00e9es et d\u00e9vi\u00e9es, notamment dans le secteur de Redon, o\u00f9 le ministre de l\u2019int\u00e9rieur, Bruno Retailleau, s\u2019est rendu samedi et o\u00f9 d\u2019importants moyens de pompage ont \u00e9t\u00e9 d\u00e9ploy\u00e9s pour acc\u00e9l\u00e9rer la d\u00e9crue.La d\u00e9crue se poursuit, dimanche 2&nbsp;f\u00e9vrier, \u00e0 Redon (Ille-et-Vilaine) et dans les autres communes de l\u2019ouest touch\u00e9es par des inondations depuis le week-end dernier, mais le retour \u00e0 la normale sera progressif et prendra encore&nbsp;<em>\u00ab&nbsp;plusieurs jours&nbsp;\u00bb<\/em>, selon les derni\u00e8res pr\u00e9visions.<\/p>\n\n\n\n<p class=\"\"><em>\u00ab\u00a0Si la tendance g\u00e9n\u00e9rale est \u00e0 l\u2019am\u00e9lioration, un retour \u00e0 des conditions normales sans d\u00e9bordements sur l\u2019ensemble du bassin de la Vilaine n\u00e9cessitera encore plusieurs jours\u00a0\u00bb<\/em>, annonce la pr\u00e9fecture d\u2019Ille-et-Vilaine dans un\u00a0<a href=\"https:\/\/www.ille-et-vilaine.gouv.fr\/Actualites\/Espace-presse\/2025\/Meteo-Vigilance-meteorologique2\" target=\"_blank\" rel=\"noreferrer noopener\">communiqu\u00e9<\/a>, qui pr\u00e9cise que\u00a0<em>\u00ab\u00a0les niveaux restent exceptionnellement \u00e9lev\u00e9s\u00a0\u00bb.<\/em>Dimanche matin, 55 routes \u00e9taient encore coup\u00e9es et d\u00e9vi\u00e9es, notamment dans le secteur de Redon, o\u00f9\u00a0<a href=\"https:\/\/www.lemonde.fr\/planete\/article\/2025\/02\/01\/une-vingtaine-de-communes-touchees-par-les-crues-bruno-retailleau-annonce-que-le-dispositif-d-etat-de-catastrophe-naturelle-sera-accelere_6526793_3244.html\">le ministre de l\u2019int\u00e9rieur, Bruno Retailleau, s\u2019est rendu samedi<\/a>\u00a0et o\u00f9 d\u2019importants moyens de pompage ont \u00e9t\u00e9 d\u00e9ploy\u00e9s pour acc\u00e9l\u00e9rer la d\u00e9crue.Dans la r\u00e9gion, l\u2019organisme de pr\u00e9visions Vigicrues n\u2019affichait plus en vigilance orange que deux&nbsp;tron\u00e7ons, la Seiche pr\u00e8s de Rennes, et la Vilaine aval, \u00e0 cheval sur l\u2019Ille-et-Vilaine, la Loire-Atlantique et le Morbihan.<\/p>\n\n\n\n<p class=\"\">Sur le quai Dugay-Trouin dans le centre de Redon, un secteur \u00e9vacu\u00e9 en raison de la mont\u00e9e des eaux, la Vilaine \u00e9tait redescendue \u00e0 4,58\u00a0m\u00e8tres \u00e0 10\u00a0heures, un niveau l\u00e9g\u00e8rement inf\u00e9rieur \u00e0 celui enregistr\u00e9 mardi matin, au d\u00e9but des inondations.Aucun retour \u00e0 domicile autoris\u00e9<\/p>\n\n\n\n<p class=\"\">Au total, les moyens suppl\u00e9mentaires install\u00e9s \u00e0 Redon sont capables de&nbsp;<em>\u00ab&nbsp;vider une piscine olympique toutes les heures&nbsp;\u00bb<\/em>, a d\u00e9clar\u00e9 Bruno Retailleau lors de sa visite. Le ministre a \u00e9galement promis que le dispositif de reconnaissance d\u2019\u00e9tat de catastrophe naturelle, crucial pour l\u2019indemnisation par les assurances, serait&nbsp;<em>\u00ab&nbsp;acc\u00e9l\u00e9r\u00e9&nbsp;\u00bb<\/em>&nbsp;pour Redon et une vingtaine de communes sinistr\u00e9es dans la r\u00e9gion.<\/p>\n\n\n\n<p class=\"\">Depuis le d\u00e9but de cet \u00e9pisode de crues dans l\u2019Ouest, qui a \u00e9galement touch\u00e9 plus en amont certains quartiers de Rennes, quelque 1\u00a0108\u00a0personnes ont \u00e9t\u00e9 \u00e9vacu\u00e9es en Ille-et-Vilaine, dont 150 \u00e0 Redon, ainsi que 370 \u00e0 Saint-Nicolas-de-Redon (Loire-Atlantique).Si la situation s\u2019am\u00e9liore,\u00a0<em>\u00ab\u00a0aucun retour \u00e0 domicile n\u2019est autoris\u00e9 pour les personnes \u00e9vacu\u00e9es dans la zone touch\u00e9e par les inondations\u00a0\u00bb<\/em>, a averti samedi la mairie de Redon, qui maintient jusqu\u2019\u00e0 nouvel ordre ses arr\u00eat\u00e9s d\u2019\u00e9vacuation. Par arr\u00eat\u00e9 pr\u00e9fectoral, depuis le 31\u00a0janvier et jusqu\u2019au 9\u00a0f\u00e9vrier inclus, l\u2019acc\u00e8s aux chemins de halage est interdit sur l\u2019ensemble du territoire du d\u00e9partement d\u2019Ille\u2011et\u2011Vilaine.<\/p>\n","protected":false},"excerpt":{"rendered":"<p>Dimanche matin, 55\u00a0routes \u00e9taient encore coup\u00e9es et d\u00e9vi\u00e9es, notamment dans le secteur de Redon, o\u00f9 le ministre de l\u2019int\u00e9rieur, Bruno Retailleau, s\u2019est rendu samedi et o\u00f9 d\u2019importants moyens de pompage ont \u00e9t\u00e9 d\u00e9ploy\u00e9s pour acc\u00e9l\u00e9rer la d\u00e9crue.La d\u00e9crue se poursuit, dimanche 2&nbsp;f\u00e9vrier, \u00e0 Redon (Ille-et-Vilaine) et dans les autres communes de l\u2019ouest touch\u00e9es par des [&hellip;]<\/p>\n","protected":false},"author":2,"featured_media":32905,"comment_status":"open","ping_status":"open","sticky":false,"template":"","format":"standard","meta":{"_jetpack_memberships_contains_paid_content":false,"footnotes":"","jetpack_publicize_message":"","jetpack_publicize_feature_enabled":true,"jetpack_social_post_already_shared":true,"jetpack_social_options":{"image_generator_settings":{"template":"highway","enabled":true,"token":"eyJpbWciOiJodHRwczpcL1wvd3d3LmljZWFnZXR2LmNvbVwvcmFkaW9zaXRlXC93cC1jb250ZW50XC91cGxvYWRzXC8yMDI1XC8wMlwvSW5vbmRhdGlvbnMtYS1SZWRvbi1ldC1kYW5zLWxPdWVzdC5wbmciLCJ0eHQiOiJJbm9uZGF0aW9ucyBcdTAwZTAgUmVkb24gZXQgZGFucyBsXHUyMDE5T3Vlc3RcdTAwYTA6IGxhIGRcdTAwZTljcnVlIHByZW5kcmEgZW5jb3JlIFx1MDBhYlx1MDBhMHBsdXNpZXVycyBqb3VycyIsInRlbXBsYXRlIjoiaGlnaHdheSIsImJsb2dfaWQiOjExMTAxNjQ2MX0.J4BduSRQmjHz1BtH-zy-O9zCvc-yQcooL70MkTP21esMQ"},"version":2},"_wpas_customize_per_network":false},"categories":[14],"tags":[],"class_list":["post-32903","post","type-post","status-publish","format-standard","has-post-thumbnail","hentry","category-actu-meteo"],"jetpack_publicize_connections":[],"jetpack_featured_media_url":"https:\/\/i0.wp.com\/www.iceagetv.com\/radiosite\/wp-content\/uploads\/2025\/02\/Inondations-a-Redon-et-dans-lOuest.png?fit=683%2C471&ssl=1","jetpack_sharing_enabled":true,"_links":{"self":[{"href":"https:\/\/www.iceagetv.com\/radiosite\/wp-json\/wp\/v2\/posts\/32903","targetHints":{"allow":["GET"]}}],"collection":[{"href":"https:\/\/www.iceagetv.com\/radiosite\/wp-json\/wp\/v2\/posts"}],"about":[{"href":"https:\/\/www.iceagetv.com\/radiosite\/wp-json\/wp\/v2\/types\/post"}],"author":[{"embeddable":true,"href":"https:\/\/www.iceagetv.com\/radiosite\/wp-json\/wp\/v2\/users\/2"}],"replies":[{"embeddable":true,"href":"https:\/\/www.iceagetv.com\/radiosite\/wp-json\/wp\/v2\/comments?post=32903"}],"version-history":[{"count":1,"href":"https:\/\/www.iceagetv.com\/radiosite\/wp-json\/wp\/v2\/posts\/32903\/revisions"}],"predecessor-version":[{"id":32906,"href":"https:\/\/www.iceagetv.com\/radiosite\/wp-json\/wp\/v2\/posts\/32903\/revisions\/32906"}],"wp:featuredmedia":[{"embeddable":true,"href":"https:\/\/www.iceagetv.com\/radiosite\/wp-json\/wp\/v2\/media\/32905"}],"wp:attachment":[{"href":"https:\/\/www.iceagetv.com\/radiosite\/wp-json\/wp\/v2\/media?parent=32903"}],"wp:term":[{"taxonomy":"category","embeddable":true,"href":"https:\/\/www.iceagetv.com\/radiosite\/wp-json\/wp\/v2\/categories?post=32903"},{"taxonomy":"post_tag","embeddable":true,"href":"https:\/\/www.iceagetv.com\/radiosite\/wp-json\/wp\/v2\/tags?post=32903"}],"curies":[{"name":"wp","href":"https:\/\/api.w.org\/{rel}","templated":true}]}}