{"id":32918,"date":"2025-02-02T18:07:16","date_gmt":"2025-02-02T17:07:16","guid":{"rendered":"https:\/\/www.iceagetv.com\/radiosite\/?p=32918"},"modified":"2025-02-02T18:07:20","modified_gmt":"2025-02-02T17:07:20","slug":"80-ans-de-la-liberation-de-colmar-des-veterans-le-president-de-la-republique-et-un-defile-pour-les-commemorations","status":"publish","type":"post","link":"https:\/\/www.iceagetv.com\/radiosite\/80-ans-de-la-liberation-de-colmar-des-veterans-le-president-de-la-republique-et-un-defile-pour-les-commemorations\/","title":{"rendered":"80 ans de la lib\u00e9ration de Colmar\u00a0: des v\u00e9t\u00e9rans, le pr\u00e9sident de la R\u00e9publique, et un d\u00e9fil\u00e9 pour les comm\u00e9morations"},"content":{"rendered":"\n<p class=\"\">Colmar comm\u00e9more en ce 2 f\u00e9vrier la lib\u00e9ration de la ville de l&rsquo;occupant nazi. Au programme, une c\u00e9r\u00e9monie militaire pr\u00e9sid\u00e9e par Emmanuel Macron en pr\u00e9sence de v\u00e9t\u00e9rans de la bataille, puis un d\u00e9fil\u00e9 militaire et un d\u00e9fil\u00e9 de \u00ab\u00a0reconstituteurs\u00a0\u00bb avec des associations.Ce fut la derni\u00e8re grande bataille de la Seconde Guerre mondiale sur le sol fran\u00e7ais. Ce dimanche 2 f\u00e9vrier, Colmar comm\u00e9more les 80 ans de sa lib\u00e9ration par les alli\u00e9s, plus de deux mois apr\u00e8s Strasbourg.\u00a0Peu avant 11 heures, c&rsquo;est le maire de Colmar, qui a lanc\u00e9\u00a0<strong>les c\u00e9r\u00e9monies de comm\u00e9moration place Rapp.<\/strong>\u00a0<em>\u00ab\u00a0Nos jeunes g\u00e9n\u00e9rations doivent se souvenir que Colmar n&rsquo;a pas toujours \u00e9t\u00e9 en paix\u00a0\u00bb,<\/em>\u00a0a martel\u00e9 Eric Straumann\u00a0<strong>en pr\u00e9sence de 3.000 personnes<\/strong>\u00a0qui avaient d\u00fb s&rsquo;inscrire au pr\u00e9alable pour avoir une place.La c\u00e9r\u00e9monie militaire a d\u00e9but\u00e9 peu apr\u00e8s 11h15, toujours place Rapp, avec une revue des troupes par le pr\u00e9sident de la R\u00e9publique, et\u00a0<strong>un d\u00e9p\u00f4t de gerbe devant une plaque \u00e9ph\u00e9m\u00e8re comm\u00e9morant<\/strong>\u00a0la reprise de Colmar &#8211; la Ville n&rsquo;en poss\u00e9dait pas jusque-l\u00e0.\u00a0Une minute de silence a ensuite \u00e9t\u00e9 observ\u00e9e, avant une interpr\u00e9tation par la Ma\u00eetrise de Colmar de l&rsquo;hymne am\u00e9ricain, puis de l&rsquo;hymne fran\u00e7ais.<strong>Le pr\u00e9sident de la R\u00e9publique est ensuite all\u00e9 saluer les v\u00e9t\u00e9rans pr\u00e9sents pour ces c\u00e9r\u00e9monies, comme Jean Ferrazi, 101 ans.<\/strong>\u00a0Il \u00e9tait infirmier dans l&rsquo;arm\u00e9e de Lattre qui a particip\u00e9 \u00e0 la lib\u00e9ration de Colmar.\u00a0<em>\u00ab\u00a0L&rsquo;artillerie, les bombardements, on n&rsquo;\u00e9tait pas \u00e0 l&rsquo;abri. On \u00e9tait sur le terrain. Les brancardiers r\u00e9cup\u00e9raient les bless\u00e9s sur le terrain et les emmenaient au poste de secours\u00a0\u00bb<\/em>, se souvient le v\u00e9t\u00e9ran.\u00a0<em>\u00ab\u00a0Apr\u00e8s les premiers soins, les ambulanci\u00e8res se chargeaient de transporter ces bless\u00e9s \u00e0 l&rsquo;h\u00f4pital militaire. On a tent\u00e9 d&rsquo;en sauver, d&rsquo;autres n&rsquo;ont pas eu la chance de survivre.\u00a0\u00bb<\/em>Un d\u00e9fil\u00e9, et un spectacle a\u00e9rien<\/p>\n\n\n\n<p class=\"\">Apr\u00e8s la c\u00e9r\u00e9monie, place au d\u00e9fil\u00e9 militaire. La 3e division d&rsquo;infanterie de l&rsquo;arm\u00e9e am\u00e9ricaine \u00e9tait repr\u00e9sent\u00e9e, c&rsquo;est cette division qui a particip\u00e9 \u00e0 la lib\u00e9ration de la ville.&nbsp;Des associations de \u00ab\u00a0reconstituteurs\u00a0\u00bb ont ensuite suivi les v\u00e9hicules de l&rsquo;arm\u00e9e sur l&rsquo;avenue de la R\u00e9publique. Un spectacle aussi a\u00e9rien avec&nbsp;<strong>un survol d&rsquo;a\u00e9ronefs militaires,<\/strong>&nbsp;pendant le d\u00e9fil\u00e9, puis des a\u00e9ronefs de collections durant l&rsquo;apr\u00e8s-midi.<\/p>\n","protected":false},"excerpt":{"rendered":"<p>Colmar comm\u00e9more en ce 2 f\u00e9vrier la lib\u00e9ration de la ville de l&rsquo;occupant nazi. Au programme, une c\u00e9r\u00e9monie militaire pr\u00e9sid\u00e9e par Emmanuel Macron en pr\u00e9sence de v\u00e9t\u00e9rans de la bataille, puis un d\u00e9fil\u00e9 militaire et un d\u00e9fil\u00e9 de \u00ab\u00a0reconstituteurs\u00a0\u00bb avec des associations.Ce fut la derni\u00e8re grande bataille de la Seconde Guerre mondiale sur le sol [&hellip;]<\/p>\n","protected":false},"author":2,"featured_media":32919,"comment_status":"open","ping_status":"open","sticky":false,"template":"","format":"standard","meta":{"_jetpack_memberships_contains_paid_content":false,"footnotes":"","jetpack_publicize_message":"","jetpack_publicize_feature_enabled":true,"jetpack_social_post_already_shared":true,"jetpack_social_options":{"image_generator_settings":{"template":"highway","enabled":true,"token":"eyJpbWciOiJodHRwczpcL1wvd3d3LmljZWFnZXR2LmNvbVwvcmFkaW9zaXRlXC93cC1jb250ZW50XC91cGxvYWRzXC8yMDI1XC8wMlwvMTgwNjM4LnBuZyIsInR4dCI6IjgwIGFucyBkZSBsYSBsaWJcdTAwZTlyYXRpb24gZGUgQ29sbWFyXHUwMGEwOiBkZXMgdlx1MDBlOXRcdTAwZTlyYW5zLCBsZSBwclx1MDBlOXNpZGVudCBkZSBsYSBSXHUwMGU5cHVibGlxdWUsIGV0IHVuIGRcdTAwZTlmaWxcdTAwZTkgcG91ciBsZXMgY29tbVx1MDBlOW1vcmF0aW9ucyIsInRlbXBsYXRlIjoiaGlnaHdheSIsImJsb2dfaWQiOjExMTAxNjQ2MX0.9YsqRfBikhz0ZVIHlx4SbGY9tU5N9thpli2KWbSN92UMQ"},"version":2},"_wpas_customize_per_network":false},"categories":[405],"tags":[],"class_list":["post-32918","post","type-post","status-publish","format-standard","has-post-thumbnail","hentry","category-actu-france-monde"],"jetpack_publicize_connections":[],"jetpack_featured_media_url":"https:\/\/i0.wp.com\/www.iceagetv.com\/radiosite\/wp-content\/uploads\/2025\/02\/180638.png?fit=762%2C410&ssl=1","jetpack_sharing_enabled":true,"_links":{"self":[{"href":"https:\/\/www.iceagetv.com\/radiosite\/wp-json\/wp\/v2\/posts\/32918","targetHints":{"allow":["GET"]}}],"collection":[{"href":"https:\/\/www.iceagetv.com\/radiosite\/wp-json\/wp\/v2\/posts"}],"about":[{"href":"https:\/\/www.iceagetv.com\/radiosite\/wp-json\/wp\/v2\/types\/post"}],"author":[{"embeddable":true,"href":"https:\/\/www.iceagetv.com\/radiosite\/wp-json\/wp\/v2\/users\/2"}],"replies":[{"embeddable":true,"href":"https:\/\/www.iceagetv.com\/radiosite\/wp-json\/wp\/v2\/comments?post=32918"}],"version-history":[{"count":1,"href":"https:\/\/www.iceagetv.com\/radiosite\/wp-json\/wp\/v2\/posts\/32918\/revisions"}],"predecessor-version":[{"id":32920,"href":"https:\/\/www.iceagetv.com\/radiosite\/wp-json\/wp\/v2\/posts\/32918\/revisions\/32920"}],"wp:featuredmedia":[{"embeddable":true,"href":"https:\/\/www.iceagetv.com\/radiosite\/wp-json\/wp\/v2\/media\/32919"}],"wp:attachment":[{"href":"https:\/\/www.iceagetv.com\/radiosite\/wp-json\/wp\/v2\/media?parent=32918"}],"wp:term":[{"taxonomy":"category","embeddable":true,"href":"https:\/\/www.iceagetv.com\/radiosite\/wp-json\/wp\/v2\/categories?post=32918"},{"taxonomy":"post_tag","embeddable":true,"href":"https:\/\/www.iceagetv.com\/radiosite\/wp-json\/wp\/v2\/tags?post=32918"}],"curies":[{"name":"wp","href":"https:\/\/api.w.org\/{rel}","templated":true}]}}