{"id":32961,"date":"2025-02-03T18:10:22","date_gmt":"2025-02-03T17:10:22","guid":{"rendered":"https:\/\/www.iceagetv.com\/radiosite\/?p=32961"},"modified":"2025-02-03T18:10:26","modified_gmt":"2025-02-03T17:10:26","slug":"peripherique-parisien-apres-avoir-limite-la-vitesse-a-50km-h-une-voie-sera-desormais-reservee-au-covoiturage-aux-bus-et-aux-taxis-a-partir-du-3-mars","status":"publish","type":"post","link":"https:\/\/www.iceagetv.com\/radiosite\/peripherique-parisien-apres-avoir-limite-la-vitesse-a-50km-h-une-voie-sera-desormais-reservee-au-covoiturage-aux-bus-et-aux-taxis-a-partir-du-3-mars\/","title":{"rendered":"P\u00e9riph\u00e9rique parisien : Apr\u00e8s avoir limit\u00e9 la vitesse \u00e0 50km\/h, une voie sera d\u00e9sormais r\u00e9serv\u00e9e au covoiturage, aux bus et aux taxis \u00e0 partir du 3 mars"},"content":{"rendered":"\n<p class=\"\">Les conducteurs du p\u00e9riph\u00e9rique parisien vont une nouvelle fois devoir s&rsquo;habituer \u00e0 des r\u00e8gles suppl\u00e9mentaires. Apr\u00e8s la r\u00e9cente r\u00e9duction de la vitesse, ainsi que la r\u00e9duction du nombre de voies, un arr\u00eat\u00e9 municipal et pr\u00e9fectoral pr\u00e9voit maintenant la mise en place d\u2019une voie r\u00e9serv\u00e9e &#8230; au covoiturage !<\/p>\n\n\n\n<p class=\"\">Selon<a href=\"https:\/\/www.leparisien.fr\/paris-75\/paris-sur-le-peripherique-une-voie-reservee-au-covoiturage-aux-bus-et-taxis-entrera-en-vigueur-le-3-mars-03-02-2025-E2HYDQLFANDDPHQ4GNXVZB646A.php\" target=\"_blank\" rel=\"noreferrer noopener\">&nbsp;le Parisien<\/a>, cette mesure, qui avait \u00e9t\u00e9 \u00e9voqu\u00e9e avant les Jeux Olympiques,&nbsp;devrait entrer en vigueur le 3 mars prochain.<\/p>\n\n\n\n<p class=\"\">Cette id\u00e9e vient de la maire de Paris Anne Hidalgo \u00ab\u00a0dans son combat pour la diminution de la place de la voiture (et des nuisances li\u00e9es)\u00a0\u00bb, rappellent nos confr\u00e8res.&nbsp;<\/p>\n\n\n\n<p class=\"\">Concr\u00e8tement, comme durant la p\u00e9riode des Jeux Olympiques durant l&rsquo;\u00e9t\u00e9 2024, la voie de gauche, sera limit\u00e9e plusieurs heures par jour en semaine. \u00ab\u00a0Entre les portes de S\u00e8vres (XVe) et Bercy (XIIe) en passant par le Nord, la voie r\u00e9serv\u00e9e sera en vigueur de 7 heures \u00e0 10h30 et de 16 heures \u00e0 20 heures.\u00a0\u00bb , peut &#8211; on lire.<\/p>\n\n\n\n<p class=\"\">La voie r\u00e9serv\u00e9e pourra aussi \u00eatre d\u00e9sactiv\u00e9e en temps r\u00e9el \u00ab pour prendre en compte l\u2019\u00e9tat de la circulation et r\u00e9agir en fonction des situations (accidents, congestion\u2026) \u00bb, pr\u00e9voit l\u2019arr\u00eat\u00e9 que nous avons pu consulter.<\/p>\n\n\n\n<p class=\"\">Les automobilistes seront avertis par un panneau avec un losange lumineux, est-il indiqu\u00e9.<\/p>\n\n\n\n<p class=\"\">Ainsii, lorsque le panneau sera activ\u00e9, la&nbsp;voie sera accessible \u00ab\u00a0aux v\u00e9hicules de moins de 3,5 tonnes avec au moins deux personnes \u00e0 bord, aux transports en commun et aux v\u00e9hicules de secours et de s\u00e9curit\u00e9, ainsi qu\u2019aux v\u00e9hicules du service de transport de personnes \u00e0 mobilit\u00e9 r\u00e9duite d\u2019\u00cele-de-France Mobilit\u00e9s et aux taxis.\u00a0\u00bb<\/p>\n\n\n\n<p class=\"\">Quant aux VTC, ils pourront l&#8217;emprunter mais \u00e0 condition de transporter au moins un client.<\/p>\n\n\n\n<p class=\"\">Egalement, Le Parisien pr\u00e9cise que \u00ab\u00a0les deux-roues pourront retrouver leur circulation entre les deux voies les plus \u00e0 gauche, et empi\u00e9ter sur la voie de covoiturage.\u00a0\u00bb<\/p>\n\n\n\n<p class=\"\">Et d&rsquo;annoncer que plusieurs portions d\u2019autoroute seront \u00e9galement concern\u00e9es par cette mesure, notamment&nbsp;sur l\u2019A1, A12 et A13. En revanche, les plages horaires seront toutes diff\u00e9rentes selon le sens de circulation ou le secteur.&nbsp;<\/p>\n\n\n\n<p class=\"\">Egalement, un abaissement de la vitesse sera autoris\u00e9 par les autorit\u00e9s \u00ab afin de diminuer le diff\u00e9rentiel de vitesse entre les v\u00e9hicules autoris\u00e9s \u00e0 y circuler et les autres v\u00e9hicules situ\u00e9s sur les voies adjacentes \u00bb.&nbsp;<\/p>\n\n\n\n<p class=\"\">Quels sont les risques si ces nouvelles r\u00e8gles ne sont pas respect\u00e9es?&nbsp;<\/p>\n\n\n\n<p class=\"\">Si une p\u00e9riode d\u2019exp\u00e9rimentation privil\u00e9giera la p\u00e9dagogie jusqu\u2019au 1er mai, les radars sp\u00e9ciaux, qui sont d\u00e9j\u00e0 en place, seront activ\u00e9s un peu plus tard. Le risque sera alors une contravention de quatri\u00e8me classe, soit 135 euros d\u2019amende.<\/p>\n","protected":false},"excerpt":{"rendered":"<p>Les conducteurs du p\u00e9riph\u00e9rique parisien vont une nouvelle fois devoir s&rsquo;habituer \u00e0 des r\u00e8gles suppl\u00e9mentaires. Apr\u00e8s la r\u00e9cente r\u00e9duction de la vitesse, ainsi que la r\u00e9duction du nombre de voies, un arr\u00eat\u00e9 municipal et pr\u00e9fectoral pr\u00e9voit maintenant la mise en place d\u2019une voie r\u00e9serv\u00e9e &#8230; au covoiturage ! Selon&nbsp;le Parisien, cette mesure, qui avait \u00e9t\u00e9 [&hellip;]<\/p>\n","protected":false},"author":2,"featured_media":32962,"comment_status":"open","ping_status":"open","sticky":false,"template":"","format":"standard","meta":{"_jetpack_memberships_contains_paid_content":false,"footnotes":"","jetpack_publicize_message":"","jetpack_publicize_feature_enabled":true,"jetpack_social_post_already_shared":true,"jetpack_social_options":{"image_generator_settings":{"template":"highway","enabled":true,"token":"eyJpbWciOiJodHRwczpcL1wvd3d3LmljZWFnZXR2LmNvbVwvcmFkaW9zaXRlXC93cC1jb250ZW50XC91cGxvYWRzXC8yMDI1XC8wMlwvMTgwOTQ3LnBuZyIsInR4dCI6IlBcdTAwZTlyaXBoXHUwMGU5cmlxdWUgcGFyaXNpZW4gOiBBcHJcdTAwZThzIGF2b2lyIGxpbWl0XHUwMGU5IGxhIHZpdGVzc2UgXHUwMGUwIDUwa21cL2gsIHVuZSB2b2llIHNlcmEgZFx1MDBlOXNvcm1haXMgclx1MDBlOXNlcnZcdTAwZTllIGF1IGNvdm9pdHVyYWdlLCBhdXggYnVzIGV0IGF1eCB0YXhpcyBcdTAwZTAgcGFydGlyIGR1IDMgbWFycyIsInRlbXBsYXRlIjoiaGlnaHdheSIsImJsb2dfaWQiOjExMTAxNjQ2MX0.uQkgFcrON5OFzhWkwHQrG3z45hdFR2TnKk4ZeBGPJW0MQ"},"version":2},"_wpas_customize_per_network":false},"categories":[405],"tags":[],"class_list":["post-32961","post","type-post","status-publish","format-standard","has-post-thumbnail","hentry","category-actu-france-monde"],"jetpack_publicize_connections":[],"jetpack_featured_media_url":"https:\/\/i0.wp.com\/www.iceagetv.com\/radiosite\/wp-content\/uploads\/2025\/02\/180947.png?fit=611%2C267&ssl=1","jetpack_sharing_enabled":true,"_links":{"self":[{"href":"https:\/\/www.iceagetv.com\/radiosite\/wp-json\/wp\/v2\/posts\/32961","targetHints":{"allow":["GET"]}}],"collection":[{"href":"https:\/\/www.iceagetv.com\/radiosite\/wp-json\/wp\/v2\/posts"}],"about":[{"href":"https:\/\/www.iceagetv.com\/radiosite\/wp-json\/wp\/v2\/types\/post"}],"author":[{"embeddable":true,"href":"https:\/\/www.iceagetv.com\/radiosite\/wp-json\/wp\/v2\/users\/2"}],"replies":[{"embeddable":true,"href":"https:\/\/www.iceagetv.com\/radiosite\/wp-json\/wp\/v2\/comments?post=32961"}],"version-history":[{"count":1,"href":"https:\/\/www.iceagetv.com\/radiosite\/wp-json\/wp\/v2\/posts\/32961\/revisions"}],"predecessor-version":[{"id":32963,"href":"https:\/\/www.iceagetv.com\/radiosite\/wp-json\/wp\/v2\/posts\/32961\/revisions\/32963"}],"wp:featuredmedia":[{"embeddable":true,"href":"https:\/\/www.iceagetv.com\/radiosite\/wp-json\/wp\/v2\/media\/32962"}],"wp:attachment":[{"href":"https:\/\/www.iceagetv.com\/radiosite\/wp-json\/wp\/v2\/media?parent=32961"}],"wp:term":[{"taxonomy":"category","embeddable":true,"href":"https:\/\/www.iceagetv.com\/radiosite\/wp-json\/wp\/v2\/categories?post=32961"},{"taxonomy":"post_tag","embeddable":true,"href":"https:\/\/www.iceagetv.com\/radiosite\/wp-json\/wp\/v2\/tags?post=32961"}],"curies":[{"name":"wp","href":"https:\/\/api.w.org\/{rel}","templated":true}]}}