{"id":32971,"date":"2025-02-04T08:30:04","date_gmt":"2025-02-04T07:30:04","guid":{"rendered":"https:\/\/www.iceagetv.com\/radiosite\/?p=32971"},"modified":"2025-02-04T08:30:08","modified_gmt":"2025-02-04T07:30:08","slug":"budget-francois-bayrou-a-t-il-eu-raison-de-declencher-le-49-3","status":"publish","type":"post","link":"https:\/\/www.iceagetv.com\/radiosite\/budget-francois-bayrou-a-t-il-eu-raison-de-declencher-le-49-3\/","title":{"rendered":"Budget : Fran\u00e7ois Bayrou a-t-il eu raison de d\u00e9clencher le 49.3 ?"},"content":{"rendered":"\n<p class=\"\"><strong>Le Premier ministre a d\u00e9gain\u00e9, lundi 3 f\u00e9vrier, ses premiers 49.3. Le premier pour faire adopter le budget de l\u2019\u00c9tat, le deuxi\u00e8me pour la premi\u00e8re partie de celui sur la S\u00e9curit\u00e9 sociale. Selon vous, le locataire de Matignon a-t-il eu raison d\u2019avoir recours \u00e0 cette disposition de la Constitution ?<\/strong><\/p>\n\n\n\n<p class=\"\"><em>\u00ab\u00a0Un pays comme le n\u00f4tre ne peut pas rester sans budget. Le seul moyen, c&rsquo;est d&rsquo;engager la responsabilit\u00e9 du gouvernement\u00a0\u00bb<\/em>. Comme annonc\u00e9 dans&nbsp;<a href=\"https:\/\/www.latribune.fr\/la-tribune-dimanche\/politique\/francois-bayrou-lundi-j-engagerai-la-responsabilite-du-gouvernement-sur-le-budget-1017339.html\" target=\"_blank\" rel=\"noreferrer noopener\"><em>La Tribune Dimanche<\/em><\/a>&nbsp;la veille, le locataire de Matignon a d\u00e9gain\u00e9, lundi 3 f\u00e9vrier,&nbsp;<a href=\"https:\/\/actu.orange.fr\/politique\/budget-2025-francois-bayrou-a-degaine-ses-premiers-49-3-magic-CNT000002hkx4Y.html\">ses premiers 49.3.<\/a>&nbsp;Le premier pour faire adopter le budget de l\u2019\u00c9tat, le deuxi\u00e8me pour la premi\u00e8re partie de celui sur la S\u00e9curit\u00e9 sociale.<\/p>\n\n\n\n<p class=\"\"><em>\u00ab\u00a0Nous voici \u00e0 l\u2019heure de v\u00e9rit\u00e9\u00a0\u00bb<\/em>, a d\u2019abord d\u00e9clar\u00e9 Fran\u00e7ois Bayrou, lundi, depuis l&rsquo;Assembl\u00e9e nationale.&nbsp;<em>\u00ab\u00a0Est-ce que ce budget est parfait ? Non\u00a0\u00bb<\/em>, a-t-il reconnu. Mais&nbsp;<em>\u00ab\u00a0nous sommes d\u00e9sormais tous ensemble devant notre devoir\u00a0\u00bb<\/em>, a-t-il insist\u00e9 devant les d\u00e9put\u00e9s du palais Bourbon, appelant \u00e0 un&nbsp;<em>\u00ab\u00a0signal de responsabilit\u00e9, de stabilit\u00e9\u00a0\u00bb<\/em>&nbsp;envers les citoyens fran\u00e7ais.<\/p>\n\n\n\n<p class=\"\"><strong><em>\u00ab\u00a0Ce gouvernement ill\u00e9gitime doit tomber\u00a0\u00bb<\/em>, selon LFI<\/strong><\/p>\n\n\n\n<p class=\"\">Avant que le Premier ministre ne d\u00e9clenche un deuxi\u00e8me 49.3 sur la premi\u00e8re partie du projet de loi de financement de la S\u00e9curit\u00e9 sociale (PLFSS), la ministre du Travail, de la Sant\u00e9 et de la Solidarit\u00e9 Catherine Vautrin&nbsp;<a href=\"https:\/\/actu.orange.fr\/societe\/sante\/budget-de-la-securite-sociale-catherine-vautrin-defend-un-texte-qui-cherche-a-rassembler-magic-CNT000002hkxPd.html\">a d\u00e9fendu un texte&nbsp;<em>\u00ab\u00a0qui cherche \u00e0 rassembler\u00a0\u00bb<\/em><\/a>. Le gouvernement a<em>&nbsp;\u00ab\u00a0\u00e9cout\u00e9 chacun des dix groupes politiques repr\u00e9sent\u00e9s \u00e0 l&rsquo;Assembl\u00e9e et \u00e9galement ceux du S\u00e9nat qui ont accept\u00e9 de nous rencontrer\u00a0\u00bb<\/em>, a-t-elle insist\u00e9.<em>&nbsp;\u00ab\u00a0Nous avons pris en compte vos priorit\u00e9s pour proposer un texte qui permet \u00e0 la S\u00e9curit\u00e9 sociale, notre bien commun, de fonctionner au mieux en 2025\u00a0\u00bb<\/em>, a aussi soulign\u00e9 la ministre.<\/p>\n\n\n\n<p class=\"\">Apr\u00e8s ces recours au 49.3 de Fran\u00e7ois Bayrou et comme annonc\u00e9 depuis longtemps, La France insoumise a d\u00e9pos\u00e9 deux motions de censure que devraient voter les \u00e9cologistes et les communistes.&nbsp;<em>\u00ab\u00a0Ce gouvernement ill\u00e9gitime doit tomber\u00a0\u00bb<\/em>, a notamment d\u00e9clar\u00e9 LFI sur X. Le Parti socialiste a lui annonc\u00e9 qu\u2019il ne voterait pas ladite motion.&nbsp;<em>\u00ab\u00a0Ce budget n&rsquo;est pas un bon budget. Pour autant, il faut un budget pour la France\u00a0\u00bb<\/em>, a ainsi estim\u00e9 le d\u00e9put\u00e9 et porte-parole du PS Arthur Delaporte.<\/p>\n","protected":false},"excerpt":{"rendered":"<p>Le Premier ministre a d\u00e9gain\u00e9, lundi 3 f\u00e9vrier, ses premiers 49.3. Le premier pour faire adopter le budget de l\u2019\u00c9tat, le deuxi\u00e8me pour la premi\u00e8re partie de celui sur la S\u00e9curit\u00e9 sociale. Selon vous, le locataire de Matignon a-t-il eu raison d\u2019avoir recours \u00e0 cette disposition de la Constitution ? \u00ab\u00a0Un pays comme le n\u00f4tre [&hellip;]<\/p>\n","protected":false},"author":2,"featured_media":32972,"comment_status":"open","ping_status":"open","sticky":false,"template":"","format":"standard","meta":{"_jetpack_memberships_contains_paid_content":false,"footnotes":"","jetpack_publicize_message":"","jetpack_publicize_feature_enabled":true,"jetpack_social_post_already_shared":true,"jetpack_social_options":{"image_generator_settings":{"template":"highway","enabled":true,"token":"eyJpbWciOiJodHRwczpcL1wvd3d3LmljZWFnZXR2LmNvbVwvcmFkaW9zaXRlXC93cC1jb250ZW50XC91cGxvYWRzXC8yMDI1XC8wMlwvMDgyOTEyLnBuZyIsInR4dCI6IkJ1ZGdldCA6IEZyYW5cdTAwZTdvaXMgQmF5cm91IGEtdC1pbCBldSByYWlzb24gZGUgZFx1MDBlOWNsZW5jaGVyIGxlIDQ5LjMgPyIsInRlbXBsYXRlIjoiaGlnaHdheSIsImJsb2dfaWQiOjExMTAxNjQ2MX0.1glgPRNgN_m4hTxSH8Y570c5sR_2q-T3-BmCafAqgjIMQ"},"version":2},"_wpas_customize_per_network":false},"categories":[405],"tags":[],"class_list":["post-32971","post","type-post","status-publish","format-standard","has-post-thumbnail","hentry","category-actu-france-monde"],"jetpack_publicize_connections":[],"jetpack_featured_media_url":"https:\/\/i0.wp.com\/www.iceagetv.com\/radiosite\/wp-content\/uploads\/2025\/02\/082912.png?fit=772%2C267&ssl=1","jetpack_sharing_enabled":true,"_links":{"self":[{"href":"https:\/\/www.iceagetv.com\/radiosite\/wp-json\/wp\/v2\/posts\/32971","targetHints":{"allow":["GET"]}}],"collection":[{"href":"https:\/\/www.iceagetv.com\/radiosite\/wp-json\/wp\/v2\/posts"}],"about":[{"href":"https:\/\/www.iceagetv.com\/radiosite\/wp-json\/wp\/v2\/types\/post"}],"author":[{"embeddable":true,"href":"https:\/\/www.iceagetv.com\/radiosite\/wp-json\/wp\/v2\/users\/2"}],"replies":[{"embeddable":true,"href":"https:\/\/www.iceagetv.com\/radiosite\/wp-json\/wp\/v2\/comments?post=32971"}],"version-history":[{"count":1,"href":"https:\/\/www.iceagetv.com\/radiosite\/wp-json\/wp\/v2\/posts\/32971\/revisions"}],"predecessor-version":[{"id":32973,"href":"https:\/\/www.iceagetv.com\/radiosite\/wp-json\/wp\/v2\/posts\/32971\/revisions\/32973"}],"wp:featuredmedia":[{"embeddable":true,"href":"https:\/\/www.iceagetv.com\/radiosite\/wp-json\/wp\/v2\/media\/32972"}],"wp:attachment":[{"href":"https:\/\/www.iceagetv.com\/radiosite\/wp-json\/wp\/v2\/media?parent=32971"}],"wp:term":[{"taxonomy":"category","embeddable":true,"href":"https:\/\/www.iceagetv.com\/radiosite\/wp-json\/wp\/v2\/categories?post=32971"},{"taxonomy":"post_tag","embeddable":true,"href":"https:\/\/www.iceagetv.com\/radiosite\/wp-json\/wp\/v2\/tags?post=32971"}],"curies":[{"name":"wp","href":"https:\/\/api.w.org\/{rel}","templated":true}]}}