{"id":32982,"date":"2025-02-04T13:11:44","date_gmt":"2025-02-04T12:11:44","guid":{"rendered":"https:\/\/www.iceagetv.com\/radiosite\/?p=32982"},"modified":"2025-02-04T13:11:47","modified_gmt":"2025-02-04T12:11:47","slug":"gare-dausterlitz-mort-de-lhomme-qui-avait-menace-des-agents-de-surete-de-la-sncf-avec-une-arme","status":"publish","type":"post","link":"https:\/\/www.iceagetv.com\/radiosite\/gare-dausterlitz-mort-de-lhomme-qui-avait-menace-des-agents-de-surete-de-la-sncf-avec-une-arme\/","title":{"rendered":"Gare d\u2019Austerlitz\u00a0: mort de l\u2019homme qui avait menac\u00e9 des agents de s\u00fbret\u00e9 de la SNCF avec une arme"},"content":{"rendered":"\n<p class=\"\">L\u2019individu, touch\u00e9 \u00e0 l\u2019aine, avait menac\u00e9 des agents avec une arme factice, alors qu\u2019il \u00e9tait contr\u00f4l\u00e9 pour avoir tagu\u00e9 une croix gamm\u00e9e dans la gare parisienne\u00a0D\u00e9c\u00e8s confirm\u00e9. Arr\u00eat\u00e9 lundi dans la gare d\u2019Austerlitz, dans le XIIIe arrondissement de Paris, l\u2019homme qui avait menac\u00e9 des agents de la SUGE avec une arme, qui s\u2019est av\u00e9r\u00e9e plus tard \u00eatre factice, a \u00e9t\u00e9 d\u00e9clar\u00e9 mort lundi soir, indique ce mardi 4\u00a0f\u00e9vrier le parquet de Paris au<em>\u00a0HuffPost<\/em>.<em>Le d\u00e9c\u00e8s de la personne touch\u00e9e \u00e0 l\u2019aine a \u00e9t\u00e9 constat\u00e9 \u00e0 l\u2019h\u00f4pital peu avant 22\u00a0heures<\/em>\u00a0\u00bb, est-il pr\u00e9cis\u00e9. Les\u00a0<a href=\"https:\/\/www.huffingtonpost.fr\/france\/article\/perturbations-sncf-le-soir-de-noel-quel-est-ce-dispositif-qui-a-permis-au-train-sans-conducteur-de-s-arreter_244016.html\">agents de la SNCF<\/a>\u00a0l\u2019avaient contr\u00f4l\u00e9 lundi, en d\u00e9but d\u2019apr\u00e8s-midi, alors qu\u2019il taguait une croix gamm\u00e9e dans l\u2019enceinte de la gare parisienne. Lors du contr\u00f4le, celui-ci avait sorti une arme et menac\u00e9 l\u2019\u00e9quipage. Le suspect n\u2019ayant\u00a0<em>\u00ab\u00a0pas obtemp\u00e9r\u00e9 aux injonctions qui lui \u00e9taient faites de la l\u00e2cher\u00a0\u00bb<\/em>, selon le parquet, un agent de la Suge (Surveillance g\u00e9n\u00e9rale de la SNCF) a fait usage de son arme \u00e0 plusieurs reprises.Le parquet de Paris a annonc\u00e9 dans le m\u00eame temps la lev\u00e9e de la garde \u00e0 vue de l\u2019agent de s\u00fbret\u00e9 ce mardi matin. Les t\u00e9moignages ayant confirm\u00e9<em>&nbsp;\u00ab&nbsp;les gestes d\u00e9crits et les multiples sommations des agents de la SUGE avant les tirs&nbsp;\u00bb.<\/em><\/p>\n\n\n\n<p class=\"\">Pour ces faux, deux enqu\u00eates confi\u00e9es \u00e0 la police judiciaire avaient \u00e9t\u00e9 ouvertes lundi. La premi\u00e8re portait sur les&nbsp;<em>\u00ab&nbsp;violences&nbsp;sur&nbsp;personne d\u00e9positaire de l\u2019autorit\u00e9 publique ou charg\u00e9e de mission de service public&nbsp;\u00bb<\/em>, l\u2019autre sur les&nbsp;<em>\u00ab&nbsp;violences avec arme&nbsp;par&nbsp;personne d\u00e9positaire de l\u2019autorit\u00e9 publique ou charg\u00e9e de mission de service public&nbsp;\u00bb<\/em>. \u00ab&nbsp;<em>Les faits de violences avec arme par personne d\u00e9positaire de l\u2019autorit\u00e9 publique ont donc \u00e9t\u00e9 requalifi\u00e9s comme ayant entra\u00een\u00e9 la mort<\/em>&nbsp;\u00bb, a donc fait savoir le parquet ce mardi.<\/p>\n\n\n\n<p class=\"\">Lors de sa prise en charge par les secours, l\u2019individu auteur des tags \u00e9tait initialement d\u00e9crit comme&nbsp;<em>\u00ab&nbsp;gri\u00e8vement bless\u00e9&nbsp;\u00bb<\/em>&nbsp;avec&nbsp;<em>\u00ab&nbsp;un pronostic vital engag\u00e9&nbsp;\u00bb<\/em>, avant qu\u2019il ne soit<em>&nbsp;\u00ab&nbsp;d\u00e9clar\u00e9 en \u00e9tat de mort c\u00e9r\u00e9brale&nbsp;\u00bb&nbsp;<\/em>en d\u00e9but de soir\u00e9e.&nbsp;<a href=\"https:\/\/www.francebleu.fr\/infos\/faits-divers-justice\/gare-d-austerlitz-l-homme-touche-par-un-tir-d-un-agent-de-la-surete-ferroviaire-est-mort-3085025\" target=\"_blank\" rel=\"noreferrer noopener\">Ici<\/a>&nbsp;et&nbsp;<a href=\"https:\/\/www.bfmtv.com\/paris\/tirs-a-la-gare-d-austerlitz-l-homme-neutralise-par-la-surete-ferroviaire-est-mort_AN-202502040373.html\" target=\"_blank\" rel=\"noreferrer noopener\">BFMTV<\/a>&nbsp;le pr\u00e9sentent comme un homme d\u2019origine syrienne, \u00e2g\u00e9 de 46&nbsp;ans et domicili\u00e9 \u00e0 Paris.<\/p>\n","protected":false},"excerpt":{"rendered":"<p>L\u2019individu, touch\u00e9 \u00e0 l\u2019aine, avait menac\u00e9 des agents avec une arme factice, alors qu\u2019il \u00e9tait contr\u00f4l\u00e9 pour avoir tagu\u00e9 une croix gamm\u00e9e dans la gare parisienne\u00a0D\u00e9c\u00e8s confirm\u00e9. Arr\u00eat\u00e9 lundi dans la gare d\u2019Austerlitz, dans le XIIIe arrondissement de Paris, l\u2019homme qui avait menac\u00e9 des agents de la SUGE avec une arme, qui s\u2019est av\u00e9r\u00e9e plus [&hellip;]<\/p>\n","protected":false},"author":2,"featured_media":32983,"comment_status":"open","ping_status":"open","sticky":false,"template":"","format":"standard","meta":{"_jetpack_memberships_contains_paid_content":false,"footnotes":"","jetpack_publicize_message":"","jetpack_publicize_feature_enabled":true,"jetpack_social_post_already_shared":true,"jetpack_social_options":{"image_generator_settings":{"template":"highway","enabled":true,"token":"eyJpbWciOiJodHRwczpcL1wvd3d3LmljZWFnZXR2LmNvbVwvcmFkaW9zaXRlXC93cC1jb250ZW50XC91cGxvYWRzXC8yMDI1XC8wMlwvMTMxMDU2LnBuZyIsInR4dCI6IkdhcmUgZFx1MjAxOUF1c3RlcmxpdHpcdTAwYTA6IG1vcnQgZGUgbFx1MjAxOWhvbW1lIHF1aSBhdmFpdCBtZW5hY1x1MDBlOSBkZXMgYWdlbnRzIGRlIHNcdTAwZmJyZXRcdTAwZTkgZGUgbGEgU05DRiBhdmVjIHVuZSBhcm1lIiwidGVtcGxhdGUiOiJoaWdod2F5IiwiYmxvZ19pZCI6MTExMDE2NDYxfQ.T78rhV-E4jrqshM6hMsHocTgslBNADnYbeSoI7ZUslcMQ"},"version":2},"_wpas_customize_per_network":false},"categories":[405],"tags":[],"class_list":["post-32982","post","type-post","status-publish","format-standard","has-post-thumbnail","hentry","category-actu-france-monde"],"jetpack_publicize_connections":[],"jetpack_featured_media_url":"https:\/\/i0.wp.com\/www.iceagetv.com\/radiosite\/wp-content\/uploads\/2025\/02\/131056.png?fit=783%2C427&ssl=1","jetpack_sharing_enabled":true,"_links":{"self":[{"href":"https:\/\/www.iceagetv.com\/radiosite\/wp-json\/wp\/v2\/posts\/32982","targetHints":{"allow":["GET"]}}],"collection":[{"href":"https:\/\/www.iceagetv.com\/radiosite\/wp-json\/wp\/v2\/posts"}],"about":[{"href":"https:\/\/www.iceagetv.com\/radiosite\/wp-json\/wp\/v2\/types\/post"}],"author":[{"embeddable":true,"href":"https:\/\/www.iceagetv.com\/radiosite\/wp-json\/wp\/v2\/users\/2"}],"replies":[{"embeddable":true,"href":"https:\/\/www.iceagetv.com\/radiosite\/wp-json\/wp\/v2\/comments?post=32982"}],"version-history":[{"count":1,"href":"https:\/\/www.iceagetv.com\/radiosite\/wp-json\/wp\/v2\/posts\/32982\/revisions"}],"predecessor-version":[{"id":32984,"href":"https:\/\/www.iceagetv.com\/radiosite\/wp-json\/wp\/v2\/posts\/32982\/revisions\/32984"}],"wp:featuredmedia":[{"embeddable":true,"href":"https:\/\/www.iceagetv.com\/radiosite\/wp-json\/wp\/v2\/media\/32983"}],"wp:attachment":[{"href":"https:\/\/www.iceagetv.com\/radiosite\/wp-json\/wp\/v2\/media?parent=32982"}],"wp:term":[{"taxonomy":"category","embeddable":true,"href":"https:\/\/www.iceagetv.com\/radiosite\/wp-json\/wp\/v2\/categories?post=32982"},{"taxonomy":"post_tag","embeddable":true,"href":"https:\/\/www.iceagetv.com\/radiosite\/wp-json\/wp\/v2\/tags?post=32982"}],"curies":[{"name":"wp","href":"https:\/\/api.w.org\/{rel}","templated":true}]}}