{"id":32985,"date":"2025-02-04T16:38:46","date_gmt":"2025-02-04T15:38:46","guid":{"rendered":"https:\/\/www.iceagetv.com\/radiosite\/?p=32985"},"modified":"2025-02-04T16:38:48","modified_gmt":"2025-02-04T15:38:48","slug":"suede-lauteur-presume-des-tirs-dans-une-ecole-fait-partie-des-cinq-personnes-blessees-qui-sont-actuellement-hospitalisees-une-operation-de-police-en-cours","status":"publish","type":"post","link":"https:\/\/www.iceagetv.com\/radiosite\/suede-lauteur-presume-des-tirs-dans-une-ecole-fait-partie-des-cinq-personnes-blessees-qui-sont-actuellement-hospitalisees-une-operation-de-police-en-cours\/","title":{"rendered":"Su\u00e8de: L&rsquo;auteur pr\u00e9sum\u00e9 des tirs dans une \u00e9cole fait partie des cinq personnes bless\u00e9es qui sont actuellement hospitalis\u00e9es &#8211; Une op\u00e9ration de police en cours"},"content":{"rendered":"\n<p class=\"\"><strong>&nbsp;<\/strong>Roberto Eid Forest, chef de la police d&rsquo;Orebr\u00f6, indique lors d&rsquo;une conf\u00e9rence de presse que l&rsquo;auteur pr\u00e9sum\u00e9 des tirs dans un centre d&rsquo;enseignement pour jeunes adultes, dans la ville d&rsquo;\u00d6rebr\u00f6, fait partie des cinq bless\u00e9s.<\/p>\n\n\n\n<p class=\"\">Et d&rsquo;ajouter que la possibilit\u00e9 d&rsquo;autres suspects n&rsquo;est pas exclue.\u00a0\u00ab\u00a0L&rsquo;une des personnes bless\u00e9es est une personne que nous soup\u00e7onnons d&rsquo;\u00eatre l&rsquo;agresseur\u00a0\u00bb, a-t-il d\u00e9clar\u00e9.<strong>\u00a0Une personne soup\u00e7onn\u00e9e d&rsquo;\u00eatre l&rsquo;auteur des coups de feu est actuellement hospitalis\u00e9e, annonce la police su\u00e9doise. Elle fait partie des cinq bless\u00e9s \u00e9voqu\u00e9s plus t\u00f4t, apr\u00e8s les tirs dans un \u00e9tablissement scolaire d&rsquo;\u00d6rebro.<\/strong><strong>Le point sur ce que l&rsquo;on sait<\/strong><\/p>\n\n\n\n<p class=\"\">Cinq personnes ont \u00e9t\u00e9 bless\u00e9es mardi par des tirs dans une \u00e9cole de la ville d&rsquo;\u00d6rebro, \u00e0 200 km \u00e0 l&rsquo;ouest de Stockholm, a annonc\u00e9 la police su\u00e9doise qui a exhort\u00e9 la population \u00e0 rester \u00e0 l&rsquo;\u00e9cart de la zone.<\/p>\n\n\n\n<p class=\"\">Les images de la sc\u00e8ne montrent une tr\u00e8s importante pr\u00e9sence polici\u00e8re et de nombreuses ambulances et v\u00e9hicules d&rsquo;urgence \u00e0 l&rsquo;ext\u00e9rieur de l&rsquo;\u00e9cole.<\/p>\n\n\n\n<p class=\"\">Selon les m\u00e9dias locaux, les tirs se sont produits dans un centre d&rsquo;enseignement pour adultes baptis\u00e9 Campus Risbergska.<\/p>\n\n\n\n<p class=\"\">Plusieurs m\u00e9dias dont l&rsquo;agence de presse su\u00e9doise TT rapportent que le tireur pr\u00e9sum\u00e9 a retourn\u00e9 l&rsquo;arme contre lui, mais la police n&rsquo;a pas confirm\u00e9 cette information.<\/p>\n\n\n\n<p class=\"\">\u00ab\u00a0L&rsquo;\u00e9tat des bless\u00e9s n&rsquo;est pas clair. L&rsquo;op\u00e9ration est toujours en cours\u00a0\u00bb, a indiqu\u00e9 la police.<\/p>\n\n\n\n<p class=\"\">La police avait d&rsquo;abord \u00e9voqu\u00e9 quatre bless\u00e9s, puis cinq, sans d\u00e9crire les circonstances de la fusillade. Quatre personnes ont \u00e9t\u00e9 admises \u00e0 l&rsquo;h\u00f4pital, ont indiqu\u00e9 les services de sant\u00e9 de la ville sur leur site internet sans donner de d\u00e9tails.<\/p>\n\n\n\n<p class=\"\">Les \u00e9l\u00e8ves des \u00e9coles voisines et de l&rsquo;\u00e9cole en question ont \u00e9t\u00e9 confin\u00e9s \u00ab\u00a0pour des raisons de s\u00e9curit\u00e9\u00a0\u00bb, a pr\u00e9cis\u00e9 la police.<\/p>\n\n\n\n<p class=\"\">L&rsquo;un des enseignants a racont\u00e9 qu&rsquo;il \u00e9tait dans l&rsquo;\u00e9tablissement quand il a entendu les tirs.<\/p>\n\n\n\n<p class=\"\">\u00ab\u00a0J&rsquo;ai entendu des coups de feu, je me suis donc barricad\u00e9 et j&rsquo;attends des nouvelles. Nous avons d\u00e9clench\u00e9 une alarme dans l&rsquo;application de s\u00e9curit\u00e9 et je communique avec mes coll\u00e8gues\u00a0\u00bb, a t\u00e9moign\u00e9 Petter Kraftling aupr\u00e8s du site internet du syndicat des enseignants su\u00e9dois &lsquo;Vi l\u00e4rare&rsquo;.<\/p>\n\n\n\n<p class=\"\">\u00ab\u00a0Les informations faisant \u00e9tat de violences \u00e0 \u00d6rebro sont tr\u00e8s s\u00e9rieuses. La police est sur place et l&rsquo;op\u00e9ration bat son plein. Le gouvernement est en contact \u00e9troit avec la police et suit de pr\u00e8s l&rsquo;\u00e9volution de la situation\u00a0\u00bb, a d\u00e9clar\u00e9 le ministre de la Justice, Gunnar Str\u00f6mmer aupr\u00e8s de la t\u00e9l\u00e9vision publique SVT.<\/p>\n\n\n\n<p class=\"\">Dans une mise \u00e0 jour peu apr\u00e8s 14h00 (1300 GMT), la police a soulign\u00e9 que \u00ab\u00a0le danger n&rsquo;est pas \u00e9cart\u00e9\u00a0\u00bb. Le public DOIT rester \u00e0 l&rsquo;\u00e9cart\u00a0\u00bb. Elle a pr\u00e9cis\u00e9 qu&rsquo;aucun policier n&rsquo;avait \u00e9t\u00e9 touch\u00e9 par des tirs.<\/p>\n\n\n\n<p class=\"\">La police doit tenir une conf\u00e9rence de presse \u00e0 15h30 (14h30 GMT).<\/p>\n\n\n\n<p class=\"\">Une enqu\u00eate est en cours pour \u00ab\u00a0tentative de meurtre, incendie criminel et infraction aggrav\u00e9e \u00e0 la l\u00e9gislation sur les armes\u00a0\u00bb.<\/p>\n\n\n\n<p class=\"\">Les \u00e9coles sont relativement \u00e9pargn\u00e9es par les violences en Su\u00e8de, qui a en revanche connu ces derni\u00e8res ann\u00e9es dans des quartiers des fusillades et des explosions d&rsquo;engins artisanaux, qui tuent des dizaines de personnes chaque ann\u00e9e.<\/p>\n\n\n\n<p class=\"\">Plusieurs incidents graves ont eu lieu dans des \u00e9coles ces derni\u00e8res ann\u00e9es.<\/p>\n\n\n\n<p class=\"\">En mars 2022, un \u00e9l\u00e8ve de 18 ans a poignard\u00e9 \u00e0 mort deux enseignants dans un lyc\u00e9e de la ville de Malm\u00f6, dans le sud du pays.<\/p>\n\n\n\n<p class=\"\">Deux mois plus t\u00f4t, un jeune de 16 ans a \u00e9t\u00e9 arr\u00eat\u00e9 apr\u00e8s avoir bless\u00e9 un autre \u00e9l\u00e8ve et un enseignant avec un couteau dans une \u00e9cole de la petite ville de Kristianstad.<\/p>\n\n\n\n<p class=\"\">En octobre 2015, trois personnes ont \u00e9t\u00e9 tu\u00e9es lors d&rsquo;une attaque \u00e0 caract\u00e8re raciste dans une \u00e9cole de la ville de Trollh\u00e4ttan, dans l&rsquo;ouest du pays, par un assaillant arm\u00e9 d&rsquo;un sabre, qui a ensuite \u00e9t\u00e9 tu\u00e9 par la police.Cinq personnes ont \u00e9t\u00e9 bless\u00e9es par balles, confirme le porte-parole de la police Gabriel Henning,&nbsp;cit\u00e9 par le m\u00e9dia&nbsp;Aftonbladet. Une op\u00e9ration de police de grande ampleur est toujours en cours dans un \u00e9tablissement scolaire d&rsquo;\u00d6rebro (Su\u00e8de).<\/p>\n\n\n\n<p class=\"\"><strong>14h45:&nbsp;<\/strong>Les \u00e9coles sont relativement \u00e9pargn\u00e9es par les violences en Su\u00e8de, qui a en revanche connu ces derni\u00e8res ann\u00e9es des fusillades et des explosions d\u2019engins artisanaux, qui tuent des dizaines de personnes chaque ann\u00e9e. Plusieurs incidents graves ont eu lieu dans des \u00e9coles ces derni\u00e8res ann\u00e9es.<\/p>\n\n\n\n<p class=\"\">En mars 2022, un \u00e9l\u00e8ve de 18 ans a poignard\u00e9 \u00e0 mort deux enseignants dans un lyc\u00e9e de la ville de Malm\u00f6, dans le sud du pays.<\/p>\n\n\n\n<p class=\"\">Deux mois plus t\u00f4t, un jeune de 16 ans a \u00e9t\u00e9 arr\u00eat\u00e9 apr\u00e8s avoir bless\u00e9 un autre \u00e9l\u00e8ve et un enseignant avec un couteau dans une \u00e9cole de la petite ville de Kristianstad.<\/p>\n\n\n\n<p class=\"\">En octobre 2015, trois personnes ont \u00e9t\u00e9 tu\u00e9es lors d\u2019une attaque \u00e0 caract\u00e8re raciste dans une \u00e9cole de la ville de Trollhattan, dans l\u2019ouest du pays, par un assaillant arm\u00e9 d\u2019un sabre, qui a ensuite \u00e9t\u00e9 tu\u00e9 par la police.<strong>Le point sur ce que l&rsquo;on sait<\/strong><\/p>\n\n\n\n<p class=\"\">Cinq personnes ont \u00e9t\u00e9 bless\u00e9es mardi par des tirs dans une \u00e9cole de la ville d\u2019\u00d6rebro, \u00e0 200 km \u00e0 l\u2019ouest de Stockholm, a annonc\u00e9 la police su\u00e9doise qui a exhort\u00e9 la population \u00e0 rester \u00e0 l\u2019\u00e9cart de la zone.<\/p>\n\n\n\n<p class=\"\">\u00ab&nbsp;Une fusillade s\u2019est produite \u00e0 l\u2019\u00e9cole. Quatre personnes ont \u00e9t\u00e9 touch\u00e9es. Leur \u00e9tat n\u2019est pas clair. L\u2019op\u00e9ration est toujours en cours&nbsp;\u00bb, a indiqu\u00e9 la police sur son site qui a ensuite fait \u00e9tat d\u2019une cinqui\u00e8me personne touch\u00e9e, les m\u00e9dias locaux faisant \u00e9tat d\u2019un tr\u00e8s important dispositif policier.<\/p>\n\n\n\n<p class=\"\">\u00ab&nbsp;Le danger n\u2019est pas \u00e9cart\u00e9. Le public doit continuer \u00e0 se tenir \u00e0 l\u2019\u00e9cart de V\u00e4sthaga&nbsp;\u00bb, le quartier o\u00f9 les tirs se sont produits, a-t-elle pr\u00e9cis\u00e9 \u00e0 14H10 locales.<\/p>\n\n\n\n<p class=\"\">Les m\u00e9dias locaux montraient la pr\u00e9sence de policiers arm\u00e9s autour d\u2019un b\u00e2timent du quartier.<\/p>\n\n\n\n<p class=\"\">Selon le quotidien Aftonbladet, des tirs \u00e0 l\u2019arme automatique ont \u00e9t\u00e9 entendus et les urgences de l\u2019h\u00f4pital de la ville ont \u00e9t\u00e9 r\u00e9organis\u00e9es pour faire de la place pour des bless\u00e9s.<\/p>\n\n\n\n<p class=\"\">\u00ab&nbsp;Les informations faisant \u00e9tat de violences \u00e0 \u00d6rebro sont tr\u00e8s s\u00e9rieuses. La police est sur place et l\u2019op\u00e9ration bat son plein. Le gouvernement est en contact \u00e9troit avec la police et suit de pr\u00e8s l\u2019\u00e9volution de la situation&nbsp;\u00bb, a d\u00e9clar\u00e9 le ministre de la Justice, Gunnar Str\u00f6mmer aupr\u00e8s de la t\u00e9l\u00e9vision publique SVT.<\/p>\n","protected":false},"excerpt":{"rendered":"<p>&nbsp;Roberto Eid Forest, chef de la police d&rsquo;Orebr\u00f6, indique lors d&rsquo;une conf\u00e9rence de presse que l&rsquo;auteur pr\u00e9sum\u00e9 des tirs dans un centre d&rsquo;enseignement pour jeunes adultes, dans la ville d&rsquo;\u00d6rebr\u00f6, fait partie des cinq bless\u00e9s. Et d&rsquo;ajouter que la possibilit\u00e9 d&rsquo;autres suspects n&rsquo;est pas exclue.\u00a0\u00ab\u00a0L&rsquo;une des personnes bless\u00e9es est une personne que nous soup\u00e7onnons d&rsquo;\u00eatre [&hellip;]<\/p>\n","protected":false},"author":2,"featured_media":32986,"comment_status":"open","ping_status":"open","sticky":false,"template":"","format":"standard","meta":{"_jetpack_memberships_contains_paid_content":false,"footnotes":"","jetpack_publicize_message":"","jetpack_publicize_feature_enabled":true,"jetpack_social_post_already_shared":true,"jetpack_social_options":{"image_generator_settings":{"template":"highway","enabled":true,"token":"eyJpbWciOiJodHRwczpcL1wvd3d3LmljZWFnZXR2LmNvbVwvcmFkaW9zaXRlXC93cC1jb250ZW50XC91cGxvYWRzXC8yMDI1XC8wMlwvMTYzNzQ5LnBuZyIsInR4dCI6IlN1XHUwMGU4ZGU6IEwmIzgyMTc7YXV0ZXVyIHByXHUwMGU5c3VtXHUwMGU5IGRlcyB0aXJzIGRhbnMgdW5lIFx1MDBlOWNvbGUgZmFpdCBwYXJ0aWUgZGVzIGNpbnEgcGVyc29ubmVzIGJsZXNzXHUwMGU5ZXMgcXVpIHNvbnQgYWN0dWVsbGVtZW50IGhvc3BpdGFsaXNcdTAwZTllcyAmIzgyMTE7IFVuZSBvcFx1MDBlOXJhdGlvbiBkZSBwb2xpY2UgZW4gY291cnMiLCJ0ZW1wbGF0ZSI6ImhpZ2h3YXkiLCJibG9nX2lkIjoxMTEwMTY0NjF9.1cByyJkCIaJIRvM-81sSCxGIlTeZQsWxGheJVklSpdgMQ"},"version":2},"_wpas_customize_per_network":false},"categories":[405],"tags":[],"class_list":["post-32985","post","type-post","status-publish","format-standard","has-post-thumbnail","hentry","category-actu-france-monde"],"jetpack_publicize_connections":[],"jetpack_featured_media_url":"https:\/\/i0.wp.com\/www.iceagetv.com\/radiosite\/wp-content\/uploads\/2025\/02\/163749.png?fit=803%2C320&ssl=1","jetpack_sharing_enabled":true,"_links":{"self":[{"href":"https:\/\/www.iceagetv.com\/radiosite\/wp-json\/wp\/v2\/posts\/32985","targetHints":{"allow":["GET"]}}],"collection":[{"href":"https:\/\/www.iceagetv.com\/radiosite\/wp-json\/wp\/v2\/posts"}],"about":[{"href":"https:\/\/www.iceagetv.com\/radiosite\/wp-json\/wp\/v2\/types\/post"}],"author":[{"embeddable":true,"href":"https:\/\/www.iceagetv.com\/radiosite\/wp-json\/wp\/v2\/users\/2"}],"replies":[{"embeddable":true,"href":"https:\/\/www.iceagetv.com\/radiosite\/wp-json\/wp\/v2\/comments?post=32985"}],"version-history":[{"count":1,"href":"https:\/\/www.iceagetv.com\/radiosite\/wp-json\/wp\/v2\/posts\/32985\/revisions"}],"predecessor-version":[{"id":32987,"href":"https:\/\/www.iceagetv.com\/radiosite\/wp-json\/wp\/v2\/posts\/32985\/revisions\/32987"}],"wp:featuredmedia":[{"embeddable":true,"href":"https:\/\/www.iceagetv.com\/radiosite\/wp-json\/wp\/v2\/media\/32986"}],"wp:attachment":[{"href":"https:\/\/www.iceagetv.com\/radiosite\/wp-json\/wp\/v2\/media?parent=32985"}],"wp:term":[{"taxonomy":"category","embeddable":true,"href":"https:\/\/www.iceagetv.com\/radiosite\/wp-json\/wp\/v2\/categories?post=32985"},{"taxonomy":"post_tag","embeddable":true,"href":"https:\/\/www.iceagetv.com\/radiosite\/wp-json\/wp\/v2\/tags?post=32985"}],"curies":[{"name":"wp","href":"https:\/\/api.w.org\/{rel}","templated":true}]}}