{"id":32989,"date":"2025-02-04T16:44:39","date_gmt":"2025-02-04T15:44:39","guid":{"rendered":"https:\/\/www.iceagetv.com\/radiosite\/?p=32989"},"modified":"2025-02-04T16:44:43","modified_gmt":"2025-02-04T15:44:43","slug":"un-homme-qui-affirme-venir-du-soudan-a-attaque-les-policiers-devant-la-prefecture-de-police-de-paris-en-blessant-2-dentre-eux-et-en-criant-allah-akbar-selon-cnews-il-a-ete-place-en-garde-a-vue","status":"publish","type":"post","link":"https:\/\/www.iceagetv.com\/radiosite\/un-homme-qui-affirme-venir-du-soudan-a-attaque-les-policiers-devant-la-prefecture-de-police-de-paris-en-blessant-2-dentre-eux-et-en-criant-allah-akbar-selon-cnews-il-a-ete-place-en-garde-a-vue\/","title":{"rendered":"Un homme qui affirme venir du Soudan a attaqu\u00e9 les policiers devant la Pr\u00e9fecture de police de Paris en blessant 2 d&rsquo;entre eux et en criant \u00ab\u00a0Allah Akbar\u00a0\u00bb selon CNews &#8211; Il a \u00e9t\u00e9 plac\u00e9 en garde-\u00e0-vue\u00a0"},"content":{"rendered":"\n<p class=\"\"><strong>&nbsp;Ce que l&rsquo;on sait &#8211; Les faits se sont d\u00e9roul\u00e9s peu avant 13 heures. Trois policiers de la Brigade des r\u00e9seaux ferr\u00e9s, qui se trouvaient post\u00e9s rue de la Cit\u00e9, \u00e0 Paris, ont \u00e9t\u00e9 pris a parti par un homme qui s\u2019est dirig\u00e9 en courant vers eux, a appris Le Figaro du parquet de Paris.<\/strong><\/p>\n\n\n\n<p class=\"\"><strong>L\u2019individu, porteur d\u2019un morceau de miroir bris\u00e9, a alors tent\u00e9 de s\u2019emparer de l\u2019arme de poing rang\u00e9e \u00e0 la ceinture de l\u2019un d\u2019eux indique le quotidien.&nbsp;L&rsquo;homme qui a attaqu\u00e9 deux policiers devant la Pr\u00e9fecture de police de Paris a cri\u00e9 \u00ab\u00a0Allah akbar\u00a0\u00bb lorsqu&rsquo;il a agit , rapporte CNews<\/strong><\/p>\n\n\n\n<p class=\"\">D\u2019apr\u00e8s le minist\u00e8re public, l\u2019un des trois policiers a alors \u00e9t\u00e9 bless\u00e9 par l\u2019assaillant d\u2019un coup de poing au visage, alors qu\u2019il tentait de le ma\u00eetriser. Immobilis\u00e9 au sol, l\u2019assaillant a de nouveau essay\u00e9 de s\u2019emparer de l\u2019une des armes de service des fonctionnaires, avant que trois policiers de la pr\u00e9fecture de police n\u2019arrivent pour leur pr\u00eater main-forte.<\/p>\n\n\n\n<p class=\"\">Le parquet de Paris pr\u00e9cise que l\u2019un des policiers souffre d\u2019une coupure \u00e0 la main, et un autre d\u2019une fracture \u00e0 un doigt. Pour l\u2019heure, pr\u00e9cise-t-il, il n\u2019est pas \u00e9tabli que l\u2019individu se serait servi du morceau de miroir bris\u00e9.<\/p>\n\n\n\n<p class=\"\">Celui-ci a \u00e9t\u00e9 conduit au commissariat, o\u00f9 il sera examin\u00e9 par un m\u00e9decin psychiatre. Les investigations ont \u00e9t\u00e9 confi\u00e9es \u00e0 la direction de la police judiciaire.<strong>L&rsquo;homme qui a attaqu\u00e9 deux policiers devant la Pr\u00e9fecture de police de Paris a cri\u00e9 \u00ab\u00a0Allah akbar\u00a0\u00bb lorsqu&rsquo;il a agit , rapporte CNews<\/strong><\/p>\n","protected":false},"excerpt":{"rendered":"<p>&nbsp;Ce que l&rsquo;on sait &#8211; Les faits se sont d\u00e9roul\u00e9s peu avant 13 heures. Trois policiers de la Brigade des r\u00e9seaux ferr\u00e9s, qui se trouvaient post\u00e9s rue de la Cit\u00e9, \u00e0 Paris, ont \u00e9t\u00e9 pris a parti par un homme qui s\u2019est dirig\u00e9 en courant vers eux, a appris Le Figaro du parquet de Paris. [&hellip;]<\/p>\n","protected":false},"author":2,"featured_media":32990,"comment_status":"open","ping_status":"open","sticky":false,"template":"","format":"standard","meta":{"_jetpack_memberships_contains_paid_content":false,"footnotes":"","jetpack_publicize_message":"","jetpack_publicize_feature_enabled":true,"jetpack_social_post_already_shared":true,"jetpack_social_options":{"image_generator_settings":{"template":"highway","enabled":true,"token":"eyJpbWciOiJodHRwczpcL1wvd3d3LmljZWFnZXR2LmNvbVwvcmFkaW9zaXRlXC93cC1jb250ZW50XC91cGxvYWRzXC8yMDI1XC8wMlwvMTY0MzUyLnBuZyIsInR4dCI6IlVuIGhvbW1lIHF1aSBhZmZpcm1lIHZlbmlyIGR1IFNvdWRhbiBhIGF0dGFxdVx1MDBlOSBsZXMgcG9saWNpZXJzIGRldmFudCBsYSBQclx1MDBlOWZlY3R1cmUgZGUgcG9saWNlIGRlIFBhcmlzIGVuIGJsZXNzYW50IDIgZCYjODIxNztlbnRyZSBldXggZXQgZW4gY3JpYW50ICYjODIyMDtBbGxhaCBBa2JhciYjODIyMTsgc2Vsb24gQ05ld3MgJiM4MjExOyBJbCBhIFx1MDBlOXRcdTAwZTkgcGxhY1x1MDBlOSBlbiBnYXJkZS1cdTAwZTAtdnVlXHUwMGEwIiwidGVtcGxhdGUiOiJoaWdod2F5IiwiYmxvZ19pZCI6MTExMDE2NDYxfQ.d0XfA4vLMETlhGzHIL1k7KnIPU5zH-sxpbxPvF_SEEoMQ"},"version":2},"_wpas_customize_per_network":false},"categories":[405],"tags":[],"class_list":["post-32989","post","type-post","status-publish","format-standard","has-post-thumbnail","hentry","category-actu-france-monde"],"jetpack_publicize_connections":[],"jetpack_featured_media_url":"https:\/\/i0.wp.com\/www.iceagetv.com\/radiosite\/wp-content\/uploads\/2025\/02\/164352.png?fit=755%2C296&ssl=1","jetpack_sharing_enabled":true,"_links":{"self":[{"href":"https:\/\/www.iceagetv.com\/radiosite\/wp-json\/wp\/v2\/posts\/32989","targetHints":{"allow":["GET"]}}],"collection":[{"href":"https:\/\/www.iceagetv.com\/radiosite\/wp-json\/wp\/v2\/posts"}],"about":[{"href":"https:\/\/www.iceagetv.com\/radiosite\/wp-json\/wp\/v2\/types\/post"}],"author":[{"embeddable":true,"href":"https:\/\/www.iceagetv.com\/radiosite\/wp-json\/wp\/v2\/users\/2"}],"replies":[{"embeddable":true,"href":"https:\/\/www.iceagetv.com\/radiosite\/wp-json\/wp\/v2\/comments?post=32989"}],"version-history":[{"count":1,"href":"https:\/\/www.iceagetv.com\/radiosite\/wp-json\/wp\/v2\/posts\/32989\/revisions"}],"predecessor-version":[{"id":32991,"href":"https:\/\/www.iceagetv.com\/radiosite\/wp-json\/wp\/v2\/posts\/32989\/revisions\/32991"}],"wp:featuredmedia":[{"embeddable":true,"href":"https:\/\/www.iceagetv.com\/radiosite\/wp-json\/wp\/v2\/media\/32990"}],"wp:attachment":[{"href":"https:\/\/www.iceagetv.com\/radiosite\/wp-json\/wp\/v2\/media?parent=32989"}],"wp:term":[{"taxonomy":"category","embeddable":true,"href":"https:\/\/www.iceagetv.com\/radiosite\/wp-json\/wp\/v2\/categories?post=32989"},{"taxonomy":"post_tag","embeddable":true,"href":"https:\/\/www.iceagetv.com\/radiosite\/wp-json\/wp\/v2\/tags?post=32989"}],"curies":[{"name":"wp","href":"https:\/\/api.w.org\/{rel}","templated":true}]}}