{"id":32994,"date":"2025-02-04T17:55:37","date_gmt":"2025-02-04T16:55:37","guid":{"rendered":"https:\/\/www.iceagetv.com\/radiosite\/?p=32994"},"modified":"2025-02-04T17:55:41","modified_gmt":"2025-02-04T16:55:41","slug":"affaire-abbe-pierre-aucune-enquete-ne-sera-ouverte-en-france-en-raison-de-la-prescription-des-faits","status":"publish","type":"post","link":"https:\/\/www.iceagetv.com\/radiosite\/affaire-abbe-pierre-aucune-enquete-ne-sera-ouverte-en-france-en-raison-de-la-prescription-des-faits\/","title":{"rendered":"Affaire Abb\u00e9 Pierre : aucune enqu\u00eate ne sera ouverte en France en raison de la prescription des faits"},"content":{"rendered":"\n<p class=\"\">Aucune enqu\u00eate p\u00e9nale ne peut \u00eatre ouverte pour \u00e9tablir des responsabilit\u00e9s dans les multiples accusations d\u2019agressions sexuelles visant depuis l\u2019\u00e9t\u00e9 2024 l\u2019Abb\u00e9 Pierre, figure de la lutte contre la pauvret\u00e9, d\u00e9c\u00e9d\u00e9e en 2007,\u00a0<strong>les faits \u00e9tant prescrits<\/strong>, a annonc\u00e9 le parquet de Paris ce mardi 4 f\u00e9vrier 2025.Par courrier, le 24 janvier, \u00ab\u00a0le parquet de Paris a fait savoir que l\u2019action publique \u00e9tait \u00e9teinte par le d\u00e9c\u00e8s du mis en cause\u00a0en 2007 en ce qui le concernait personnellement, et prescrite en ce qui aurait \u00e9ventuellement pu concerner des non-d\u00e9nonciations de faits\u00a0\u00bb, a-t-il indiqu\u00e9.Par courrier, le 24 janvier, \u00ab\u00a0le parquet de Paris a fait savoir que l\u2019action publique \u00e9tait \u00e9teinte par le d\u00e9c\u00e8s du mis en cause\u00a0en 2007 en ce qui le concernait personnellement, et prescrite en ce qui aurait \u00e9ventuellement pu concerner des non-d\u00e9nonciations de faits\u00a0\u00bb, a-t-il indiqu\u00e9.<\/p>\n","protected":false},"excerpt":{"rendered":"<p>Aucune enqu\u00eate p\u00e9nale ne peut \u00eatre ouverte pour \u00e9tablir des responsabilit\u00e9s dans les multiples accusations d\u2019agressions sexuelles visant depuis l\u2019\u00e9t\u00e9 2024 l\u2019Abb\u00e9 Pierre, figure de la lutte contre la pauvret\u00e9, d\u00e9c\u00e9d\u00e9e en 2007,\u00a0les faits \u00e9tant prescrits, a annonc\u00e9 le parquet de Paris ce mardi 4 f\u00e9vrier 2025.Par courrier, le 24 janvier, \u00ab\u00a0le parquet de Paris [&hellip;]<\/p>\n","protected":false},"author":2,"featured_media":32995,"comment_status":"open","ping_status":"open","sticky":false,"template":"","format":"standard","meta":{"_jetpack_memberships_contains_paid_content":false,"footnotes":"","jetpack_publicize_message":"","jetpack_publicize_feature_enabled":true,"jetpack_social_post_already_shared":true,"jetpack_social_options":{"image_generator_settings":{"template":"highway","enabled":true,"token":"eyJpbWciOiJodHRwczpcL1wvd3d3LmljZWFnZXR2LmNvbVwvcmFkaW9zaXRlXC93cC1jb250ZW50XC91cGxvYWRzXC8yMDI1XC8wMlwvMTc1NDQzLnBuZyIsInR4dCI6IkFmZmFpcmUgQWJiXHUwMGU5IFBpZXJyZSA6IGF1Y3VuZSBlbnF1XHUwMGVhdGUgbmUgc2VyYSBvdXZlcnRlIGVuIEZyYW5jZSBlbiByYWlzb24gZGUgbGEgcHJlc2NyaXB0aW9uIGRlcyBmYWl0cyIsInRlbXBsYXRlIjoiaGlnaHdheSIsImJsb2dfaWQiOjExMTAxNjQ2MX0.VY71venE0nJtw1NOffX_zFXov8FvCLs6BANkbjIDw7AMQ"},"version":2},"_wpas_customize_per_network":false},"categories":[405],"tags":[],"class_list":["post-32994","post","type-post","status-publish","format-standard","has-post-thumbnail","hentry","category-actu-france-monde"],"jetpack_publicize_connections":[],"jetpack_featured_media_url":"https:\/\/i0.wp.com\/www.iceagetv.com\/radiosite\/wp-content\/uploads\/2025\/02\/175443.png?fit=821%2C485&ssl=1","jetpack_sharing_enabled":true,"_links":{"self":[{"href":"https:\/\/www.iceagetv.com\/radiosite\/wp-json\/wp\/v2\/posts\/32994","targetHints":{"allow":["GET"]}}],"collection":[{"href":"https:\/\/www.iceagetv.com\/radiosite\/wp-json\/wp\/v2\/posts"}],"about":[{"href":"https:\/\/www.iceagetv.com\/radiosite\/wp-json\/wp\/v2\/types\/post"}],"author":[{"embeddable":true,"href":"https:\/\/www.iceagetv.com\/radiosite\/wp-json\/wp\/v2\/users\/2"}],"replies":[{"embeddable":true,"href":"https:\/\/www.iceagetv.com\/radiosite\/wp-json\/wp\/v2\/comments?post=32994"}],"version-history":[{"count":1,"href":"https:\/\/www.iceagetv.com\/radiosite\/wp-json\/wp\/v2\/posts\/32994\/revisions"}],"predecessor-version":[{"id":32996,"href":"https:\/\/www.iceagetv.com\/radiosite\/wp-json\/wp\/v2\/posts\/32994\/revisions\/32996"}],"wp:featuredmedia":[{"embeddable":true,"href":"https:\/\/www.iceagetv.com\/radiosite\/wp-json\/wp\/v2\/media\/32995"}],"wp:attachment":[{"href":"https:\/\/www.iceagetv.com\/radiosite\/wp-json\/wp\/v2\/media?parent=32994"}],"wp:term":[{"taxonomy":"category","embeddable":true,"href":"https:\/\/www.iceagetv.com\/radiosite\/wp-json\/wp\/v2\/categories?post=32994"},{"taxonomy":"post_tag","embeddable":true,"href":"https:\/\/www.iceagetv.com\/radiosite\/wp-json\/wp\/v2\/tags?post=32994"}],"curies":[{"name":"wp","href":"https:\/\/api.w.org\/{rel}","templated":true}]}}