{"id":32997,"date":"2025-02-04T20:28:20","date_gmt":"2025-02-04T19:28:20","guid":{"rendered":"https:\/\/www.iceagetv.com\/radiosite\/?p=32997"},"modified":"2025-02-04T20:28:24","modified_gmt":"2025-02-04T19:28:24","slug":"un-lyceen-de-17-ans-est-entre-la-vie-et-la-mort-apres-avoir-ete-poignarde-dans-son-etablissement-scolaire-le-lycee-saint-gabriel-a-bagneux-cet-apres-midi","status":"publish","type":"post","link":"https:\/\/www.iceagetv.com\/radiosite\/un-lyceen-de-17-ans-est-entre-la-vie-et-la-mort-apres-avoir-ete-poignarde-dans-son-etablissement-scolaire-le-lycee-saint-gabriel-a-bagneux-cet-apres-midi\/","title":{"rendered":"Un lyc\u00e9en de 17 ans est entre la vie et la mort apr\u00e8s avoir \u00e9t\u00e9 poignard\u00e9 dans son \u00e9tablissement scolaire, le lyc\u00e9e Saint-Gabriel \u00e0 Bagneux cet apr\u00e8s-midi"},"content":{"rendered":"\n<p class=\"\">Selon le site d&rsquo;information Actu 17, un lyc\u00e9en de 17 ans est entre la vie et la mort apr\u00e8s avoir \u00e9t\u00e9 poignard\u00e9 dans son \u00e9tablissement scolaire, le lyc\u00e9e Saint-Gabriel \u00e0 Bagneux cet apr\u00e8s-midi. Deux suspects ont \u00e9t\u00e9 interpell\u00e9s et plac\u00e9s en garde \u00e0 vue.<\/p>\n\n\n\n<p class=\"\">Un \u00e9tudiant a fait usage d&rsquo;un couteau contre un lyc\u00e9en mineur, avant de prendre la fuite. Ses motivations ne sont pas connues \u00e0 ce stade. Bless\u00e9e, la victime a \u00e9t\u00e9 prise en charge par les secours et transport\u00e9e \u00e0 l&rsquo;h\u00f4pital.<\/p>\n\n\n\n<p class=\"\">Son pronostic vital est engag\u00e9. Le parquet indique que deux personnes ont \u00e9t\u00e9 interpell\u00e9es.<\/p>\n\n\n\n<p class=\"\">Elles ont \u00e9t\u00e9 plac\u00e9es en garde \u00e0 vue. Une source proche de l&rsquo;enqu\u00eate pr\u00e9cise qu&rsquo;elles sont toutes deux majeures.<\/p>\n\n\n\n<p class=\"\">L&rsquo;auteur pr\u00e9sum\u00e9 de l&rsquo;agression, est un jeune homme \u00e2g\u00e9 de 20 ans qui a \u00e9t\u00e9 rapidement identifi\u00e9, a \u00e9t\u00e9 interpell\u00e9 peu apr\u00e8s par les policiers alors qu&rsquo;il se trouvait aux urgences, \u00e9tant bless\u00e9 \u00e0 une main.<\/p>\n\n\n\n<p class=\"\">Des policiers de la m\u00eame unit\u00e9 ont \u00e9galement arr\u00eat\u00e9 un second suspect dans une salle de classe de l&rsquo;\u00e9tablissement scolaire, celui-ci \u00e9tant soup\u00e7onn\u00e9 d&rsquo;avoir aid\u00e9 l&rsquo;agresseur pr\u00e9sum\u00e9 \u00e0 prendre la fuite.<\/p>\n","protected":false},"excerpt":{"rendered":"<p>Selon le site d&rsquo;information Actu 17, un lyc\u00e9en de 17 ans est entre la vie et la mort apr\u00e8s avoir \u00e9t\u00e9 poignard\u00e9 dans son \u00e9tablissement scolaire, le lyc\u00e9e Saint-Gabriel \u00e0 Bagneux cet apr\u00e8s-midi. Deux suspects ont \u00e9t\u00e9 interpell\u00e9s et plac\u00e9s en garde \u00e0 vue. Un \u00e9tudiant a fait usage d&rsquo;un couteau contre un lyc\u00e9en mineur, [&hellip;]<\/p>\n","protected":false},"author":2,"featured_media":32998,"comment_status":"open","ping_status":"open","sticky":false,"template":"","format":"standard","meta":{"_jetpack_memberships_contains_paid_content":false,"footnotes":"","jetpack_publicize_message":"","jetpack_publicize_feature_enabled":true,"jetpack_social_post_already_shared":true,"jetpack_social_options":{"image_generator_settings":{"template":"highway","enabled":true,"token":"eyJpbWciOiJodHRwczpcL1wvd3d3LmljZWFnZXR2LmNvbVwvcmFkaW9zaXRlXC93cC1jb250ZW50XC91cGxvYWRzXC8yMDI1XC8wMlwvZXRhYmxpc3NlbWVudC1zbWFsbF8wLmpwZyIsInR4dCI6IlVuIGx5Y1x1MDBlOWVuIGRlIDE3IGFucyBlc3QgZW50cmUgbGEgdmllIGV0IGxhIG1vcnQgYXByXHUwMGU4cyBhdm9pciBcdTAwZTl0XHUwMGU5IHBvaWduYXJkXHUwMGU5IGRhbnMgc29uIFx1MDBlOXRhYmxpc3NlbWVudCBzY29sYWlyZSwgbGUgbHljXHUwMGU5ZSBTYWludC1HYWJyaWVsIFx1MDBlMCBCYWduZXV4IGNldCBhcHJcdTAwZThzLW1pZGkiLCJ0ZW1wbGF0ZSI6ImhpZ2h3YXkiLCJibG9nX2lkIjoxMTEwMTY0NjF9.ioB95QWGMAyWytMz4OBhuahfAxR2j70QaVqndJ22264MQ"},"version":2},"_wpas_customize_per_network":false},"categories":[405],"tags":[],"class_list":["post-32997","post","type-post","status-publish","format-standard","has-post-thumbnail","hentry","category-actu-france-monde"],"jetpack_publicize_connections":[],"jetpack_featured_media_url":"https:\/\/i0.wp.com\/www.iceagetv.com\/radiosite\/wp-content\/uploads\/2025\/02\/etablissement-small_0.jpg?fit=680%2C294&ssl=1","jetpack_sharing_enabled":true,"_links":{"self":[{"href":"https:\/\/www.iceagetv.com\/radiosite\/wp-json\/wp\/v2\/posts\/32997","targetHints":{"allow":["GET"]}}],"collection":[{"href":"https:\/\/www.iceagetv.com\/radiosite\/wp-json\/wp\/v2\/posts"}],"about":[{"href":"https:\/\/www.iceagetv.com\/radiosite\/wp-json\/wp\/v2\/types\/post"}],"author":[{"embeddable":true,"href":"https:\/\/www.iceagetv.com\/radiosite\/wp-json\/wp\/v2\/users\/2"}],"replies":[{"embeddable":true,"href":"https:\/\/www.iceagetv.com\/radiosite\/wp-json\/wp\/v2\/comments?post=32997"}],"version-history":[{"count":1,"href":"https:\/\/www.iceagetv.com\/radiosite\/wp-json\/wp\/v2\/posts\/32997\/revisions"}],"predecessor-version":[{"id":32999,"href":"https:\/\/www.iceagetv.com\/radiosite\/wp-json\/wp\/v2\/posts\/32997\/revisions\/32999"}],"wp:featuredmedia":[{"embeddable":true,"href":"https:\/\/www.iceagetv.com\/radiosite\/wp-json\/wp\/v2\/media\/32998"}],"wp:attachment":[{"href":"https:\/\/www.iceagetv.com\/radiosite\/wp-json\/wp\/v2\/media?parent=32997"}],"wp:term":[{"taxonomy":"category","embeddable":true,"href":"https:\/\/www.iceagetv.com\/radiosite\/wp-json\/wp\/v2\/categories?post=32997"},{"taxonomy":"post_tag","embeddable":true,"href":"https:\/\/www.iceagetv.com\/radiosite\/wp-json\/wp\/v2\/tags?post=32997"}],"curies":[{"name":"wp","href":"https:\/\/api.w.org\/{rel}","templated":true}]}}