{"id":33019,"date":"2025-02-05T18:44:53","date_gmt":"2025-02-05T17:44:53","guid":{"rendered":"https:\/\/www.iceagetv.com\/radiosite\/?p=33019"},"modified":"2025-02-05T18:44:55","modified_gmt":"2025-02-05T17:44:55","slug":"budget-2025-le-projet-de-loi-de-finances-est-adopte-par-lassemblee-apres-lechec-de-la-motion-de-censure-contre-le-gouvernement-bayrou","status":"publish","type":"post","link":"https:\/\/www.iceagetv.com\/radiosite\/budget-2025-le-projet-de-loi-de-finances-est-adopte-par-lassemblee-apres-lechec-de-la-motion-de-censure-contre-le-gouvernement-bayrou\/","title":{"rendered":"Budget 2025 : le projet de loi de finances est adopt\u00e9 par l&rsquo;Assembl\u00e9e apr\u00e8s l&rsquo;\u00e9chec de la motion de censure contre le gouvernement Bayrou"},"content":{"rendered":"\n<p class=\"\">Une deuxi\u00e8me motion de censure doit \u00eatre examin\u00e9e dans la foul\u00e9e sur la premi\u00e8re partie du projet de financement de la S\u00e9curit\u00e9 sociale.Apr\u00e8s son recours \u00e0 l&rsquo;article 49.3 sur le&nbsp;<a href=\"https:\/\/www.francetvinfo.fr\/economie\/budget\/budget-2025-que-contient-le-projet-de-loi-de-finances-adopte-sans-vote-apres-le-recours-au-49-3-par-francois-bayrou_7047680.html\">budget de l&rsquo;Etat<\/a>&nbsp;et sur le premier volet de celui de&nbsp;<a href=\"https:\/\/www.francetvinfo.fr\/economie\/rallonge-pour-les-hopitaux-suppression-du-ticket-moderateur-ce-que-contient-le-projet-de-loi-sur-le-financement-de-la-securite-sociale_7051460.html\">la S\u00e9curit\u00e9 sociale<\/a>, Fran\u00e7ois Bayrou passe l&rsquo;obstacle d&rsquo;une premi\u00e8re motion de censure, mercredi 5&nbsp;f\u00e9vrier. Le projet de loi de finances a \u00e9t\u00e9 adopt\u00e9 par les d\u00e9put\u00e9s, apr\u00e8s l&rsquo;\u00e9chec de l&rsquo;initiative lanc\u00e9e par La France insoumise, qui n&rsquo;a recueilli qu&rsquo;une minorit\u00e9 de 128 voix.&nbsp;<em>\u00ab\u00a0Ce budget est une \u00e9tape d&rsquo;urgence, car notre pays ne peut pas vivre sans budget, tout le monde l&rsquo;a dit \u00e0 cette tribune\u00a0\u00bb<\/em>, avait affirm\u00e9 le Premier ministre devant les d\u00e9put\u00e9s avant le vote de la premi\u00e8re motion de censure, reconnaissant que le texte&nbsp;n&rsquo;est<em>&nbsp;\u00ab\u00a0pas parfait\u00a0\u00bb<\/em>.&nbsp;Suivez notre direct.<\/p>\n\n\n\n<p class=\"\"><strong>Un deuxi\u00e8me vote dans la soir\u00e9e.&nbsp;<\/strong>La premi\u00e8re motion de censure de&nbsp;<a href=\"https:\/\/www.francetvinfo.fr\/politique\/gouvernement-de-francois-bayrou\/budget-2025-la-france-insoumise-confirme-le-depot-d-une-motion-de-censure-contre-le-gouvernement-apres-le-recours-au-49-3-par-francois-bayrou_7053032.html\" target=\"_blank\" rel=\"noreferrer noopener\">La France insoumise<\/a>&nbsp;a \u00e9t\u00e9 examin\u00e9e \u00e0 partir de 15h30. Son rejet entra\u00eene l&rsquo;adoption \u00e0 l&rsquo;Assembl\u00e9e nationale du budget, avant un dernier vote sans suspense au S\u00e9nat jeudi. Le second texte de LFI, contre le 49.3 d\u00e9clench\u00e9 cette fois sur le premier volet du budget de la S\u00e9curit\u00e9 sociale, est examin\u00e9 depuis le d\u00e9but de soir\u00e9e.<\/p>\n\n\n\n<p class=\"\"><strong>Le gouvernement esp\u00e8re promulguer le budget \u00ab\u00a0d&rsquo;ici la fin du mois\u00a0\u00bb.<\/strong>&nbsp;Si la censure contre son gouvernement n&rsquo;est pas vot\u00e9e, Fran\u00e7ois Bayrou activera le 49.3 sur les deux autres volets du budget de la S\u00e9curit\u00e9 sociale, a annonc\u00e9 la porte-parole du gouvernement, Sophie Primas, lors du compte-rendu du Conseil des ministres. Dans ce cas,&nbsp;<em>\u00ab\u00a0nous devrions avoir un budget adopt\u00e9 mi-f\u00e9vrier et promulgu\u00e9 d&rsquo;ici \u00e0 la fin du mois de f\u00e9vrier\u00a0\u00bb<\/em>, a-t-elle ajout\u00e9.<\/p>\n\n\n\n<p class=\"\"><strong>Le PS \u00e9carte la censure.&nbsp;<\/strong>S&rsquo;il consid\u00e8re que la copie n&rsquo;est pas bonne, le groupe socialiste&nbsp;<a href=\"https:\/\/www.francetvinfo.fr\/politique\/nouveau-front-populaire\/le-ps-trahit-la-decision-du-parti-de-ne-pas-voter-les-motions-de-censure-deposees-par-lfi-divise-dans-les-rangs-du-nfp_7054307.html\">a act\u00e9 qu&rsquo;il ne censurerait pas le gouvernement Bayrou<\/a>, au nom de<em>&nbsp;\u00ab\u00a0l&rsquo;int\u00e9r\u00eat g\u00e9n\u00e9ral\u00a0\u00bb<\/em>&nbsp;du pays, a d\u00e9fendu le premier secr\u00e9taire du Parti socialiste, Olivier Faure. Quelques d\u00e9put\u00e9s pourraient n\u00e9anmoins braver la consigne, anticipent des sources internes au groupe.<\/p>\n","protected":false},"excerpt":{"rendered":"<p>Une deuxi\u00e8me motion de censure doit \u00eatre examin\u00e9e dans la foul\u00e9e sur la premi\u00e8re partie du projet de financement de la S\u00e9curit\u00e9 sociale.Apr\u00e8s son recours \u00e0 l&rsquo;article 49.3 sur le&nbsp;budget de l&rsquo;Etat&nbsp;et sur le premier volet de celui de&nbsp;la S\u00e9curit\u00e9 sociale, Fran\u00e7ois Bayrou passe l&rsquo;obstacle d&rsquo;une premi\u00e8re motion de censure, mercredi 5&nbsp;f\u00e9vrier. Le projet de [&hellip;]<\/p>\n","protected":false},"author":2,"featured_media":32972,"comment_status":"open","ping_status":"open","sticky":false,"template":"","format":"standard","meta":{"_jetpack_memberships_contains_paid_content":false,"footnotes":"","jetpack_publicize_message":"","jetpack_publicize_feature_enabled":true,"jetpack_social_post_already_shared":true,"jetpack_social_options":{"image_generator_settings":{"template":"highway","enabled":true,"token":"eyJpbWciOiJodHRwczpcL1wvd3d3LmljZWFnZXR2LmNvbVwvcmFkaW9zaXRlXC93cC1jb250ZW50XC91cGxvYWRzXC8yMDI1XC8wMlwvMDgyOTEyLnBuZyIsInR4dCI6IkJ1ZGdldCAyMDI1IDogbGUgcHJvamV0IGRlIGxvaSBkZSBmaW5hbmNlcyBlc3QgYWRvcHRcdTAwZTkgcGFyIGwmIzgyMTc7QXNzZW1ibFx1MDBlOWUgYXByXHUwMGU4cyBsJiM4MjE3O1x1MDBlOWNoZWMgZGUgbGEgbW90aW9uIGRlIGNlbnN1cmUgY29udHJlIGxlIGdvdXZlcm5lbWVudCBCYXlyb3UiLCJ0ZW1wbGF0ZSI6ImhpZ2h3YXkiLCJibG9nX2lkIjoxMTEwMTY0NjF9._xEOl-cSWw5t6QCnRcaPRhbxVsOPiJgxYTMKoNT7KwoMQ"},"version":2},"_wpas_customize_per_network":false},"categories":[405],"tags":[],"class_list":["post-33019","post","type-post","status-publish","format-standard","has-post-thumbnail","hentry","category-actu-france-monde"],"jetpack_publicize_connections":[],"jetpack_featured_media_url":"https:\/\/i0.wp.com\/www.iceagetv.com\/radiosite\/wp-content\/uploads\/2025\/02\/082912.png?fit=772%2C267&ssl=1","jetpack_sharing_enabled":true,"_links":{"self":[{"href":"https:\/\/www.iceagetv.com\/radiosite\/wp-json\/wp\/v2\/posts\/33019","targetHints":{"allow":["GET"]}}],"collection":[{"href":"https:\/\/www.iceagetv.com\/radiosite\/wp-json\/wp\/v2\/posts"}],"about":[{"href":"https:\/\/www.iceagetv.com\/radiosite\/wp-json\/wp\/v2\/types\/post"}],"author":[{"embeddable":true,"href":"https:\/\/www.iceagetv.com\/radiosite\/wp-json\/wp\/v2\/users\/2"}],"replies":[{"embeddable":true,"href":"https:\/\/www.iceagetv.com\/radiosite\/wp-json\/wp\/v2\/comments?post=33019"}],"version-history":[{"count":1,"href":"https:\/\/www.iceagetv.com\/radiosite\/wp-json\/wp\/v2\/posts\/33019\/revisions"}],"predecessor-version":[{"id":33020,"href":"https:\/\/www.iceagetv.com\/radiosite\/wp-json\/wp\/v2\/posts\/33019\/revisions\/33020"}],"wp:featuredmedia":[{"embeddable":true,"href":"https:\/\/www.iceagetv.com\/radiosite\/wp-json\/wp\/v2\/media\/32972"}],"wp:attachment":[{"href":"https:\/\/www.iceagetv.com\/radiosite\/wp-json\/wp\/v2\/media?parent=33019"}],"wp:term":[{"taxonomy":"category","embeddable":true,"href":"https:\/\/www.iceagetv.com\/radiosite\/wp-json\/wp\/v2\/categories?post=33019"},{"taxonomy":"post_tag","embeddable":true,"href":"https:\/\/www.iceagetv.com\/radiosite\/wp-json\/wp\/v2\/tags?post=33019"}],"curies":[{"name":"wp","href":"https:\/\/api.w.org\/{rel}","templated":true}]}}