{"id":33030,"date":"2025-02-06T16:58:39","date_gmt":"2025-02-06T15:58:39","guid":{"rendered":"https:\/\/www.iceagetv.com\/radiosite\/?p=33030"},"modified":"2025-02-06T16:58:43","modified_gmt":"2025-02-06T15:58:43","slug":"des-syndicats-appellent-les-employes-de-lidl-a-une-greve-illimitee-pour-une-revalorisation-des-salaires-et-contre-louverture-des-magasins-le-dimanche","status":"publish","type":"post","link":"https:\/\/www.iceagetv.com\/radiosite\/des-syndicats-appellent-les-employes-de-lidl-a-une-greve-illimitee-pour-une-revalorisation-des-salaires-et-contre-louverture-des-magasins-le-dimanche\/","title":{"rendered":"Des syndicats appellent les employ\u00e9s de Lidl \u00e0 une \u00ab\u00a0gr\u00e8ve illimit\u00e9e\u00a0\u00bb pour une revalorisation des salaires et contre l\u2019ouverture des magasins le dimanche"},"content":{"rendered":"\n<p class=\"\"><strong>Des syndicats de Lidl annoncent une gr\u00e8ve illimit\u00e9e pour d\u00e9noncer les faibles augmentations salariales et la menace d\u2019une ouverture g\u00e9n\u00e9rale des magasins le dimanche<\/strong>Dans un communiqu\u00e9, la CFDT a d\u00e9clar\u00e9 qu\u2019une\u00a0<strong>r\u00e9union\u00a0<\/strong>concernant les salaires\u00a0<strong>avait eu lieu ce mercredi 5\u00a0f\u00e9vrier<\/strong>. Elle s\u2019est\u00a0<strong>\u00ab\u00a0sold\u00e9e par un \u00e9chec\u00a0\u00bb<\/strong>. Le syndicat parle d\u2019augmentations insuffisantes et d\u2019une d\u00e9gradation des conditions de travail des\u00a0<strong>46\u00a0000 employ\u00e9s en France<\/strong>.De nombreuses inqui\u00e9tudesEn d\u00e9cembre, le CSE avait \u00ab\u00a0approuv\u00e9 \u00e0 l\u2019unanimit\u00e9 des membres \u00e9lus\u00a0\u00bb et faisait \u00e9tat d\u2019une situation sociale \u00ab\u00a0qui empire\u00a0\u00bb, selon un pr\u00e9c\u00e9dent communiqu\u00e9. Il ajoutait que : \u00ab\u00a0\u00e0 nouveau, le CSEC constate que les salari\u00e9s sont la seule variable d\u2019ajustement de l\u2019entreprise, ce qui entra\u00eene syst\u00e9matiquement un report de la charge de travail sur ceux qui restent, d\u00e9t\u00e9riorant davantage leurs conditions de travail\u00a0\u00bb.Fin janvier, la FGTA-FO avait quant \u00e0 elle parl\u00e9 de son inqui\u00e9tude concernant la \u00ab\u00a0d\u00e9gradation des conditions de travail des salari\u00e9s\u00a0\u00bb.<\/p>\n\n\n\n<p class=\"\">L\u2019entreprise a quant \u00e0 elle annonc\u00e9 le d\u00e9part de son vice-pr\u00e9sident Michel Biero d\u00e9but mars.<\/p>\n","protected":false},"excerpt":{"rendered":"<p>Des syndicats de Lidl annoncent une gr\u00e8ve illimit\u00e9e pour d\u00e9noncer les faibles augmentations salariales et la menace d\u2019une ouverture g\u00e9n\u00e9rale des magasins le dimancheDans un communiqu\u00e9, la CFDT a d\u00e9clar\u00e9 qu\u2019une\u00a0r\u00e9union\u00a0concernant les salaires\u00a0avait eu lieu ce mercredi 5\u00a0f\u00e9vrier. Elle s\u2019est\u00a0\u00ab\u00a0sold\u00e9e par un \u00e9chec\u00a0\u00bb. Le syndicat parle d\u2019augmentations insuffisantes et d\u2019une d\u00e9gradation des conditions de travail [&hellip;]<\/p>\n","protected":false},"author":2,"featured_media":33031,"comment_status":"open","ping_status":"open","sticky":false,"template":"","format":"standard","meta":{"_jetpack_memberships_contains_paid_content":false,"footnotes":"","jetpack_publicize_message":"","jetpack_publicize_feature_enabled":true,"jetpack_social_post_already_shared":true,"jetpack_social_options":{"image_generator_settings":{"template":"highway","enabled":true,"token":"eyJpbWciOiJodHRwczpcL1wvd3d3LmljZWFnZXR2LmNvbVwvcmFkaW9zaXRlXC93cC1jb250ZW50XC91cGxvYWRzXC8yMDI1XC8wMlwvU2NyZWVuc2hvdF8yMDI1MDIwNl8xNjU3NDMtMTAyNHg1ODcuanBnIiwidHh0IjoiRGVzIHN5bmRpY2F0cyBhcHBlbGxlbnQgbGVzIGVtcGxveVx1MDBlOXMgZGUgTGlkbCBcdTAwZTAgdW5lICYjODIyMDtnclx1MDBlOHZlIGlsbGltaXRcdTAwZTllJiM4MjIxOyBwb3VyIHVuZSByZXZhbG9yaXNhdGlvbiBkZXMgc2FsYWlyZXMgZXQgY29udHJlIGxcdTIwMTlvdXZlcnR1cmUgZGVzIG1hZ2FzaW5zIGxlIGRpbWFuY2hlIiwidGVtcGxhdGUiOiJoaWdod2F5IiwiYmxvZ19pZCI6MTExMDE2NDYxfQ.z9iWpEZC75zCIfpnuspExe3NUMgQYUQTsNpzwrzZeK8MQ"},"version":2},"_wpas_customize_per_network":false},"categories":[405],"tags":[],"class_list":["post-33030","post","type-post","status-publish","format-standard","has-post-thumbnail","hentry","category-actu-france-monde"],"jetpack_publicize_connections":[],"jetpack_featured_media_url":"https:\/\/i0.wp.com\/www.iceagetv.com\/radiosite\/wp-content\/uploads\/2025\/02\/Screenshot_20250206_165743.jpg?fit=1080%2C619&ssl=1","jetpack_sharing_enabled":true,"_links":{"self":[{"href":"https:\/\/www.iceagetv.com\/radiosite\/wp-json\/wp\/v2\/posts\/33030","targetHints":{"allow":["GET"]}}],"collection":[{"href":"https:\/\/www.iceagetv.com\/radiosite\/wp-json\/wp\/v2\/posts"}],"about":[{"href":"https:\/\/www.iceagetv.com\/radiosite\/wp-json\/wp\/v2\/types\/post"}],"author":[{"embeddable":true,"href":"https:\/\/www.iceagetv.com\/radiosite\/wp-json\/wp\/v2\/users\/2"}],"replies":[{"embeddable":true,"href":"https:\/\/www.iceagetv.com\/radiosite\/wp-json\/wp\/v2\/comments?post=33030"}],"version-history":[{"count":1,"href":"https:\/\/www.iceagetv.com\/radiosite\/wp-json\/wp\/v2\/posts\/33030\/revisions"}],"predecessor-version":[{"id":33032,"href":"https:\/\/www.iceagetv.com\/radiosite\/wp-json\/wp\/v2\/posts\/33030\/revisions\/33032"}],"wp:featuredmedia":[{"embeddable":true,"href":"https:\/\/www.iceagetv.com\/radiosite\/wp-json\/wp\/v2\/media\/33031"}],"wp:attachment":[{"href":"https:\/\/www.iceagetv.com\/radiosite\/wp-json\/wp\/v2\/media?parent=33030"}],"wp:term":[{"taxonomy":"category","embeddable":true,"href":"https:\/\/www.iceagetv.com\/radiosite\/wp-json\/wp\/v2\/categories?post=33030"},{"taxonomy":"post_tag","embeddable":true,"href":"https:\/\/www.iceagetv.com\/radiosite\/wp-json\/wp\/v2\/tags?post=33030"}],"curies":[{"name":"wp","href":"https:\/\/api.w.org\/{rel}","templated":true}]}}