{"id":33036,"date":"2025-02-07T10:44:20","date_gmt":"2025-02-07T09:44:20","guid":{"rendered":"https:\/\/www.iceagetv.com\/radiosite\/?p=33036"},"modified":"2025-02-07T10:44:23","modified_gmt":"2025-02-07T09:44:23","slug":"le-premier-ministre-francois-bayrou-annonce-vouloir-un-debat-plus-large-que-le-droit-du-sol-sur-quest-ce-que-cest-detre-francais","status":"publish","type":"post","link":"https:\/\/www.iceagetv.com\/radiosite\/le-premier-ministre-francois-bayrou-annonce-vouloir-un-debat-plus-large-que-le-droit-du-sol-sur-quest-ce-que-cest-detre-francais\/","title":{"rendered":"Le Premier ministre Fran\u00e7ois Bayrou annonce vouloir un d\u00e9bat \u00ab\u00a0plus large\u00a0\u00bb que le droit du sol sur \u00ab\u00a0qu\u2019est-ce que c\u2019est d\u2019\u00eatre Fran\u00e7ais"},"content":{"rendered":"\n<p class=\"\">Fran\u00e7ois Bayrou a jug\u00e9 vendredi \u00ab&nbsp;trop \u00e9troit&nbsp;\u00bb un d\u00e9bat sur le seul droit du sol comme sugg\u00e9r\u00e9 par son ministre de la Justice G\u00e9rald Darmanin et a souhait\u00e9 un d\u00e9bat \u00ab&nbsp;plus large&nbsp;\u00bb, qui int\u00e8grerait cette question sensible sur ce que \u00ab&nbsp;c\u2019est qu\u2019\u00eatre Fran\u00e7ais&nbsp;\u00bb.<\/p>\n\n\n\n<p class=\"\">\u00ab&nbsp;Ce d\u00e9bat public (sur le droit du sol, ndlr) est trop \u00e9troit et il faut un d\u00e9bat public approfondi et beaucoup plus large que \u00e7a&nbsp;\u00bb, a affirm\u00e9 le Premier ministre. Il r\u00e9pondait depuis Matignon \u00e0 la radio RMC install\u00e9e dans la ville de Pau dont il est rest\u00e9 maire.<\/p>\n\n\n\n<p class=\"\">\u00ab&nbsp;Vous voyez bien ce qui fermente depuis des ann\u00e9es. Ce qui fermente, c\u2019est qu\u2019est-ce que c\u2019est qu\u2019\u00eatre Fran\u00e7ais? Qu\u2019est-ce que \u00e7a donne comme droit? Qu\u2019est-ce que \u00e7a impose comme devoirs&nbsp;? Qu\u2019est-ce que \u00e7a procure comme avantages? Et en quoi \u00e7a vous engage \u00e0 \u00eatre membre d\u2019une communaut\u00e9 nationale? A quoi croit-on quand on est Fran\u00e7ais?&nbsp;\u00bb, a ajout\u00e9 Fran\u00e7ois Bayrou, qui a fait r\u00e9cemment pol\u00e9mique en \u00e9voquant un \u00ab&nbsp;sentiment de submersion&nbsp;\u00bb migratoire.<\/p>\n\n\n\n<p class=\"\">Il s\u2019exprimait au lendemain de l\u2019adoption, par l\u2019Assembl\u00e9e nationale, lors d\u2019une s\u00e9ance particuli\u00e8rement houleuse, d\u2019une proposition de loi port\u00e9e par la droite visant \u00e0 durcir les restrictions au droit du sol \u00e0 Mayotte.<\/p>\n\n\n\n<p class=\"\">Il a rappel\u00e9 avoir propos\u00e9 \u00ab&nbsp;depuis d\u00e9j\u00e0 douze ans ou quinze ans&nbsp;\u00bb de se pencher sur la situation de Mayotte et de la Guyane, \u00ab&nbsp;dans laquelle il y a des milliers et des milliers de personnes qui arrivent avec l\u2019id\u00e9e que, s\u2019ils mettent au monde des enfants l\u00e0, ils seront Fran\u00e7ais&nbsp;\u00bb. \u00ab&nbsp; Tout cela, \u00e9videmment, \u00e7a m\u00e9rite d\u2019\u00eatre reconsid\u00e9r\u00e9&nbsp;\u00bb, a compl\u00e9t\u00e9 le chef du gouvernement.<\/p>\n\n\n\n<p class=\"\">\u00ab&nbsp;On peut entrer dans un d\u00e9bat, il faut r\u00e9fl\u00e9chir \u00e0 la mani\u00e8re dont (il) se d\u00e9veloppe, est organis\u00e9&nbsp;\u00bb mais \u00ab&nbsp;on ne va pas tout repousser&nbsp;\u00bb \u00e0 la pr\u00e9sidentielle, a estim\u00e9 le Premier ministre.<\/p>\n\n\n\n<p class=\"\">\u00ab&nbsp;Tous les probl\u00e8mes qu\u2019on identifie, on va les traiter, on va en tout cas les d\u00e9battre, on va les approfondir et il n\u2019y a pas de raison de repousser \u00e9ternellement&nbsp;\u00bb, a-t-il d\u00e9velopp\u00e9 et \u00ab&nbsp;il faut apprendre \u00e0 d\u00e9battre, \u00e0 \u00e9changer des convictions ou des arguments, sans s\u2019insulter, sans se condamner \u00e0 la vindicte publique, sans \u00eatre clou\u00e9 au pilori, sans \u00eatre consid\u00e9r\u00e9s comme des ennemis de la Nation&nbsp;\u00bb.<\/p>\n","protected":false},"excerpt":{"rendered":"<p>Fran\u00e7ois Bayrou a jug\u00e9 vendredi \u00ab&nbsp;trop \u00e9troit&nbsp;\u00bb un d\u00e9bat sur le seul droit du sol comme sugg\u00e9r\u00e9 par son ministre de la Justice G\u00e9rald Darmanin et a souhait\u00e9 un d\u00e9bat \u00ab&nbsp;plus large&nbsp;\u00bb, qui int\u00e8grerait cette question sensible sur ce que \u00ab&nbsp;c\u2019est qu\u2019\u00eatre Fran\u00e7ais&nbsp;\u00bb. \u00ab&nbsp;Ce d\u00e9bat public (sur le droit du sol, ndlr) est trop \u00e9troit [&hellip;]<\/p>\n","protected":false},"author":2,"featured_media":33037,"comment_status":"open","ping_status":"open","sticky":false,"template":"","format":"standard","meta":{"_jetpack_memberships_contains_paid_content":false,"footnotes":"","jetpack_publicize_message":"","jetpack_publicize_feature_enabled":true,"jetpack_social_post_already_shared":true,"jetpack_social_options":{"image_generator_settings":{"template":"highway","enabled":true,"token":"eyJpbWciOiJodHRwczpcL1wvd3d3LmljZWFnZXR2LmNvbVwvcmFkaW9zaXRlXC93cC1jb250ZW50XC91cGxvYWRzXC8yMDI1XC8wMlwvMDQzNDAucG5nIiwidHh0IjoiTGUgUHJlbWllciBtaW5pc3RyZSBGcmFuXHUwMGU3b2lzIEJheXJvdSBhbm5vbmNlIHZvdWxvaXIgdW4gZFx1MDBlOWJhdCAmIzgyMjA7cGx1cyBsYXJnZSYjODIyMTsgcXVlIGxlIGRyb2l0IGR1IHNvbCBzdXIgJiM4MjIwO3F1XHUyMDE5ZXN0LWNlIHF1ZSBjXHUyMDE5ZXN0IGRcdTIwMTlcdTAwZWF0cmUgRnJhblx1MDBlN2FpcyIsInRlbXBsYXRlIjoiaGlnaHdheSIsImJsb2dfaWQiOjExMTAxNjQ2MX0.VJkWk2fUFIURCSuR9iBML9xmYbunto6acegqEQfHo_8MQ"},"version":2},"_wpas_customize_per_network":false},"categories":[405],"tags":[],"class_list":["post-33036","post","type-post","status-publish","format-standard","has-post-thumbnail","hentry","category-actu-france-monde"],"jetpack_publicize_connections":[],"jetpack_featured_media_url":"https:\/\/i0.wp.com\/www.iceagetv.com\/radiosite\/wp-content\/uploads\/2025\/02\/04340.png?fit=592%2C268&ssl=1","jetpack_sharing_enabled":true,"_links":{"self":[{"href":"https:\/\/www.iceagetv.com\/radiosite\/wp-json\/wp\/v2\/posts\/33036","targetHints":{"allow":["GET"]}}],"collection":[{"href":"https:\/\/www.iceagetv.com\/radiosite\/wp-json\/wp\/v2\/posts"}],"about":[{"href":"https:\/\/www.iceagetv.com\/radiosite\/wp-json\/wp\/v2\/types\/post"}],"author":[{"embeddable":true,"href":"https:\/\/www.iceagetv.com\/radiosite\/wp-json\/wp\/v2\/users\/2"}],"replies":[{"embeddable":true,"href":"https:\/\/www.iceagetv.com\/radiosite\/wp-json\/wp\/v2\/comments?post=33036"}],"version-history":[{"count":1,"href":"https:\/\/www.iceagetv.com\/radiosite\/wp-json\/wp\/v2\/posts\/33036\/revisions"}],"predecessor-version":[{"id":33038,"href":"https:\/\/www.iceagetv.com\/radiosite\/wp-json\/wp\/v2\/posts\/33036\/revisions\/33038"}],"wp:featuredmedia":[{"embeddable":true,"href":"https:\/\/www.iceagetv.com\/radiosite\/wp-json\/wp\/v2\/media\/33037"}],"wp:attachment":[{"href":"https:\/\/www.iceagetv.com\/radiosite\/wp-json\/wp\/v2\/media?parent=33036"}],"wp:term":[{"taxonomy":"category","embeddable":true,"href":"https:\/\/www.iceagetv.com\/radiosite\/wp-json\/wp\/v2\/categories?post=33036"},{"taxonomy":"post_tag","embeddable":true,"href":"https:\/\/www.iceagetv.com\/radiosite\/wp-json\/wp\/v2\/tags?post=33036"}],"curies":[{"name":"wp","href":"https:\/\/api.w.org\/{rel}","templated":true}]}}