{"id":33052,"date":"2025-02-07T15:08:12","date_gmt":"2025-02-07T14:08:12","guid":{"rendered":"https:\/\/www.iceagetv.com\/radiosite\/?p=33052"},"modified":"2025-02-07T15:08:18","modified_gmt":"2025-02-07T14:08:18","slug":"accident-de-car-de-millas-la-conductrice-condamnee-en-appel-a-cinq-ans-de-prison-dont-deux-ferme","status":"publish","type":"post","link":"https:\/\/www.iceagetv.com\/radiosite\/accident-de-car-de-millas-la-conductrice-condamnee-en-appel-a-cinq-ans-de-prison-dont-deux-ferme\/","title":{"rendered":"Accident de car de Millas: la conductrice condamn\u00e9e en appel \u00e0 cinq ans de prison dont deux ferme"},"content":{"rendered":"\n<p class=\"\">En 2017, la collision entre un bus scolaire et un train TER \u00e0 un passage \u00e0 niveau avait caus\u00e9 la mort de 6 coll\u00e9giens dans les Pyr\u00e9n\u00e9es-Orientales.Nadine Oliveira, la conductrice du bus scolaire qui \u00e9tait entr\u00e9 en collision avec un TER \u00e0 Millas, dans les Pyr\u00e9n\u00e9es-Orientales, en 2017,&nbsp;<a href=\"https:\/\/www.bfmtv.com\/police-justice\/je-revois-l-image-tout-le-temps-une-collegienne-qui-a-assiste-a-l-accident-de-car-de-millas-temoigne_AV-201802140004.html\">faisant six morts<\/a>, a \u00e9t\u00e9 condamn\u00e9e \u00e0 cinq ans de prison dont deux ferme par la Cour d&rsquo;appel d&rsquo;Aix-en-Provence ce vendredi 7 f\u00e9vrier.<\/p>\n\n\n\n<p class=\"\">La peine est plus lourde qu&rsquo;en premi\u00e8re instance lorsqu&rsquo;elle avait \u00e9t\u00e9 condamn\u00e9e \u00e0 5 ans de prison dont un an ferme. Elle s&rsquo;effectuera \u00e0 domicile sous bracelet \u00e9lectronique, a pr\u00e9cis\u00e9 la cour d&rsquo;appel devant Nadine Oliveira, pr\u00e9sente \u00e0 l&rsquo;audience.Cette condamnation est assortie d&rsquo;une annulation de tous ses permis de conduire, d&rsquo;une interdiction de les repasser pendant cinq ans et enfin d&rsquo;une interdiction d&rsquo;exercer toute activit\u00e9 dans le secteur des transports.<\/p>\n\n\n\n<h2 class=\"wp-block-heading\" id=\"9t8c8\">La conductrice assure que les barri\u00e8res \u00e9taient lev\u00e9es<\/h2>\n\n\n\n<p class=\"\">Avant l&rsquo;\u00e9nonc\u00e9 de cette d\u00e9cision, le pr\u00e9sident de la cour Fabrice Naude avait rappel\u00e9 que \u00ab\u00a0dans cette affaire ce sont six enfants qui ont perdu la vie\u00a0\u00bb appelant toutes les parties pr\u00e9sentes \u00e0 \u00ab\u00a0observer dignit\u00e9 et retenue \u00e0 la lecture de la d\u00e9cision que celle ci soit jug\u00e9e satisfaisante ou pas\u00a0\u00bb.<\/p>\n\n\n\n<p class=\"\">Plusieurs familles avaient fait le d\u00e9placement dans les Bouches-du-Rh\u00f4ne, o\u00f9 cette affaire a \u00e9t\u00e9 jug\u00e9e en raison de la comp\u00e9tence interr\u00e9gionale de la juridiction pour les accidents collectifs. La d\u00e9cision \u00e9tait \u00e9galement retransmise en direct au palais de justice de Perpignan pour les parties civiles qui le souhaitaientMais des automobilistes situ\u00e9s en face, de l&rsquo;autre c\u00f4t\u00e9 du passage, avaient expliqu\u00e9 avoir vu le car \u00ab\u00a0pousser la barri\u00e8re, comme on ouvre une porte\u00a0\u00bb. De m\u00eame une des coll\u00e9giennes assises tout \u00e0 l&rsquo;avant du car a d\u00e9crit que le v\u00e9hicule avait \u00ab\u00a0tap\u00e9 les barri\u00e8res\u00a0\u00bb<\/p>\n","protected":false},"excerpt":{"rendered":"<p>En 2017, la collision entre un bus scolaire et un train TER \u00e0 un passage \u00e0 niveau avait caus\u00e9 la mort de 6 coll\u00e9giens dans les Pyr\u00e9n\u00e9es-Orientales.Nadine Oliveira, la conductrice du bus scolaire qui \u00e9tait entr\u00e9 en collision avec un TER \u00e0 Millas, dans les Pyr\u00e9n\u00e9es-Orientales, en 2017,&nbsp;faisant six morts, a \u00e9t\u00e9 condamn\u00e9e \u00e0 cinq [&hellip;]<\/p>\n","protected":false},"author":2,"featured_media":33053,"comment_status":"open","ping_status":"open","sticky":false,"template":"","format":"standard","meta":{"_jetpack_memberships_contains_paid_content":false,"footnotes":"","jetpack_publicize_message":"","jetpack_publicize_feature_enabled":true,"jetpack_social_post_already_shared":false,"jetpack_social_options":{"image_generator_settings":{"template":"highway","enabled":true,"token":"eyJpbWciOiJodHRwczpcL1wvd3d3LmljZWFnZXR2LmNvbVwvcmFkaW9zaXRlXC93cC1jb250ZW50XC91cGxvYWRzXC8yMDI1XC8wMlwvMjAyNTAyMDdfMTUwMzE3LmpwZyIsInR4dCI6IkFjY2lkZW50IGRlIGNhciBkZSBNaWxsYXM6IGxhIGNvbmR1Y3RyaWNlIGNvbmRhbW5cdTAwZTllIGVuIGFwcGVsIFx1MDBlMCBjaW5xIGFucyBkZSBwcmlzb24gZG9udCBkZXV4IGZlcm1lIiwidGVtcGxhdGUiOiJoaWdod2F5IiwiYmxvZ19pZCI6MTExMDE2NDYxfQ.l36IeAf31z80ph1-27Zkq3ZZg5C_1QNyJnqQhXPt1LgMQ"},"version":2},"_wpas_customize_per_network":false},"categories":[405],"tags":[],"class_list":["post-33052","post","type-post","status-publish","format-standard","has-post-thumbnail","hentry","category-actu-france-monde"],"jetpack_publicize_connections":[],"jetpack_featured_media_url":"https:\/\/i0.wp.com\/www.iceagetv.com\/radiosite\/wp-content\/uploads\/2025\/02\/20250207_150317.jpg?fit=768%2C432&ssl=1","jetpack_sharing_enabled":true,"_links":{"self":[{"href":"https:\/\/www.iceagetv.com\/radiosite\/wp-json\/wp\/v2\/posts\/33052","targetHints":{"allow":["GET"]}}],"collection":[{"href":"https:\/\/www.iceagetv.com\/radiosite\/wp-json\/wp\/v2\/posts"}],"about":[{"href":"https:\/\/www.iceagetv.com\/radiosite\/wp-json\/wp\/v2\/types\/post"}],"author":[{"embeddable":true,"href":"https:\/\/www.iceagetv.com\/radiosite\/wp-json\/wp\/v2\/users\/2"}],"replies":[{"embeddable":true,"href":"https:\/\/www.iceagetv.com\/radiosite\/wp-json\/wp\/v2\/comments?post=33052"}],"version-history":[{"count":1,"href":"https:\/\/www.iceagetv.com\/radiosite\/wp-json\/wp\/v2\/posts\/33052\/revisions"}],"predecessor-version":[{"id":33054,"href":"https:\/\/www.iceagetv.com\/radiosite\/wp-json\/wp\/v2\/posts\/33052\/revisions\/33054"}],"wp:featuredmedia":[{"embeddable":true,"href":"https:\/\/www.iceagetv.com\/radiosite\/wp-json\/wp\/v2\/media\/33053"}],"wp:attachment":[{"href":"https:\/\/www.iceagetv.com\/radiosite\/wp-json\/wp\/v2\/media?parent=33052"}],"wp:term":[{"taxonomy":"category","embeddable":true,"href":"https:\/\/www.iceagetv.com\/radiosite\/wp-json\/wp\/v2\/categories?post=33052"},{"taxonomy":"post_tag","embeddable":true,"href":"https:\/\/www.iceagetv.com\/radiosite\/wp-json\/wp\/v2\/tags?post=33052"}],"curies":[{"name":"wp","href":"https:\/\/api.w.org\/{rel}","templated":true}]}}