{"id":33055,"date":"2025-02-08T16:42:18","date_gmt":"2025-02-08T15:42:18","guid":{"rendered":"https:\/\/www.iceagetv.com\/radiosite\/?p=33055"},"modified":"2025-02-08T16:42:22","modified_gmt":"2025-02-08T15:42:22","slug":"une-enfant-de-11-ans-a-ete-retrouvee-morte-dans-la-nuit-apres-avoir-disparu-a-la-sortie-de-son-college-a-epinay-sur-orge-un-couple-age-de-23-et-21-ans-sont-actuellement-en-garde-a-vue","status":"publish","type":"post","link":"https:\/\/www.iceagetv.com\/radiosite\/une-enfant-de-11-ans-a-ete-retrouvee-morte-dans-la-nuit-apres-avoir-disparu-a-la-sortie-de-son-college-a-epinay-sur-orge-un-couple-age-de-23-et-21-ans-sont-actuellement-en-garde-a-vue\/","title":{"rendered":"Une enfant de 11 ans a \u00e9t\u00e9 retrouv\u00e9e morte dans la nuit apr\u00e8s avoir disparu \u00e0 la sortie de son coll\u00e8ge \u00e0 Epinay-sur-Orge &#8211; Un couple \u00e2g\u00e9 de 23 et 21 ans sont actuellement en garde-\u00e0-vue"},"content":{"rendered":"\n<p class=\"\"><strong>Deux personnes sont actuellement en garde \u00e0 vue. Selon les informations du Figaro, il s\u2019agit d\u2019un couple habitant \u00e0 \u00c9pinay-sur-Orge qui a \u00e9t\u00e9 interpell\u00e9 \u00e0 son domicile vendredi \u00e0 00h45. L\u2019homme est \u00e2g\u00e9 de 23 ans et est inconnu des services de police.<\/strong><\/p>\n\n\n\n<p class=\"\">Sa compagne a quant elle 21 ans et est sans ant\u00e9c\u00e9dent judiciaire. Les effectifs de police ont \u00e9t\u00e9 orient\u00e9s vers ce couple \u00e0 la suite d\u2019un signalement leur indiquant qu\u2019ils \u00e9taient susceptibles d\u2019\u00eatre li\u00e9s \u00e0 l\u2019enl\u00e8vement de Louise.<br>Des v\u00e9rifications sont en cours, a fait savoir le procureur d\u2019\u00c9vry.<\/p>\n\n\n\n<p class=\"\">Louise, 11 ans, a \u00e9t\u00e9 retrouv\u00e9e morte dans la nuit de vendredi \u00e0 samedi dans le bois des Templiers apr\u00e8s s\u2019\u00eatre volatilis\u00e9e \u00e0 la sortie du coll\u00e8ge Andr\u00e9 Maurois, o\u00f9 elle \u00e9tait scolaris\u00e9e \u00e0 Epinay-sur-Orge (Essonne).<br>Une enqu\u00eate pour \u00abmeurtre sur mineur de 15 ans\u00bb a \u00e9t\u00e9 ouverte, a indiqu\u00e9 le procureur de la R\u00e9publique d\u2019\u00c9vry, Gr\u00e9goire Dulin.<\/p>\n\n\n\n<p class=\"\">Une autopsie est pr\u00e9vue dans l\u2019apr\u00e8s-midi \u00e0 l\u2019institut m\u00e9dico-l\u00e9gal de Corbeil-Essonnes.<strong>Une enfant de 11 ans a \u00e9t\u00e9 retrouv\u00e9e morte dans la nuit de vendredi \u00e0 samedi dans un bois, apr\u00e8s avoir disparu \u00e0 la sortie de son coll\u00e8ge \u00e0 Epinay-sur-Orge (Essonne), et une enqu\u00eate pour meurtre sur mineur a \u00e9t\u00e9 ouverte, a indiqu\u00e9 \u00e0 l\u2019AFP le procureur de la R\u00e9publique d\u2019\u00c9vry Gr\u00e9goire Dulin.<\/strong><\/p>\n\n\n\n<p class=\"\">Apr\u00e8s sa disparition \u00e0 la sortie de son coll\u00e8ge \u00e0 15h00 et des recherches pendant la nuit, \u00ab\u00e0 02h30 du matin, on retrouvait cette jeune fille morte dans un bois\u00bb, a relat\u00e9 le procureur, pr\u00e9cisant qu\u2019une enqu\u00eate pour \u00abmeurtre sur mineur de 15 ans\u00bb a \u00e9t\u00e9 ouverte.<\/p>\n","protected":false},"excerpt":{"rendered":"<p>Deux personnes sont actuellement en garde \u00e0 vue. Selon les informations du Figaro, il s\u2019agit d\u2019un couple habitant \u00e0 \u00c9pinay-sur-Orge qui a \u00e9t\u00e9 interpell\u00e9 \u00e0 son domicile vendredi \u00e0 00h45. L\u2019homme est \u00e2g\u00e9 de 23 ans et est inconnu des services de police. Sa compagne a quant elle 21 ans et est sans ant\u00e9c\u00e9dent judiciaire. [&hellip;]<\/p>\n","protected":false},"author":2,"featured_media":33056,"comment_status":"open","ping_status":"open","sticky":false,"template":"","format":"standard","meta":{"_jetpack_memberships_contains_paid_content":false,"footnotes":"","jetpack_publicize_message":"","jetpack_publicize_feature_enabled":true,"jetpack_social_post_already_shared":true,"jetpack_social_options":{"image_generator_settings":{"template":"highway","enabled":true,"token":"eyJpbWciOiJodHRwczpcL1wvd3d3LmljZWFnZXR2LmNvbVwvcmFkaW9zaXRlXC93cC1jb250ZW50XC91cGxvYWRzXC8yMDI1XC8wMlwvZWFaOGRXcEkuanBnIiwidHh0IjoiVW5lIGVuZmFudCBkZSAxMSBhbnMgYSBcdTAwZTl0XHUwMGU5IHJldHJvdXZcdTAwZTllIG1vcnRlIGRhbnMgbGEgbnVpdCBhcHJcdTAwZThzIGF2b2lyIGRpc3BhcnUgXHUwMGUwIGxhIHNvcnRpZSBkZSBzb24gY29sbFx1MDBlOGdlIFx1MDBlMCBFcGluYXktc3VyLU9yZ2UgJiM4MjExOyBVbiBjb3VwbGUgXHUwMGUyZ1x1MDBlOSBkZSAyMyBldCAyMSBhbnMgc29udCBhY3R1ZWxsZW1lbnQgZW4gZ2FyZGUtXHUwMGUwLXZ1ZSIsInRlbXBsYXRlIjoiaGlnaHdheSIsImJsb2dfaWQiOjExMTAxNjQ2MX0.q7sygNtf1ACFCVvnJdvjTx2N7Q7ahNq6DHIEgOfWBSQMQ"},"version":2},"_wpas_customize_per_network":false},"categories":[405],"tags":[],"class_list":["post-33055","post","type-post","status-publish","format-standard","has-post-thumbnail","hentry","category-actu-france-monde"],"jetpack_publicize_connections":[],"jetpack_featured_media_url":"https:\/\/i0.wp.com\/www.iceagetv.com\/radiosite\/wp-content\/uploads\/2025\/02\/eaZ8dWpI.jpg?fit=679%2C293&ssl=1","jetpack_sharing_enabled":true,"_links":{"self":[{"href":"https:\/\/www.iceagetv.com\/radiosite\/wp-json\/wp\/v2\/posts\/33055","targetHints":{"allow":["GET"]}}],"collection":[{"href":"https:\/\/www.iceagetv.com\/radiosite\/wp-json\/wp\/v2\/posts"}],"about":[{"href":"https:\/\/www.iceagetv.com\/radiosite\/wp-json\/wp\/v2\/types\/post"}],"author":[{"embeddable":true,"href":"https:\/\/www.iceagetv.com\/radiosite\/wp-json\/wp\/v2\/users\/2"}],"replies":[{"embeddable":true,"href":"https:\/\/www.iceagetv.com\/radiosite\/wp-json\/wp\/v2\/comments?post=33055"}],"version-history":[{"count":1,"href":"https:\/\/www.iceagetv.com\/radiosite\/wp-json\/wp\/v2\/posts\/33055\/revisions"}],"predecessor-version":[{"id":33057,"href":"https:\/\/www.iceagetv.com\/radiosite\/wp-json\/wp\/v2\/posts\/33055\/revisions\/33057"}],"wp:featuredmedia":[{"embeddable":true,"href":"https:\/\/www.iceagetv.com\/radiosite\/wp-json\/wp\/v2\/media\/33056"}],"wp:attachment":[{"href":"https:\/\/www.iceagetv.com\/radiosite\/wp-json\/wp\/v2\/media?parent=33055"}],"wp:term":[{"taxonomy":"category","embeddable":true,"href":"https:\/\/www.iceagetv.com\/radiosite\/wp-json\/wp\/v2\/categories?post=33055"},{"taxonomy":"post_tag","embeddable":true,"href":"https:\/\/www.iceagetv.com\/radiosite\/wp-json\/wp\/v2\/tags?post=33055"}],"curies":[{"name":"wp","href":"https:\/\/api.w.org\/{rel}","templated":true}]}}