{"id":33070,"date":"2025-02-09T09:28:15","date_gmt":"2025-02-09T08:28:15","guid":{"rendered":"https:\/\/www.iceagetv.com\/radiosite\/?p=33070"},"modified":"2025-02-09T09:28:19","modified_gmt":"2025-02-09T08:28:19","slug":"nice-une-petite-fille-de-3-ans-meurt-dans-lincendie-dun-appartement","status":"publish","type":"post","link":"https:\/\/www.iceagetv.com\/radiosite\/nice-une-petite-fille-de-3-ans-meurt-dans-lincendie-dun-appartement\/","title":{"rendered":"Nice: une petite fille de 3 ans meurt dans l&rsquo;incendie d&rsquo;un appartement"},"content":{"rendered":"\n<p class=\"\">Le feu s&rsquo;est d\u00e9clar\u00e9 dans un immeuble du boulevard Henri-Sappia dans la nuit du samedi 8 au dimanche 9 f\u00e9vrier. Cinq autres personnes ont \u00e9t\u00e9 l\u00e9g\u00e8rement bless\u00e9es.<\/p>\n\n\n\n<p class=\"\">Un incendie s&rsquo;est d\u00e9clar\u00e9 dans un appartement du boulevard Henri-Sappia, \u00e0 Nice, dans la nuit du samedi 8 au dimanche 9 f\u00e9vrier, a appris BFMTV de source polici\u00e8re, confirmant une information publi\u00e9e par&nbsp;<a href=\"https:\/\/www.nicematin.com\/faits-divers\/une-petite-fille-de-3-ans-meurt-dans-l-incendie-d-un-appartement-en-pleine-nuit-a-nice-972606\" target=\"_blank\" rel=\"noreferrer noopener\">Nice-Matin<\/a>.<\/p>\n\n\n\n<p class=\"\">Une petite fille de 3 ans a succomb\u00e9 \u00e0 ses blessures au 6e \u00e9tage d&rsquo;un immeuble qui en compte huit. L\u00e9g\u00e8rement touch\u00e9es, cinq personnes ont \u00e9t\u00e9 prises en charge, quatre autres sont indemnes, nous pr\u00e9cisent les sapeurs-pompiers.Ces derniers ont \u00e9t\u00e9 appel\u00e9s \u00e0 intervenir vers 1 heure du matin. Si l&rsquo;incendie est \u00e0 pr\u00e9sent \u00e9teint, l&rsquo;appartement sinistr\u00e9 est totalement d\u00e9truit.<\/p>\n\n\n\n<p class=\"\">Les polices nationale et municipale se sont rendues sur les lieux de l&rsquo;incendie, ainsi que le procureur de la R\u00e9publique.<\/p>\n\n\n\n<h2 class=\"wp-block-heading\" id=\"efggp\">Un \u00ab\u00a0terrible drame\u00a0\u00bb<\/h2>\n\n\n\n<p class=\"\">Premier adjoint \u00e0 la mairie de Nice, Anthony Borr\u00e9 d\u00e9plore un \u00ab\u00a0terrible drame\u00a0\u00bb dans le quartier de Las Planas. Et assure les sinistr\u00e9s de la mobilisation de la municipalit\u00e9 et de C\u00f4te d&rsquo;Azur Habitat pour les accompagner et s\u00e9curiser les logements.\u00c9ric Ciotti, d\u00e9put\u00e9 Union des droites des Alpes-Maritimes, partage de son c\u00f4t\u00e9 sa \u00ab\u00a0tristesse immense\u00a0\u00bb quant \u00e0 la mort de la jeune fille. \u00ab\u00a0Mes pens\u00e9es \u00e9mues et mes plus sinc\u00e8res condol\u00e9ances vont \u00e0 ses parents et \u00e0 sa famille\u00a0\u00bb, \u00e9crit l&rsquo;\u00e9lu sur X, saluant le courage des sapeurs-pompiers.<\/p>\n","protected":false},"excerpt":{"rendered":"<p>Le feu s&rsquo;est d\u00e9clar\u00e9 dans un immeuble du boulevard Henri-Sappia dans la nuit du samedi 8 au dimanche 9 f\u00e9vrier. Cinq autres personnes ont \u00e9t\u00e9 l\u00e9g\u00e8rement bless\u00e9es. Un incendie s&rsquo;est d\u00e9clar\u00e9 dans un appartement du boulevard Henri-Sappia, \u00e0 Nice, dans la nuit du samedi 8 au dimanche 9 f\u00e9vrier, a appris BFMTV de source polici\u00e8re, [&hellip;]<\/p>\n","protected":false},"author":2,"featured_media":33071,"comment_status":"open","ping_status":"open","sticky":false,"template":"","format":"standard","meta":{"_jetpack_memberships_contains_paid_content":false,"footnotes":"","jetpack_publicize_message":"","jetpack_publicize_feature_enabled":true,"jetpack_social_post_already_shared":true,"jetpack_social_options":{"image_generator_settings":{"template":"highway","enabled":true,"token":"eyJpbWciOiJodHRwczpcL1wvd3d3LmljZWFnZXR2LmNvbVwvcmFkaW9zaXRlXC93cC1jb250ZW50XC91cGxvYWRzXC8yMDI1XC8wMlwvTmljZS5qcGciLCJ0eHQiOiJOaWNlOiB1bmUgcGV0aXRlIGZpbGxlIGRlIDMgYW5zIG1ldXJ0IGRhbnMgbCYjODIxNztpbmNlbmRpZSBkJiM4MjE3O3VuIGFwcGFydGVtZW50IiwidGVtcGxhdGUiOiJoaWdod2F5IiwiYmxvZ19pZCI6MTExMDE2NDYxfQ.p-vr7LnPd-huNdOiIJY5WrjxogTwfz_qaDlvHBeIG7YMQ"},"version":2},"_wpas_customize_per_network":false},"categories":[405],"tags":[],"class_list":["post-33070","post","type-post","status-publish","format-standard","has-post-thumbnail","hentry","category-actu-france-monde"],"jetpack_publicize_connections":[],"jetpack_featured_media_url":"https:\/\/i0.wp.com\/www.iceagetv.com\/radiosite\/wp-content\/uploads\/2025\/02\/Nice.jpg?fit=689%2C411&ssl=1","jetpack_sharing_enabled":true,"_links":{"self":[{"href":"https:\/\/www.iceagetv.com\/radiosite\/wp-json\/wp\/v2\/posts\/33070","targetHints":{"allow":["GET"]}}],"collection":[{"href":"https:\/\/www.iceagetv.com\/radiosite\/wp-json\/wp\/v2\/posts"}],"about":[{"href":"https:\/\/www.iceagetv.com\/radiosite\/wp-json\/wp\/v2\/types\/post"}],"author":[{"embeddable":true,"href":"https:\/\/www.iceagetv.com\/radiosite\/wp-json\/wp\/v2\/users\/2"}],"replies":[{"embeddable":true,"href":"https:\/\/www.iceagetv.com\/radiosite\/wp-json\/wp\/v2\/comments?post=33070"}],"version-history":[{"count":1,"href":"https:\/\/www.iceagetv.com\/radiosite\/wp-json\/wp\/v2\/posts\/33070\/revisions"}],"predecessor-version":[{"id":33072,"href":"https:\/\/www.iceagetv.com\/radiosite\/wp-json\/wp\/v2\/posts\/33070\/revisions\/33072"}],"wp:featuredmedia":[{"embeddable":true,"href":"https:\/\/www.iceagetv.com\/radiosite\/wp-json\/wp\/v2\/media\/33071"}],"wp:attachment":[{"href":"https:\/\/www.iceagetv.com\/radiosite\/wp-json\/wp\/v2\/media?parent=33070"}],"wp:term":[{"taxonomy":"category","embeddable":true,"href":"https:\/\/www.iceagetv.com\/radiosite\/wp-json\/wp\/v2\/categories?post=33070"},{"taxonomy":"post_tag","embeddable":true,"href":"https:\/\/www.iceagetv.com\/radiosite\/wp-json\/wp\/v2\/tags?post=33070"}],"curies":[{"name":"wp","href":"https:\/\/api.w.org\/{rel}","templated":true}]}}