{"id":33093,"date":"2025-02-10T13:05:01","date_gmt":"2025-02-10T12:05:01","guid":{"rendered":"https:\/\/www.iceagetv.com\/radiosite\/?p=33093"},"modified":"2025-02-10T13:05:05","modified_gmt":"2025-02-10T12:05:05","slug":"marseille-sebastien-delogu-depute-de-la-france-insoumise-confirme-une-nouvelle-fois-quil-pourrait-se-presenter-aux-prochaines-municipales-pour-devenir-le-maire-de-la-cite-phoceenne","status":"publish","type":"post","link":"https:\/\/www.iceagetv.com\/radiosite\/marseille-sebastien-delogu-depute-de-la-france-insoumise-confirme-une-nouvelle-fois-quil-pourrait-se-presenter-aux-prochaines-municipales-pour-devenir-le-maire-de-la-cite-phoceenne\/","title":{"rendered":"Marseille: S\u00e9bastien Delogu, d\u00e9put\u00e9 de la France insoumise, confirme une nouvelle fois qu\u2019il pourrait se pr\u00e9senter aux prochaines municipales pour devenir le maire de la cit\u00e9 phoc\u00e9enne"},"content":{"rendered":"\n<p class=\"\">S\u00e9bastien Delogu, d\u00e9put\u00e9 La France insoumise, a accord\u00e9 une interview au quotidien \u00ab\u00a0<a href=\"https:\/\/www.laprovence.com\/article\/politique\/61860428677405\/municipales-a-marseille-lfi-doit-conduire-l-union-de-la-gauche-en-2026-pour-sebastien-delogu\" target=\"_blank\" rel=\"noreferrer noopener\">La Provence<\/a>\u00ab\u00a0. Au cours de l&rsquo;entretien, il a \u00e9t\u00e9 interrog\u00e9 sur une possible candidature \u00e0 la mairie de Paris en 2026.<\/p>\n\n\n\n<p class=\"\">\u00ab\u00a0J&rsquo;ai d\u00e9j\u00e0 dit que je r\u00e9fl\u00e9chissais \u00e0 une candidature. Mais il y a un processus \u00e0 respecter. Non pas parce que LFI ne me fait pas confiance, comme le dit le PS dans les couloirs, mais par rapport \u00e0 la structure de notre mouvement\u00a0\u00bb, d\u00e9clare le d\u00e9put\u00e9 aupr\u00e8s de nos confr\u00e8res.&nbsp;<\/p>\n\n\n\n<p class=\"\">Et d&rsquo;ajouter : \u00ab\u00a0LFI est arriv\u00e9e en t\u00eate de la gauche aux derni\u00e8res \u00e9lections et a la responsabilit\u00e9 de mener l&rsquo;union de la gauche \u00e0 Marseille. D\u00e8s qu&rsquo;un programme politique sera mis sur la table, il y aura une liste LFI. \u00c0 ce moment-l\u00e0, on verra qui veut s&rsquo;y projeter\u00a0\u00bb.<\/p>\n\n\n\n<p class=\"\">\u00ab\u00a0Mon r\u00eave n&rsquo;est pas de devenir maire mais que la ville se porte bien. Je ne fais pas de diff\u00e9rence entre les peuples, la couleur de peau, la religion ou le statut social des Marseillais\u00a0\u00bb,&nbsp;<\/p>\n\n\n\n<p class=\"\"> S ource jeanmarcmorandini.<\/p>\n","protected":false},"excerpt":{"rendered":"<p>S\u00e9bastien Delogu, d\u00e9put\u00e9 La France insoumise, a accord\u00e9 une interview au quotidien \u00ab\u00a0La Provence\u00ab\u00a0. Au cours de l&rsquo;entretien, il a \u00e9t\u00e9 interrog\u00e9 sur une possible candidature \u00e0 la mairie de Paris en 2026. \u00ab\u00a0J&rsquo;ai d\u00e9j\u00e0 dit que je r\u00e9fl\u00e9chissais \u00e0 une candidature. Mais il y a un processus \u00e0 respecter. Non pas parce que LFI [&hellip;]<\/p>\n","protected":false},"author":2,"featured_media":33094,"comment_status":"open","ping_status":"open","sticky":false,"template":"","format":"standard","meta":{"_jetpack_memberships_contains_paid_content":false,"footnotes":"","jetpack_publicize_message":"","jetpack_publicize_feature_enabled":true,"jetpack_social_post_already_shared":true,"jetpack_social_options":{"image_generator_settings":{"template":"highway","enabled":true,"token":"eyJpbWciOiJodHRwczpcL1wvd3d3LmljZWFnZXR2LmNvbVwvcmFkaW9zaXRlXC93cC1jb250ZW50XC91cGxvYWRzXC8yMDI1XC8wMlwvU2ViYXN0aWVuLURlbG9ndS5qcGciLCJ0eHQiOiJNYXJzZWlsbGU6IFNcdTAwZTliYXN0aWVuIERlbG9ndSwgZFx1MDBlOXB1dFx1MDBlOSBkZSBsYSBGcmFuY2UgaW5zb3VtaXNlLCBjb25maXJtZSB1bmUgbm91dmVsbGUgZm9pcyBxdVx1MjAxOWlsIHBvdXJyYWl0IHNlIHByXHUwMGU5c2VudGVyIGF1eCBwcm9jaGFpbmVzIG11bmljaXBhbGVzIHBvdXIgZGV2ZW5pciBsZSBtYWlyZSBkZSBsYSBjaXRcdTAwZTkgcGhvY1x1MDBlOWVubmUiLCJ0ZW1wbGF0ZSI6ImhpZ2h3YXkiLCJibG9nX2lkIjoxMTEwMTY0NjF9.icvXPKqlwwS4hU1IBkL-M3xBAALhhYKWIOVglV90XEoMQ"},"version":2},"_wpas_customize_per_network":false},"categories":[405],"tags":[],"class_list":["post-33093","post","type-post","status-publish","format-standard","has-post-thumbnail","hentry","category-actu-france-monde"],"jetpack_publicize_connections":[],"jetpack_featured_media_url":"https:\/\/i0.wp.com\/www.iceagetv.com\/radiosite\/wp-content\/uploads\/2025\/02\/Sebastien-Delogu.jpg?fit=320%2C140&ssl=1","jetpack_sharing_enabled":true,"_links":{"self":[{"href":"https:\/\/www.iceagetv.com\/radiosite\/wp-json\/wp\/v2\/posts\/33093","targetHints":{"allow":["GET"]}}],"collection":[{"href":"https:\/\/www.iceagetv.com\/radiosite\/wp-json\/wp\/v2\/posts"}],"about":[{"href":"https:\/\/www.iceagetv.com\/radiosite\/wp-json\/wp\/v2\/types\/post"}],"author":[{"embeddable":true,"href":"https:\/\/www.iceagetv.com\/radiosite\/wp-json\/wp\/v2\/users\/2"}],"replies":[{"embeddable":true,"href":"https:\/\/www.iceagetv.com\/radiosite\/wp-json\/wp\/v2\/comments?post=33093"}],"version-history":[{"count":1,"href":"https:\/\/www.iceagetv.com\/radiosite\/wp-json\/wp\/v2\/posts\/33093\/revisions"}],"predecessor-version":[{"id":33095,"href":"https:\/\/www.iceagetv.com\/radiosite\/wp-json\/wp\/v2\/posts\/33093\/revisions\/33095"}],"wp:featuredmedia":[{"embeddable":true,"href":"https:\/\/www.iceagetv.com\/radiosite\/wp-json\/wp\/v2\/media\/33094"}],"wp:attachment":[{"href":"https:\/\/www.iceagetv.com\/radiosite\/wp-json\/wp\/v2\/media?parent=33093"}],"wp:term":[{"taxonomy":"category","embeddable":true,"href":"https:\/\/www.iceagetv.com\/radiosite\/wp-json\/wp\/v2\/categories?post=33093"},{"taxonomy":"post_tag","embeddable":true,"href":"https:\/\/www.iceagetv.com\/radiosite\/wp-json\/wp\/v2\/tags?post=33093"}],"curies":[{"name":"wp","href":"https:\/\/api.w.org\/{rel}","templated":true}]}}