{"id":33097,"date":"2025-02-10T16:28:33","date_gmt":"2025-02-10T15:28:33","guid":{"rendered":"https:\/\/www.iceagetv.com\/radiosite\/?p=33097"},"modified":"2025-02-10T16:28:37","modified_gmt":"2025-02-10T15:28:37","slug":"auriol-un-chauffeur-de-bus-scolaire-controle-sans-permis-et-teste-positif-au-cannabis","status":"publish","type":"post","link":"https:\/\/www.iceagetv.com\/radiosite\/auriol-un-chauffeur-de-bus-scolaire-controle-sans-permis-et-teste-positif-au-cannabis\/","title":{"rendered":"Auriol: un chauffeur de bus scolaire contr\u00f4l\u00e9 sans permis et test\u00e9 positif au cannabis"},"content":{"rendered":"\n<p class=\"\">Alors qu&rsquo;il transportait plusieurs \u00e9l\u00e8ves dans un car, un chauffeur de 29 ans a \u00e9t\u00e9 contr\u00f4l\u00e9 sans permis de conduire, et test\u00e9 positif au cannabis, ce vendredi 7 f\u00e9vrier \u00e0 Auriol.<\/p>\n\n\n\n<p class=\"\">Un conducteur de bus scolaire a \u00e9t\u00e9 test\u00e9 positif au cannabis, lors d&rsquo;un contr\u00f4le effectu\u00e9 par les gendarmes \u00e0 Auriol (Bouches-du-Rh\u00f4ne), ce vendredi 7 f\u00e9vrier, a appris BFM Marseille Provence aupr\u00e8s de la gendarmerie, confirmant une information de&nbsp;<a href=\"https:\/\/www.laprovence.com\/article\/faits-divers-justice\/26937941337709\/sans-permis-et-conduisant-sous-stupefiants-un-chauffeur-de-bus-scolaire-a-auriol-interpelle\" target=\"_blank\" rel=\"noreferrer noopener\">La Provence.<\/a><\/p>\n\n\n\n<p class=\"\">Le chauffeur de 29 ans n&rsquo;avait pas de permis de conduire. Il a \u00e9t\u00e9 plac\u00e9 en garde \u00e0 vue. Les gendarmes \u00e9taient missionn\u00e9s pour un contr\u00f4le routier, lorsqu&rsquo;ils ont fait s&rsquo;arr\u00eater ce car, dans lequel se trouvaient plusieurs \u00e9l\u00e8ves.Des op\u00e9rations dans toute la France<\/p>\n\n\n\n<p class=\"\">Ce contr\u00f4le s&rsquo;inscrit dans le cadre d&rsquo;une op\u00e9ration massive de contr\u00f4le des conducteurs de bus, apr\u00e8s l&rsquo;accident d&rsquo;un car scolaire qui a caus\u00e9 la mort d&rsquo;une adolescente le 30 janvier,&nbsp;<a href=\"https:\/\/www.bfmtv.com\/politique\/depistages-des-chauffeurs-j-ai-souhaite-que-les-societes-qui-ont-en-charge-le-transport-de-nos-enfants-puissent-mener-des-tests-en-permanence-explique-philippe-tabarot-ministre-des-transports_VN-202502050510.html\">en Eure-et-Loir.<\/a>&nbsp;Le conducteur de ce car avait \u00e9t\u00e9 test\u00e9 positif au cannabis et mis en examen.<\/p>\n\n\n\n<p class=\"\">Ces contr\u00f4les ont \u00e9t\u00e9 organis\u00e9s dans toute la France. R\u00e9cemment dans<a href=\"https:\/\/www.bfmtv.com\/lyon\/faits-divers\/rhone-trois-chauffeurs-de-car-testes-positifs-aux-stupefiants-lors-d-une-vaste-operation-de-controles_AN-202502080341.html\">&nbsp;le Rh\u00f4ne<\/a>, trois chauffeurs ont \u00e9t\u00e9 test\u00e9s positifs aux stup\u00e9fiants, et un a \u00e9t\u00e9 arr\u00eat\u00e9 pour conduite malgr\u00e9 une suspension de permis.<\/p>\n\n\n\n<p class=\"\">.bfmtv.com\/marseille<\/p>\n","protected":false},"excerpt":{"rendered":"<p>Alors qu&rsquo;il transportait plusieurs \u00e9l\u00e8ves dans un car, un chauffeur de 29 ans a \u00e9t\u00e9 contr\u00f4l\u00e9 sans permis de conduire, et test\u00e9 positif au cannabis, ce vendredi 7 f\u00e9vrier \u00e0 Auriol. Un conducteur de bus scolaire a \u00e9t\u00e9 test\u00e9 positif au cannabis, lors d&rsquo;un contr\u00f4le effectu\u00e9 par les gendarmes \u00e0 Auriol (Bouches-du-Rh\u00f4ne), ce vendredi 7 [&hellip;]<\/p>\n","protected":false},"author":2,"featured_media":33098,"comment_status":"open","ping_status":"open","sticky":false,"template":"","format":"standard","meta":{"_jetpack_memberships_contains_paid_content":false,"footnotes":"","jetpack_publicize_message":"","jetpack_publicize_feature_enabled":true,"jetpack_social_post_already_shared":true,"jetpack_social_options":{"image_generator_settings":{"template":"highway","enabled":true,"token":"eyJpbWciOiJodHRwczpcL1wvd3d3LmljZWFnZXR2LmNvbVwvcmFkaW9zaXRlXC93cC1jb250ZW50XC91cGxvYWRzXC8yMDI1XC8wMlwvQXVyaW9sLmpwZyIsInR4dCI6IkF1cmlvbDogdW4gY2hhdWZmZXVyIGRlIGJ1cyBzY29sYWlyZSBjb250clx1MDBmNGxcdTAwZTkgc2FucyBwZXJtaXMgZXQgdGVzdFx1MDBlOSBwb3NpdGlmIGF1IGNhbm5hYmlzIiwidGVtcGxhdGUiOiJoaWdod2F5IiwiYmxvZ19pZCI6MTExMDE2NDYxfQ.vGvSWwQ_HMI9kathVCrtZnEH8b0c1HwZwB4bFsJeXE0MQ"},"version":2},"_wpas_customize_per_network":false},"categories":[405],"tags":[],"class_list":["post-33097","post","type-post","status-publish","format-standard","has-post-thumbnail","hentry","category-actu-france-monde"],"jetpack_publicize_connections":[],"jetpack_featured_media_url":"https:\/\/i0.wp.com\/www.iceagetv.com\/radiosite\/wp-content\/uploads\/2025\/02\/Auriol.jpg?fit=794%2C434&ssl=1","jetpack_sharing_enabled":true,"_links":{"self":[{"href":"https:\/\/www.iceagetv.com\/radiosite\/wp-json\/wp\/v2\/posts\/33097","targetHints":{"allow":["GET"]}}],"collection":[{"href":"https:\/\/www.iceagetv.com\/radiosite\/wp-json\/wp\/v2\/posts"}],"about":[{"href":"https:\/\/www.iceagetv.com\/radiosite\/wp-json\/wp\/v2\/types\/post"}],"author":[{"embeddable":true,"href":"https:\/\/www.iceagetv.com\/radiosite\/wp-json\/wp\/v2\/users\/2"}],"replies":[{"embeddable":true,"href":"https:\/\/www.iceagetv.com\/radiosite\/wp-json\/wp\/v2\/comments?post=33097"}],"version-history":[{"count":1,"href":"https:\/\/www.iceagetv.com\/radiosite\/wp-json\/wp\/v2\/posts\/33097\/revisions"}],"predecessor-version":[{"id":33099,"href":"https:\/\/www.iceagetv.com\/radiosite\/wp-json\/wp\/v2\/posts\/33097\/revisions\/33099"}],"wp:featuredmedia":[{"embeddable":true,"href":"https:\/\/www.iceagetv.com\/radiosite\/wp-json\/wp\/v2\/media\/33098"}],"wp:attachment":[{"href":"https:\/\/www.iceagetv.com\/radiosite\/wp-json\/wp\/v2\/media?parent=33097"}],"wp:term":[{"taxonomy":"category","embeddable":true,"href":"https:\/\/www.iceagetv.com\/radiosite\/wp-json\/wp\/v2\/categories?post=33097"},{"taxonomy":"post_tag","embeddable":true,"href":"https:\/\/www.iceagetv.com\/radiosite\/wp-json\/wp\/v2\/tags?post=33097"}],"curies":[{"name":"wp","href":"https:\/\/api.w.org\/{rel}","templated":true}]}}