{"id":33100,"date":"2025-02-10T18:55:20","date_gmt":"2025-02-10T17:55:20","guid":{"rendered":"https:\/\/www.iceagetv.com\/radiosite\/?p=33100"},"modified":"2025-02-10T18:55:22","modified_gmt":"2025-02-10T17:55:22","slug":"meurtre-de-louise-en-essonne-un-homme-de-23-ans-et-une-femme-de-55-ans-en-garde-a-vue","status":"publish","type":"post","link":"https:\/\/www.iceagetv.com\/radiosite\/meurtre-de-louise-en-essonne-un-homme-de-23-ans-et-une-femme-de-55-ans-en-garde-a-vue\/","title":{"rendered":"Meurtre de Louise en Essonne : un homme de 23 ans et une femme de 55 ans en garde \u00e0 vue"},"content":{"rendered":"\n<p class=\"\">Source ACTU ESSONNE <\/p>\n\n\n\n<p class=\"\">Ce lundi, les enqu\u00eateurs ont interpell\u00e9 et plac\u00e9 en garde \u00e0 vue un jeune homme de 23 ans et sa m\u00e8re de 55 ans dans le cadre de l&rsquo;enqu\u00eate pour meurtre de la jeune Louise.L\u2019enqu\u00eate avance. Un jeune homme de 23 ans et sa m\u00e8re \u00e2g\u00e9e de 55 ans ont \u00e9t\u00e9\u00a0<strong>plac\u00e9s en garde \u00e0 vue<\/strong>\u00a0dans le cadre de l\u2019enqu\u00eate pour\u00a0<a href=\"https:\/\/actu.fr\/tag\/meurtre\">meurtre<\/a>\u00a0de l\u2019adolescente \u00e2g\u00e9e de 11\u00a0ans, ce lundi 10\u00a0f\u00e9vrier 2025, a appris\u00a0<em>actu Essonne<\/em>\u00a0aupr\u00e8s du\u00a0<a href=\"https:\/\/actu.fr\/tag\/tribunal-devry\">parquet d\u2019\u00c9vry-Courcouronnes<\/a>.Des v\u00e9rifications en cours<\/p>\n\n\n\n<p class=\"\">Les deux suspects ont \u00e9t\u00e9 interpell\u00e9s dans l\u2019apr\u00e8s-midi par&nbsp;<strong>les enqu\u00eateurs de la DCOS 78<\/strong>&nbsp;en charge de l\u2019affaire.<\/p>\n\n\n\n<p class=\"\">\u00ab\u2009Deux gardes \u00e0 vue sont en cours. Depuis 14\u2009h\u200955, un homme, \u00e2g\u00e9 de 23\u00a0ans, du chef de meurtre sur une mineure de 15\u00a0ans. Depuis 15\u2009h\u200910 une femme \u00e2g\u00e9e de 55\u00a0ans, du chef de non-d\u00e9nonciation de crime. Des v\u00e9rifications sont en cours afin de\u00a0<strong>d\u00e9terminer leur \u00e9ventuelle implication<\/strong>\u00a0dans la commission de ces faits\u2009\u00bb, indique le procureur de la R\u00e9publique, Gr\u00e9goire Dulin.Un couple d\u2019une vingtaine d\u2019ann\u00e9es avait \u00e9t\u00e9 plac\u00e9 en garde \u00e0 vue samedi avant d\u2019\u00eatre rel\u00e2ch\u00e9 sans poursuites. Le parquet a pr\u00e9cis\u00e9 que l\u2019homme interpell\u00e9 ce lundi n\u2019\u00e9tait pas le m\u00eame que celui lib\u00e9r\u00e9 ce week-end.Pour rappel, la jeune Louise a \u00e9t\u00e9\u00a0<strong>retrouv\u00e9e morte<\/strong>\u00a0dans la nuit du 7 au 8 f\u00e9vrier 2025 au sein d\u2019un bois de Longjumeau situ\u00e9 \u00e0 quelques m\u00e8tres de son coll\u00e8ge \u00e0 \u00c9pinay-sur-Orge.<\/p>\n\n\n\n<p class=\"\"><\/p>\n","protected":false},"excerpt":{"rendered":"<p>Source ACTU ESSONNE Ce lundi, les enqu\u00eateurs ont interpell\u00e9 et plac\u00e9 en garde \u00e0 vue un jeune homme de 23 ans et sa m\u00e8re de 55 ans dans le cadre de l&rsquo;enqu\u00eate pour meurtre de la jeune Louise.L\u2019enqu\u00eate avance. Un jeune homme de 23 ans et sa m\u00e8re \u00e2g\u00e9e de 55 ans ont \u00e9t\u00e9\u00a0plac\u00e9s en [&hellip;]<\/p>\n","protected":false},"author":2,"featured_media":33101,"comment_status":"open","ping_status":"open","sticky":false,"template":"","format":"standard","meta":{"_jetpack_memberships_contains_paid_content":false,"footnotes":"","jetpack_publicize_message":"","jetpack_publicize_feature_enabled":true,"jetpack_social_post_already_shared":false,"jetpack_social_options":{"image_generator_settings":{"template":"highway","enabled":true,"token":"eyJpbWciOiJodHRwczpcL1wvd3d3LmljZWFnZXR2LmNvbVwvcmFkaW9zaXRlXC93cC1jb250ZW50XC91cGxvYWRzXC8yMDI1XC8wMlwvY20tcG9saWNlLTk2MHg2NDAtMS5qcGVnIiwidHh0IjoiTWV1cnRyZSBkZSBMb3Vpc2UgZW4gRXNzb25uZSA6IHVuIGhvbW1lIGRlIDIzIGFucyBldCB1bmUgZmVtbWUgZGUgNTUgYW5zIGVuIGdhcmRlIFx1MDBlMCB2dWUiLCJ0ZW1wbGF0ZSI6ImhpZ2h3YXkiLCJibG9nX2lkIjoxMTEwMTY0NjF9.OyZM013HjnOt9CkNWZzeFY-iS0YjL630CBjgjr173aIMQ"},"version":2},"_wpas_customize_per_network":false},"categories":[405],"tags":[],"class_list":["post-33100","post","type-post","status-publish","format-standard","has-post-thumbnail","hentry","category-actu-france-monde"],"jetpack_publicize_connections":[],"jetpack_featured_media_url":"https:\/\/i0.wp.com\/www.iceagetv.com\/radiosite\/wp-content\/uploads\/2025\/02\/cm-police-960x640-1.jpeg?fit=960%2C640&ssl=1","jetpack_sharing_enabled":true,"_links":{"self":[{"href":"https:\/\/www.iceagetv.com\/radiosite\/wp-json\/wp\/v2\/posts\/33100","targetHints":{"allow":["GET"]}}],"collection":[{"href":"https:\/\/www.iceagetv.com\/radiosite\/wp-json\/wp\/v2\/posts"}],"about":[{"href":"https:\/\/www.iceagetv.com\/radiosite\/wp-json\/wp\/v2\/types\/post"}],"author":[{"embeddable":true,"href":"https:\/\/www.iceagetv.com\/radiosite\/wp-json\/wp\/v2\/users\/2"}],"replies":[{"embeddable":true,"href":"https:\/\/www.iceagetv.com\/radiosite\/wp-json\/wp\/v2\/comments?post=33100"}],"version-history":[{"count":1,"href":"https:\/\/www.iceagetv.com\/radiosite\/wp-json\/wp\/v2\/posts\/33100\/revisions"}],"predecessor-version":[{"id":33102,"href":"https:\/\/www.iceagetv.com\/radiosite\/wp-json\/wp\/v2\/posts\/33100\/revisions\/33102"}],"wp:featuredmedia":[{"embeddable":true,"href":"https:\/\/www.iceagetv.com\/radiosite\/wp-json\/wp\/v2\/media\/33101"}],"wp:attachment":[{"href":"https:\/\/www.iceagetv.com\/radiosite\/wp-json\/wp\/v2\/media?parent=33100"}],"wp:term":[{"taxonomy":"category","embeddable":true,"href":"https:\/\/www.iceagetv.com\/radiosite\/wp-json\/wp\/v2\/categories?post=33100"},{"taxonomy":"post_tag","embeddable":true,"href":"https:\/\/www.iceagetv.com\/radiosite\/wp-json\/wp\/v2\/tags?post=33100"}],"curies":[{"name":"wp","href":"https:\/\/api.w.org\/{rel}","templated":true}]}}