{"id":33104,"date":"2025-02-11T14:01:08","date_gmt":"2025-02-11T13:01:08","guid":{"rendered":"https:\/\/www.iceagetv.com\/radiosite\/?p=33104"},"modified":"2025-02-11T14:01:13","modified_gmt":"2025-02-11T13:01:13","slug":"les-40e-victoires-de-la-musique-celebreront-vendredi-la-chanteuse-sylvie-vartan-qui-a-tire-sa-reverence-fin-janvier-a-80-ans-en-lui-decernant-une-victoire-dhonneur","status":"publish","type":"post","link":"https:\/\/www.iceagetv.com\/radiosite\/les-40e-victoires-de-la-musique-celebreront-vendredi-la-chanteuse-sylvie-vartan-qui-a-tire-sa-reverence-fin-janvier-a-80-ans-en-lui-decernant-une-victoire-dhonneur\/","title":{"rendered":"Les 40e Victoires de la musique c\u00e9l\u00e8breront vendredi la chanteuse Sylvie Vartan, qui a tir\u00e9 sa r\u00e9v\u00e9rence fin janvier \u00e0 80 ans, en lui d\u00e9cernant une Victoire d&rsquo;honneur"},"content":{"rendered":"\n<p class=\"\">Les 40e Victoires de la musique c\u00e9l\u00e8breront vendredi la chanteuse Sylvie Vartan, qui a tir\u00e9 sa r\u00e9v\u00e9rence fin janvier \u00e0 80 ans, en lui d\u00e9cernant une Victoire d&rsquo;honneur, ont annonc\u00e9 lundi les organisateurs de cette grand-messe musicale.<\/p>\n\n\n\n<p class=\"\">Parmi les plus c\u00e9l\u00e8bres artistes francophones, Sylvie Vartan a donn\u00e9 un ultime concert le 26 janvier au Palais des congr\u00e8s \u00e0 Paris, mettant un point final \u00ab\u00a0irr\u00e9vocable\u00a0\u00bb, comme elle l&rsquo;avait confi\u00e9 \u00e0 l&rsquo;AFP, \u00e0 une carri\u00e8re de 63 ans.<\/p>\n\n\n\n<p class=\"\">L&rsquo;idole y\u00e9y\u00e9 compte \u00e0 son actif une cinquantaine d&rsquo;albums, 40 millions de disques vendus, et de nombreux tubes, de \u00ab\u00a0La plus belle pour aller danser\u00a0\u00bb (1964), \u00e0 \u00ab\u00a0L&rsquo;Amour, c&rsquo;est comme une cigarette\u00a0\u00bb (1981) en passant par \u00ab\u00a0Comme un gar\u00e7on\u00a0\u00bb, o\u00f9 elle troque la robe pour \u00ab\u00a0le blouson\u00a0\u00bb et \u00ab\u00a0le ceinturon\u00a0\u00bb, paroles irr\u00e9v\u00e9rencieuses pour l&rsquo;\u00e9poque.<\/p>\n\n\n\n<p class=\"\">Elle n&rsquo;a en revanche jamais re\u00e7u de r\u00e9compense aux Victoires de la Musique, qui f\u00eatent cette ann\u00e9e leurs 40 ans \u00e0 la Seine Musicale \u00e0 Paris. Elle y retrouvera une autre figure y\u00e9y\u00e9, Eddy Mitchell qui sera \u00e9galement distingu\u00e9 d&rsquo;une Victoire d&rsquo;honneur.<\/p>\n\n\n\n<p class=\"\">Cette \u00e9dition-anniversaire prolongera la ferveur des Jeux olympiques et paralympiques de Paris 2024, leurs c\u00e9r\u00e9monies d&rsquo;ouverture et de cl\u00f4ture \u00e9tant en lice, comme plusieurs artistes y ayant particip\u00e9, de Philippe Katerine \u00e0 Yseult en passant par la r\u00e9v\u00e9lation Lucky Love. Elle sera retransmise sur France 2 et France Inter \u00e0 partir de 21H10.<\/p>\n","protected":false},"excerpt":{"rendered":"<p>Les 40e Victoires de la musique c\u00e9l\u00e8breront vendredi la chanteuse Sylvie Vartan, qui a tir\u00e9 sa r\u00e9v\u00e9rence fin janvier \u00e0 80 ans, en lui d\u00e9cernant une Victoire d&rsquo;honneur, ont annonc\u00e9 lundi les organisateurs de cette grand-messe musicale. Parmi les plus c\u00e9l\u00e8bres artistes francophones, Sylvie Vartan a donn\u00e9 un ultime concert le 26 janvier au Palais [&hellip;]<\/p>\n","protected":false},"author":2,"featured_media":33106,"comment_status":"open","ping_status":"open","sticky":false,"template":"","format":"standard","meta":{"_jetpack_memberships_contains_paid_content":false,"footnotes":"","jetpack_publicize_message":"","jetpack_publicize_feature_enabled":true,"jetpack_social_post_already_shared":true,"jetpack_social_options":{"image_generator_settings":{"template":"highway","enabled":true,"token":"eyJpbWciOiJodHRwczpcL1wvd3d3LmljZWFnZXR2LmNvbVwvcmFkaW9zaXRlXC93cC1jb250ZW50XC91cGxvYWRzXC8yMDI1XC8wMlwvaElrWXNod1MuanBnIiwidHh0IjoiTGVzIDQwZSBWaWN0b2lyZXMgZGUgbGEgbXVzaXF1ZSBjXHUwMGU5bFx1MDBlOGJyZXJvbnQgdmVuZHJlZGkgbGEgY2hhbnRldXNlIFN5bHZpZSBWYXJ0YW4sIHF1aSBhIHRpclx1MDBlOSBzYSByXHUwMGU5dlx1MDBlOXJlbmNlIGZpbiBqYW52aWVyIFx1MDBlMCA4MCBhbnMsIGVuIGx1aSBkXHUwMGU5Y2VybmFudCB1bmUgVmljdG9pcmUgZCYjODIxNztob25uZXVyIiwidGVtcGxhdGUiOiJoaWdod2F5IiwiYmxvZ19pZCI6MTExMDE2NDYxfQ.vStlWbcBF_Ci6600u_aE_pEJcnC5kY80p7-VZ18Xc5sMQ"},"version":2},"_wpas_customize_per_network":false},"categories":[68],"tags":[],"class_list":["post-33104","post","type-post","status-publish","format-standard","has-post-thumbnail","hentry","category-actu-culturelle"],"jetpack_publicize_connections":[],"jetpack_featured_media_url":"https:\/\/i0.wp.com\/www.iceagetv.com\/radiosite\/wp-content\/uploads\/2025\/02\/hIkYshwS.jpg?fit=679%2C293&ssl=1","jetpack_sharing_enabled":true,"_links":{"self":[{"href":"https:\/\/www.iceagetv.com\/radiosite\/wp-json\/wp\/v2\/posts\/33104","targetHints":{"allow":["GET"]}}],"collection":[{"href":"https:\/\/www.iceagetv.com\/radiosite\/wp-json\/wp\/v2\/posts"}],"about":[{"href":"https:\/\/www.iceagetv.com\/radiosite\/wp-json\/wp\/v2\/types\/post"}],"author":[{"embeddable":true,"href":"https:\/\/www.iceagetv.com\/radiosite\/wp-json\/wp\/v2\/users\/2"}],"replies":[{"embeddable":true,"href":"https:\/\/www.iceagetv.com\/radiosite\/wp-json\/wp\/v2\/comments?post=33104"}],"version-history":[{"count":1,"href":"https:\/\/www.iceagetv.com\/radiosite\/wp-json\/wp\/v2\/posts\/33104\/revisions"}],"predecessor-version":[{"id":33107,"href":"https:\/\/www.iceagetv.com\/radiosite\/wp-json\/wp\/v2\/posts\/33104\/revisions\/33107"}],"wp:featuredmedia":[{"embeddable":true,"href":"https:\/\/www.iceagetv.com\/radiosite\/wp-json\/wp\/v2\/media\/33106"}],"wp:attachment":[{"href":"https:\/\/www.iceagetv.com\/radiosite\/wp-json\/wp\/v2\/media?parent=33104"}],"wp:term":[{"taxonomy":"category","embeddable":true,"href":"https:\/\/www.iceagetv.com\/radiosite\/wp-json\/wp\/v2\/categories?post=33104"},{"taxonomy":"post_tag","embeddable":true,"href":"https:\/\/www.iceagetv.com\/radiosite\/wp-json\/wp\/v2\/tags?post=33104"}],"curies":[{"name":"wp","href":"https:\/\/api.w.org\/{rel}","templated":true}]}}