{"id":33119,"date":"2025-02-11T17:34:30","date_gmt":"2025-02-11T16:34:30","guid":{"rendered":"https:\/\/www.iceagetv.com\/radiosite\/?p=33119"},"modified":"2025-02-11T17:34:33","modified_gmt":"2025-02-11T16:34:33","slug":"lobjectif-de-laccord-de-paris-deja-depasse-le-monde-pourrait-bien-etre-entre-dans-une-ere-de-surchauffe","status":"publish","type":"post","link":"https:\/\/www.iceagetv.com\/radiosite\/lobjectif-de-laccord-de-paris-deja-depasse-le-monde-pourrait-bien-etre-entre-dans-une-ere-de-surchauffe\/","title":{"rendered":"L&rsquo;objectif de l&rsquo;accord de Paris d\u00e9j\u00e0 d\u00e9pass\u00e9 ? Le monde pourrait bien \u00eatre entr\u00e9 dans une \u00e8re de surchauffe"},"content":{"rendered":"\n<p class=\"\">SOURCE \u00a0<strong><a href=\"https:\/\/actu.fr\/auteur\/redaction-actu\">R\u00e9daction Actu<\/a><\/strong><\/p>\n\n\n\n<p class=\"\">La&nbsp;<a href=\"https:\/\/actu.fr\/planete\/\">plan\u00e8te<\/a>&nbsp;a d\u00e9j\u00e0 connu, en 2024, une ann\u00e9e au-dessus de&nbsp;<strong>1,5&nbsp;\u00b0C<\/strong>&nbsp;de&nbsp;<a href=\"https:\/\/actu.fr\/tag\/rechauffement-climatique\">r\u00e9chauffement<\/a>. Mais ce seuil fix\u00e9 par l\u2019accord de Paris va-t-il pour autant \u00eatre franchi&nbsp;<strong>durablement<\/strong>\u2009? C\u2019est probable car les temp\u00e9ratures r\u00e9centes s\u2019inscrivent dans une tendance de long terme.<\/p>\n\n\n\n<p class=\"\">C\u2019est ce que r\u00e9v\u00e8lent deux \u00e9tudes publi\u00e9es lundi 10\u00a0f\u00e9vrier 2025. Des chercheurs sugg\u00e8rent ainsi, dans des articles publi\u00e9s simultan\u00e9ment\u00a0<a href=\"https:\/\/www.nature.com\/nclimate\/volumes\/15\/issues\/2\">dans la revue\u00a0<em>Nature climate change<\/em><\/a>, que nous pourrions \u00eatre entr\u00e9s dans\u00a0<strong>une p\u00e9riode de plusieurs d\u00e9cennies au-dessus de 1,5\u00a0\u00b0C.<\/strong>\u00c7a ne signifie pas que nous avons \u00e9chou\u00e9\u2009\u00bb<\/p>\n\n\n\n<p class=\"\">2024 a \u00e9t\u00e9 la premi\u00e8re ann\u00e9e calendaire au-dessus de ce niveau de r\u00e9chauffement, avec une temp\u00e9rature moyenne \u00e0 la surface de la plan\u00e8te sup\u00e9rieure de&nbsp;<strong>1,55&nbsp;\u00b0C \u00e0 la moyenne de la p\u00e9riode 1850-1900<\/strong>, selon une analyse de&nbsp;<a href=\"https:\/\/wmo.int\/fr\">l\u2019Organisation m\u00e9t\u00e9orologique mondiale<\/a>&nbsp;(OMM), se basant sur six grandes bases de donn\u00e9es internationales.<\/p>\n\n\n\n<p class=\"\">Avant cela, une s\u00e9rie de 12&nbsp;mois cons\u00e9cutifs au-dessus de ce seuil avait d\u00e9j\u00e0 \u00e9t\u00e9 constat\u00e9e d\u00e8s juin&nbsp;2024 par&nbsp;<a href=\"http:\/\/www.copernicus.eu\/fr\">l\u2019observatoire europ\u00e9en Copernicus<\/a>.<\/p>\n\n\n\n<p class=\"\">\u00ab\u2009Une seule ann\u00e9e \u00e0 plus de 1,5\u00a0\u00b0C\u00a0<strong>ne signifie pas que nous avons \u00e9chou\u00e9<\/strong>\u00a0\u00e0 atteindre les objectifs de temp\u00e9rature \u00e0 long terme de\u00a0<a href=\"https:\/\/actu.fr\/societe\/climat-cinq-ans-apres-l-accord-de-paris-un-sommet-virtuel-pour-redoubler-d-efforts_38078024.html\">l\u2019accord de Paris<\/a>, lesquels portent sur des d\u00e9cennies\u2009\u00bb, a toutefois rappel\u00e9 la secr\u00e9taire g\u00e9n\u00e9rale de l\u2019OMM, Celeste Saulo, reprenant le message de prudence habituel des grandes agences\u00a0<a href=\"https:\/\/actu.fr\/planete\/climat\">climatiques<\/a>.Alerte pr\u00e9coce\u2009\u00bb<\/p>\n\n\n\n<p class=\"\">L\u2019accord historique de 2015 ambitionne de maintenir le r\u00e9chauffement bien en dessous de 2&nbsp;\u00b0C et de poursuivre les efforts pour le&nbsp;<strong>limiter \u00e0 1,5&nbsp;\u00b0C.<\/strong><\/p>\n\n\n\n<p class=\"\">Mais ces temp\u00e9ratures font r\u00e9f\u00e9rence \u00e0 une moyenne climatique \u2013 typiquement sur 20&nbsp;ans \u2013 permettant de lisser la variabilit\u00e9 des temp\u00e9ratures d\u2019une ann\u00e9e sur l\u2019autre. Selon cette d\u00e9finition, le r\u00e9chauffement actuel se situe autour de 1,3&nbsp;\u00b0C.<\/p>\n\n\n\n<p class=\"\">Dans les deux \u00e9tudes, les chercheurs se demandent malgr\u00e9 tout si le franchissement du seuil de 1,5\u00a0\u00b0C sur une ann\u00e9e ne repr\u00e9sente pas\u00a0<strong>une \u00ab\u2009alerte pr\u00e9coce\u2009\u00bb<\/strong>\u00a0indiquant que la limite de long terme est d\u00e9j\u00e0 en voie d\u2019\u00eatre franchie.Les effets attendus vont commencer \u00e0 \u00e9merger\u2009\u00bb<\/p>\n\n\n\n<p class=\"\">Une \u00e9quipe bas\u00e9e en&nbsp;<a href=\"https:\/\/actu.fr\/tag\/allemagne\">Allemagne<\/a>&nbsp;et en Autriche s\u2019est pench\u00e9e sur la question en combinant des donn\u00e9es d\u2019observation et des mod\u00e9lisations.<\/p>\n\n\n\n<p class=\"\">Les scientifiques constatent que depuis le d\u00e9but du&nbsp;<a href=\"https:\/\/actu.fr\/tag\/changement-climatique\">r\u00e9chauffement climatique<\/a>, une fois qu\u2019une ann\u00e9e a d\u00e9pass\u00e9 certains paliers d\u2019augmentation des temp\u00e9ratures moyennes, elles s\u2019inscrivent sur deux d\u00e9cennies \u00e0 ce niveau.<\/p>\n\n\n\n<p class=\"\">Ce mod\u00e8le, si on l\u2019extrapole au seuil de 1,5&nbsp;\u00b0C, sugg\u00e8re que la p\u00e9riode de 20&nbsp;ans au-dessus de cette temp\u00e9rature \u00ab\u2009a d\u00e9j\u00e0 commenc\u00e9 et que&nbsp;<strong>les effets attendus \u00e0 1,5&nbsp;\u00b0C de r\u00e9chauffement vont commencer \u00e0 \u00e9merger\u2009\u00bb<\/strong>, \u00e9crivent les auteurs.<\/p>\n\n\n\n<p class=\"\"><\/p>\n","protected":false},"excerpt":{"rendered":"<p>SOURCE \u00a0R\u00e9daction Actu La&nbsp;plan\u00e8te&nbsp;a d\u00e9j\u00e0 connu, en 2024, une ann\u00e9e au-dessus de&nbsp;1,5&nbsp;\u00b0C&nbsp;de&nbsp;r\u00e9chauffement. Mais ce seuil fix\u00e9 par l\u2019accord de Paris va-t-il pour autant \u00eatre franchi&nbsp;durablement\u2009? C\u2019est probable car les temp\u00e9ratures r\u00e9centes s\u2019inscrivent dans une tendance de long terme. C\u2019est ce que r\u00e9v\u00e8lent deux \u00e9tudes publi\u00e9es lundi 10\u00a0f\u00e9vrier 2025. Des chercheurs sugg\u00e8rent ainsi, dans des articles [&hellip;]<\/p>\n","protected":false},"author":2,"featured_media":33120,"comment_status":"open","ping_status":"open","sticky":false,"template":"","format":"standard","meta":{"_jetpack_memberships_contains_paid_content":false,"footnotes":"","jetpack_publicize_message":"","jetpack_publicize_feature_enabled":true,"jetpack_social_post_already_shared":true,"jetpack_social_options":{"image_generator_settings":{"template":"highway","enabled":true,"token":"eyJpbWciOiJodHRwczpcL1wvd3d3LmljZWFnZXR2LmNvbVwvcmFkaW9zaXRlXC93cC1jb250ZW50XC91cGxvYWRzXC8yMDI1XC8wMlwvM2NhMmVhMDM5ZTEyNjMwYjJlYTAzOWUxMjE0YjJldi05NjB4NjQwLTEuanBnIiwidHh0IjoiTCYjODIxNztvYmplY3RpZiBkZSBsJiM4MjE3O2FjY29yZCBkZSBQYXJpcyBkXHUwMGU5alx1MDBlMCBkXHUwMGU5cGFzc1x1MDBlOSA_IExlIG1vbmRlIHBvdXJyYWl0IGJpZW4gXHUwMGVhdHJlIGVudHJcdTAwZTkgZGFucyB1bmUgXHUwMGU4cmUgZGUgc3VyY2hhdWZmZSIsInRlbXBsYXRlIjoiaGlnaHdheSIsImJsb2dfaWQiOjExMTAxNjQ2MX0.SbtBT0fHaA0kDf0hYi85k-w79PFv2tPmZ3troU9G79EMQ"},"version":2},"_wpas_customize_per_network":false},"categories":[14],"tags":[],"class_list":["post-33119","post","type-post","status-publish","format-standard","has-post-thumbnail","hentry","category-actu-meteo"],"jetpack_publicize_connections":[],"jetpack_featured_media_url":"https:\/\/i0.wp.com\/www.iceagetv.com\/radiosite\/wp-content\/uploads\/2025\/02\/3ca2ea039e12630b2ea039e1214b2ev-960x640-1.jpg?fit=960%2C640&ssl=1","jetpack_sharing_enabled":true,"_links":{"self":[{"href":"https:\/\/www.iceagetv.com\/radiosite\/wp-json\/wp\/v2\/posts\/33119","targetHints":{"allow":["GET"]}}],"collection":[{"href":"https:\/\/www.iceagetv.com\/radiosite\/wp-json\/wp\/v2\/posts"}],"about":[{"href":"https:\/\/www.iceagetv.com\/radiosite\/wp-json\/wp\/v2\/types\/post"}],"author":[{"embeddable":true,"href":"https:\/\/www.iceagetv.com\/radiosite\/wp-json\/wp\/v2\/users\/2"}],"replies":[{"embeddable":true,"href":"https:\/\/www.iceagetv.com\/radiosite\/wp-json\/wp\/v2\/comments?post=33119"}],"version-history":[{"count":1,"href":"https:\/\/www.iceagetv.com\/radiosite\/wp-json\/wp\/v2\/posts\/33119\/revisions"}],"predecessor-version":[{"id":33121,"href":"https:\/\/www.iceagetv.com\/radiosite\/wp-json\/wp\/v2\/posts\/33119\/revisions\/33121"}],"wp:featuredmedia":[{"embeddable":true,"href":"https:\/\/www.iceagetv.com\/radiosite\/wp-json\/wp\/v2\/media\/33120"}],"wp:attachment":[{"href":"https:\/\/www.iceagetv.com\/radiosite\/wp-json\/wp\/v2\/media?parent=33119"}],"wp:term":[{"taxonomy":"category","embeddable":true,"href":"https:\/\/www.iceagetv.com\/radiosite\/wp-json\/wp\/v2\/categories?post=33119"},{"taxonomy":"post_tag","embeddable":true,"href":"https:\/\/www.iceagetv.com\/radiosite\/wp-json\/wp\/v2\/tags?post=33119"}],"curies":[{"name":"wp","href":"https:\/\/api.w.org\/{rel}","templated":true}]}}