{"id":33132,"date":"2025-02-12T11:33:13","date_gmt":"2025-02-12T10:33:13","guid":{"rendered":"https:\/\/www.iceagetv.com\/radiosite\/?p=33132"},"modified":"2025-02-12T11:33:17","modified_gmt":"2025-02-12T10:33:17","slug":"le-ministre-de-linterieur-bruno-retailleau-annonce-sa-candidature-a-la-presidence-des-republicains-je-veux-faire-pour-mon-parti-ce-que-je-fais-a-la-tete-de-mon-ministere-parler-vrai-et-agir-vite","status":"publish","type":"post","link":"https:\/\/www.iceagetv.com\/radiosite\/le-ministre-de-linterieur-bruno-retailleau-annonce-sa-candidature-a-la-presidence-des-republicains-je-veux-faire-pour-mon-parti-ce-que-je-fais-a-la-tete-de-mon-ministere-parler-vrai-et-agir-vite\/","title":{"rendered":"Le ministre de l&rsquo;Int\u00e9rieur Bruno Retailleau annonce sa candidature \u00e0 la pr\u00e9sidence des R\u00e9publicains: \u00ab\u00a0Je veux faire pour mon parti ce que je fais \u00e0 la t\u00eate de mon minist\u00e8re: parler vrai et agir vite"},"content":{"rendered":"\n<p class=\"\">Le ministre de l\u2019Int\u00e9rieur Bruno Retailleau a annonc\u00e9 mercredi sa candidature \u00e0 la pr\u00e9sidence des R\u00e9publicains, un premier pas qui pourrait le propulser dans la course \u00e0 l\u2019Elys\u00e9e et d\u00e9clencher une guerre des chefs \u00e0 droite.<\/p>\n\n\n\n<p class=\"\">\u00ab&nbsp;Aujourd\u2019hui, je veux faire pour mon parti ce que je fais \u00e0 la t\u00eate de mon minist\u00e8re: parler vrai et agir vite&nbsp;\u00bb, a indiqu\u00e9 le ministre dans un courrier adress\u00e9 aux militants dont l\u2019AFP a obtenu une copie, confirmant une information du Figaro.<\/p>\n\n\n\n<p class=\"\">Bruno Retailleau, dont la cote est mont\u00e9e dans les sondages depuis son arriv\u00e9e \u00e0 Beauvau en septembre au sein du gouvernement de l\u2019ex-Premier ministre Michel Barnier, a envoy\u00e9 son message avant une r\u00e9union cruciale lundi du bureau politique de LR qui doit fixer la date du congr\u00e8s pour d\u00e9signer son pr\u00e9sident, poste auquel pourrait aussi se pr\u00e9senter Laurent Wauquiez.<\/p>\n\n\n\n<p class=\"\">Le patron des d\u00e9put\u00e9s de droite avait mis en garde il y a une semaine lors d\u2019un d\u00eener en t\u00eate \u00e0 t\u00eate avec le ministre de l\u2019Int\u00e9rieur sur une \u00ab&nbsp;guerre des chefs d\u00e9vastatrice&nbsp;\u00bb s\u2019il pr\u00e9sentait sa candidature \u00e0 la pr\u00e9sidence du parti, poste qui pourrait lui servir de tremplin pour candidater \u00e0 la pr\u00e9sidentielle.<\/p>\n\n\n\n<p class=\"\">Lors de cet entretien, Laurent Wauquiez, qui vise la t\u00eate du parti LR pour se mettre lui aussi sur les rails pour 2027, a demand\u00e9 au ministre le respect d\u2019un \u00ab&nbsp;accord&nbsp;\u00bb pass\u00e9 entre eux: \u00ab&nbsp;A toi d\u2019incarner la droite au gouvernement, \u00e0 moi de reconstruire notre famille politique&nbsp;\u00bb, a-t-il soulign\u00e9.<\/p>\n\n\n\n<p class=\"\">Dans son courrier, M. Retailleau a tent\u00e9 de rassurer: \u00ab&nbsp;Je ne veux pas de nouvelles d\u00e9chirures et de nouvelles blessures dans notre parti&nbsp;\u00bb, a-t-il \u00e9crit, assurant qu\u2019il ne se pr\u00eaterait \u00ab&nbsp;pas au jeu des petites phrases&nbsp;\u00bb et qu\u2019il n\u2019en prononcerait \u00ab&nbsp;aucune contre (ses) concurrents&nbsp;\u00bb.<\/p>\n\n\n\n<p class=\"\">Le ministre de l\u2019Int\u00e9rieur, qui avait d\u00e9j\u00e0 brigu\u00e9 la t\u00eate du parti il y a un peu plus de deux ans, s\u2019\u00e9tait alors inclin\u00e9 au second tour face \u00e0 Eric Ciotti, qui a quitt\u00e9 ses fonctions apr\u00e8s avoir fait alliance en juin avec le RN aux l\u00e9gislatives, laissant le poste vacant depuis bient\u00f4t neuf mois.<\/p>\n\n\n\n<p class=\"\">Dans son courrier aux militants, o\u00f9 il salue les r\u00e9centes victoires de la droite \u00e0 la mairie de Villeneuve-Saint-Georges (94) et lors d\u2019une l\u00e9gislative partielle dans son fief de Boulogne-Billancourt, Bruno Retailleau a appel\u00e9 \u00e0 \u00ab&nbsp;agir vite&nbsp;\u00bb, estimant qu\u2019\u00ab&nbsp;une nouvelle dissolution est possible et qu\u2019il nous faut rapidement nous mettre en ordre de bataille&nbsp;\u00bb.<\/p>\n","protected":false},"excerpt":{"rendered":"<p>Le ministre de l\u2019Int\u00e9rieur Bruno Retailleau a annonc\u00e9 mercredi sa candidature \u00e0 la pr\u00e9sidence des R\u00e9publicains, un premier pas qui pourrait le propulser dans la course \u00e0 l\u2019Elys\u00e9e et d\u00e9clencher une guerre des chefs \u00e0 droite. \u00ab&nbsp;Aujourd\u2019hui, je veux faire pour mon parti ce que je fais \u00e0 la t\u00eate de mon minist\u00e8re: parler vrai [&hellip;]<\/p>\n","protected":false},"author":2,"featured_media":33133,"comment_status":"open","ping_status":"open","sticky":false,"template":"","format":"standard","meta":{"_jetpack_memberships_contains_paid_content":false,"footnotes":"","jetpack_publicize_message":"","jetpack_publicize_feature_enabled":true,"jetpack_social_post_already_shared":true,"jetpack_social_options":{"image_generator_settings":{"template":"highway","enabled":true,"token":"eyJpbWciOiJodHRwczpcL1wvd3d3LmljZWFnZXR2LmNvbVwvcmFkaW9zaXRlXC93cC1jb250ZW50XC91cGxvYWRzXC8yMDI1XC8wMlwvTGUtbWluaXN0cmUtZGUtbEludGVyaWV1ci1CcnVuby1SZXRhaWxsZWF1LmpwZyIsInR4dCI6IkxlIG1pbmlzdHJlIGRlIGwmIzgyMTc7SW50XHUwMGU5cmlldXIgQnJ1bm8gUmV0YWlsbGVhdSBhbm5vbmNlIHNhIGNhbmRpZGF0dXJlIFx1MDBlMCBsYSBwclx1MDBlOXNpZGVuY2UgZGVzIFJcdTAwZTlwdWJsaWNhaW5zOiAmIzgyMjA7SmUgdmV1eCBmYWlyZSBwb3VyIG1vbiBwYXJ0aSBjZSBxdWUgamUgZmFpcyBcdTAwZTAgbGEgdFx1MDBlYXRlIGRlIG1vbiBtaW5pc3RcdTAwZThyZTogcGFybGVyIHZyYWkgZXQgYWdpciB2aXRlIiwidGVtcGxhdGUiOiJoaWdod2F5IiwiYmxvZ19pZCI6MTExMDE2NDYxfQ.jMUS8lw8fwJi9B1Uptpnkb3t_UJWJtSlR4870O-WgWcMQ"},"version":2},"_wpas_customize_per_network":false},"categories":[405],"tags":[],"class_list":["post-33132","post","type-post","status-publish","format-standard","has-post-thumbnail","hentry","category-actu-france-monde"],"jetpack_publicize_connections":[],"jetpack_featured_media_url":"https:\/\/i0.wp.com\/www.iceagetv.com\/radiosite\/wp-content\/uploads\/2025\/02\/Le-ministre-de-lInterieur-Bruno-Retailleau.jpg?fit=679%2C293&ssl=1","jetpack_sharing_enabled":true,"_links":{"self":[{"href":"https:\/\/www.iceagetv.com\/radiosite\/wp-json\/wp\/v2\/posts\/33132","targetHints":{"allow":["GET"]}}],"collection":[{"href":"https:\/\/www.iceagetv.com\/radiosite\/wp-json\/wp\/v2\/posts"}],"about":[{"href":"https:\/\/www.iceagetv.com\/radiosite\/wp-json\/wp\/v2\/types\/post"}],"author":[{"embeddable":true,"href":"https:\/\/www.iceagetv.com\/radiosite\/wp-json\/wp\/v2\/users\/2"}],"replies":[{"embeddable":true,"href":"https:\/\/www.iceagetv.com\/radiosite\/wp-json\/wp\/v2\/comments?post=33132"}],"version-history":[{"count":1,"href":"https:\/\/www.iceagetv.com\/radiosite\/wp-json\/wp\/v2\/posts\/33132\/revisions"}],"predecessor-version":[{"id":33134,"href":"https:\/\/www.iceagetv.com\/radiosite\/wp-json\/wp\/v2\/posts\/33132\/revisions\/33134"}],"wp:featuredmedia":[{"embeddable":true,"href":"https:\/\/www.iceagetv.com\/radiosite\/wp-json\/wp\/v2\/media\/33133"}],"wp:attachment":[{"href":"https:\/\/www.iceagetv.com\/radiosite\/wp-json\/wp\/v2\/media?parent=33132"}],"wp:term":[{"taxonomy":"category","embeddable":true,"href":"https:\/\/www.iceagetv.com\/radiosite\/wp-json\/wp\/v2\/categories?post=33132"},{"taxonomy":"post_tag","embeddable":true,"href":"https:\/\/www.iceagetv.com\/radiosite\/wp-json\/wp\/v2\/tags?post=33132"}],"curies":[{"name":"wp","href":"https:\/\/api.w.org\/{rel}","templated":true}]}}