{"id":33143,"date":"2025-02-12T16:51:53","date_gmt":"2025-02-12T15:51:53","guid":{"rendered":"https:\/\/www.iceagetv.com\/radiosite\/?p=33143"},"modified":"2025-02-12T16:51:58","modified_gmt":"2025-02-12T15:51:58","slug":"la-france-survole-le-relais-mixte-des-championnats-du-monde-et-conserve-son-titre","status":"publish","type":"post","link":"https:\/\/www.iceagetv.com\/radiosite\/la-france-survole-le-relais-mixte-des-championnats-du-monde-et-conserve-son-titre\/","title":{"rendered":"La France survole le relais mixte des Championnats du monde et conserve son titre"},"content":{"rendered":"\n<p class=\"\">Dans une course ma\u00eetris\u00e9e de bout en bout, la France a remport\u00e9 le relais mixte en ouverture des Championnats du monde de Lenzerheide (Suisse), ce mercredi, devant la R\u00e9publique tch\u00e8que et l&rsquo;Allemagne. Elle conserve son titre acquis \u00e0 Nove Mesto l&rsquo;an pass\u00e9.La France a parfaitement lanc\u00e9 ses Championnats du monde de biathlon \u00e0\u00a0Lenzerheide (Suisse) ce mercredi. Les Tricolores ont remport\u00e9 le relais mixte devant la R\u00e9publique tch\u00e8que (+\u00a01&rsquo;13\u00a0\u00bb8) et l&rsquo;Allemagne (1&rsquo;18\u00a0\u00bb4) et conservent leur titre\u00a0acquis \u00e0 Nove Mesto, en R\u00e9publique tch\u00e8que, l&rsquo;an pass\u00e9.Julia Simon, premi\u00e8re relayeuse, a connu un petit frisson dans le premier tour en s&rsquo;accrochant avec la Su\u00e9doise Anna Magnusson. Si la Fran\u00e7aise a bris\u00e9 ses deux b\u00e2tons dans la chute, elle est parvenue \u00e0 se reprendre d\u00e8s le tir couch\u00e9 en ne r\u00e9alisant qu&rsquo;une petite faute.\u00a0<em>\u00ab\u00a0Cette chute m&rsquo;a mis un \u00e9norme coup,<\/em>\u00a0a-t-elle d\u00e9clar\u00e9 au micro de la cha\u00eene L&rsquo;\u00c9quipe.\u00a0<em>Je ne savais plus o\u00f9 j&rsquo;habitais. Je n&rsquo;ai pas l&rsquo;impression d&rsquo;avoir fait d&rsquo;erreur mais je m&rsquo;en veux un peu vis-\u00e0-vis de la Su\u00e9doise.\u00a0\u00bb<\/em>\u00a0Une fois tout son mat\u00e9riel au complet, elle a appuy\u00e9 sur l&rsquo;acc\u00e9l\u00e9rateur pour donner le relais en t\u00eate \u00e0 Lou Jeanmonnot.La deuxi\u00e8me du classement g\u00e9n\u00e9ral de la Coupe du monde a r\u00e9alis\u00e9 le m\u00eame bilan que sa compatriote derri\u00e8re la carabine (1 pioche). \u00c9ric Perrot n&rsquo;avait plus qu&rsquo;\u00e0 prendre le relais&nbsp;avec 40 secondes d&rsquo;avance sur l&rsquo;Italie et la R\u00e9publique tch\u00e8que. Dans le m\u00eame temps, les Su\u00e9dois et les Norv\u00e9giens pointaient respectivement \u00e0 1&rsquo;57\u00a0\u00bb et 2&rsquo;38\u00a0\u00bb de la t\u00eate. Dans la continuit\u00e9 de sa saison, le biathl\u00e8te de 23&nbsp;ans a su garder le rythme sur le pas de tir avec un 10\/10.<\/p>\n\n\n\n<h2 class=\"wp-block-heading\">Quatri\u00e8me titre en relais mixte pour la France<\/h2>\n\n\n\n<p class=\"\">Il ne restait plus qu&rsquo;\u00e0 \u00c9milien Jacquelin de conclure l&rsquo;affaire. Comme lors des pr\u00e9c\u00e9dents relais masculins en Coupe du monde (<a href=\"https:\/\/www.lequipe.fr\/Biathlon\/Actualites\/Les-bleus-s-imposent-sur-le-relais-d-antholz-et-signent-un-quatrieme-succes-de-suite-dans-la-specialite\/1535081\" target=\"_blank\" rel=\"noreferrer noopener\">tous remport\u00e9s par la France cette saison<\/a>), le biathl\u00e8te de Villard-de-Lans n&rsquo;a pas eu \u00e0 tirer une seule fois en confrontation directe. Rapide sur le couch\u00e9 (1 pioche), il s&rsquo;est permis une grande prise de risque sur le debout vu l&rsquo;avance accumul\u00e9e (+ 1&rsquo;18\u00a0\u00bb). Si celle-ci n&rsquo;a pas pay\u00e9 mercredi, car Jacquelin est all\u00e9 tourner une fois sur l&rsquo;anneau de p\u00e9nalit\u00e9, \u00e7a n&rsquo;a \u00e9t\u00e9 qu&rsquo;un petit contretemps sans cons\u00e9quence \u00e0 la fin, puisque le biathl\u00e8te de 29&nbsp;ans a pu passer la ligne avec une minute d&rsquo;avance sur la R\u00e9publique tch\u00e8que et c\u00e9l\u00e9brer dans la derni\u00e8re ligne droite.<\/p>\n\n\n\n<p class=\"\">C&rsquo;est la quatri\u00e8me fois que la France remporte le titre mondial en relais mixte, apr\u00e8s 2009, 2016 et 2024. Gr\u00e2ce \u00e0 Johannes Boe, les Norv\u00e9giens sont revenus au contact du podium, mais trop tard pour r\u00e9cup\u00e9rer une m\u00e9daille (4es). Dans le final, le deuxi\u00e8me du classement g\u00e9n\u00e9ral s&rsquo;est accroch\u00e9 avec le Su\u00e9dois Sebastian Samuelsson, finalement cinqui\u00e8me mercredi.<\/p>\n\n\n\n<p class=\"\"> Source L &lsquo;equipe<\/p>\n","protected":false},"excerpt":{"rendered":"<p>Dans une course ma\u00eetris\u00e9e de bout en bout, la France a remport\u00e9 le relais mixte en ouverture des Championnats du monde de Lenzerheide (Suisse), ce mercredi, devant la R\u00e9publique tch\u00e8que et l&rsquo;Allemagne. Elle conserve son titre acquis \u00e0 Nove Mesto l&rsquo;an pass\u00e9.La France a parfaitement lanc\u00e9 ses Championnats du monde de biathlon \u00e0\u00a0Lenzerheide (Suisse) ce [&hellip;]<\/p>\n","protected":false},"author":2,"featured_media":33145,"comment_status":"open","ping_status":"open","sticky":false,"template":"","format":"standard","meta":{"_jetpack_memberships_contains_paid_content":false,"footnotes":"","jetpack_publicize_message":"","jetpack_publicize_feature_enabled":true,"jetpack_social_post_already_shared":true,"jetpack_social_options":{"image_generator_settings":{"template":"highway","enabled":true,"token":"eyJpbWciOiJodHRwczpcL1wvd3d3LmljZWFnZXR2LmNvbVwvcmFkaW9zaXRlXC93cC1jb250ZW50XC91cGxvYWRzXC8yMDI1XC8wMlwvTGEtRnJhbmNlLXN1cnZvbGUtbGUtcmVsYWlzLW1peHRlLmpwZyIsInR4dCI6IkxhIEZyYW5jZSBzdXJ2b2xlIGxlIHJlbGFpcyBtaXh0ZSBkZXMgQ2hhbXBpb25uYXRzIGR1IG1vbmRlIGV0IGNvbnNlcnZlIHNvbiB0aXRyZSIsInRlbXBsYXRlIjoiaGlnaHdheSIsImJsb2dfaWQiOjExMTAxNjQ2MX0._JGhz2m3HqSYJf3M7xmzZWjCTcaan7CYiELIdcVPmPsMQ"},"version":2},"_wpas_customize_per_network":false},"categories":[18],"tags":[],"class_list":["post-33143","post","type-post","status-publish","format-standard","has-post-thumbnail","hentry","category-actu-sport"],"jetpack_publicize_connections":[],"jetpack_featured_media_url":"https:\/\/i0.wp.com\/www.iceagetv.com\/radiosite\/wp-content\/uploads\/2025\/02\/La-France-survole-le-relais-mixte.jpg?fit=725%2C261&ssl=1","jetpack_sharing_enabled":true,"_links":{"self":[{"href":"https:\/\/www.iceagetv.com\/radiosite\/wp-json\/wp\/v2\/posts\/33143","targetHints":{"allow":["GET"]}}],"collection":[{"href":"https:\/\/www.iceagetv.com\/radiosite\/wp-json\/wp\/v2\/posts"}],"about":[{"href":"https:\/\/www.iceagetv.com\/radiosite\/wp-json\/wp\/v2\/types\/post"}],"author":[{"embeddable":true,"href":"https:\/\/www.iceagetv.com\/radiosite\/wp-json\/wp\/v2\/users\/2"}],"replies":[{"embeddable":true,"href":"https:\/\/www.iceagetv.com\/radiosite\/wp-json\/wp\/v2\/comments?post=33143"}],"version-history":[{"count":1,"href":"https:\/\/www.iceagetv.com\/radiosite\/wp-json\/wp\/v2\/posts\/33143\/revisions"}],"predecessor-version":[{"id":33146,"href":"https:\/\/www.iceagetv.com\/radiosite\/wp-json\/wp\/v2\/posts\/33143\/revisions\/33146"}],"wp:featuredmedia":[{"embeddable":true,"href":"https:\/\/www.iceagetv.com\/radiosite\/wp-json\/wp\/v2\/media\/33145"}],"wp:attachment":[{"href":"https:\/\/www.iceagetv.com\/radiosite\/wp-json\/wp\/v2\/media?parent=33143"}],"wp:term":[{"taxonomy":"category","embeddable":true,"href":"https:\/\/www.iceagetv.com\/radiosite\/wp-json\/wp\/v2\/categories?post=33143"},{"taxonomy":"post_tag","embeddable":true,"href":"https:\/\/www.iceagetv.com\/radiosite\/wp-json\/wp\/v2\/tags?post=33143"}],"curies":[{"name":"wp","href":"https:\/\/api.w.org\/{rel}","templated":true}]}}