{"id":33160,"date":"2025-02-13T16:49:09","date_gmt":"2025-02-13T15:49:09","guid":{"rendered":"https:\/\/www.iceagetv.com\/radiosite\/?p=33160"},"modified":"2025-02-13T16:49:14","modified_gmt":"2025-02-13T15:49:14","slug":"une-voiture-fonce-sur-la-foule-a-munich-le-chancelier-olaf-scholz-assure-quil-sagit-dun-attentat-un-bilan-provisoire-fait-etat-dau-moins-28-blesses-le-conducteur-un-demandeur","status":"publish","type":"post","link":"https:\/\/www.iceagetv.com\/radiosite\/une-voiture-fonce-sur-la-foule-a-munich-le-chancelier-olaf-scholz-assure-quil-sagit-dun-attentat-un-bilan-provisoire-fait-etat-dau-moins-28-blesses-le-conducteur-un-demandeur\/","title":{"rendered":"Une voiture fonce sur la foule \u00e0 Munich: Le chancelier Olaf Scholz assure qu&rsquo;il s&rsquo;agit d\u2019un \u00ab\u00a0attentat\u00a0\u00bb &#8211; Un bilan provisoire fait \u00e9tat d&rsquo;au moins 28 bless\u00e9s &#8211; Le conducteur, un demandeur d&rsquo;asile afghan de 24 ans, a \u00e9t\u00e9 interpell\u00e9"},"content":{"rendered":"\n<p class=\"\"><strong>L\u2019attaque \u00e0 la voiture-b\u00e9lier, qui a fait une trentaine de bless\u00e9s ce jeudi \u00e0 Munich, est un&nbsp;\u00abattentat\u00bb, affirme le chancelier&nbsp;Olaf Scholz.<\/strong><\/p>\n\n\n\n<p class=\"\"><strong>\u00abUn terrible attentat \u00e0 Munich nous bouleverse. Un auteur afghan a fonc\u00e9 dans une manifestation. (&#8230;) Le coupable doit ressentir tout le poids de l\u2019\u00c9tat de droit\u00bb, a d\u00e9clar\u00e9 le chef de gouvernement allemand sur son compte X.<\/strong><strong>LE POINT SUR CE QUE L&rsquo;ON SAIT<\/strong><\/p>\n\n\n\n<p class=\"\">Un jeune demandeur d&rsquo;asile afghan a \u00e9t\u00e9 interpell\u00e9 jeudi \u00e0 Munich, soup\u00e7onn\u00e9 d&rsquo;avoir bless\u00e9 28 personnes, dont plusieurs tr\u00e8s gri\u00e8vement, en fon\u00e7ant en voiture sur une foule de manifestants, un acte qualifi\u00e9 de \u00ab probable attentat \u00bb par les autorit\u00e9s allemandes.<\/p>\n\n\n\n<p class=\"\">La police a stopp\u00e9 le v\u00e9hicule en tirant au moins un coup de feu, avant d&rsquo;interpeller le jeune homme.<\/p>\n\n\n\n<p class=\"\">Cette attaque survient en pleine campagne \u00e9lectorale en vue des l\u00e9gislatives allemandes du 23 f\u00e9vrier, d\u00e9j\u00e0 domin\u00e9es par les questions d&rsquo;immigration et d&rsquo;ins\u00e9curit\u00e9, o\u00f9 l&rsquo;extr\u00eame droite pourrait plus que doubler son score de 2021 \u00e0 plus de 20%, selon les derniers sondages.<\/p>\n\n\n\n<p class=\"\">Vers 10H30 heure locales (09H30 GMT), le suspect s&rsquo;est approch\u00e9 par l&rsquo;arri\u00e8re, \u00e0 bord d&rsquo;une voiture de marque Mini Cooper, du cort\u00e8ge d&rsquo;une manifestation organis\u00e9e \u00e0 l&rsquo;appel du syndicat des services Verdi, selon la police.<\/p>\n\n\n\n<p class=\"\">Il a alors doubl\u00e9 un v\u00e9hicule de police qui fermait la marche et fonc\u00e9 sur l&rsquo;arri\u00e8re du cort\u00e8ge, semant sur son passage des sc\u00e8nes de d\u00e9solation, ont ajout\u00e9 les forces de l&rsquo;ordre.<\/p>\n\n\n\n<p class=\"\">Selon le dernier bilan, 28 personnes ont \u00e9t\u00e9 bless\u00e9es, dont plusieurs \u00ab tr\u00e8s gri\u00e8vement \u00bb, certaines luttant encore entre la vie et la mort. Des enfants en font partie.<\/p>\n\n\n\n<p class=\"\">Sur la chauss\u00e9e, jonch\u00e9e d&rsquo;objets divers \u00e9parpill\u00e9s, une poussette d&rsquo;enfant renvers\u00e9e \u00e9tait visible.<\/p>\n\n\n\n<p class=\"\">Un journaliste de l&rsquo;AFP sur place a pu voir le v\u00e9hicule Mini Cooper de couleur cr\u00e8me, de m\u00eame qu&rsquo;un bless\u00e9 encore conscient \u00eatre transport\u00e9 dans une ambulance avant d&rsquo;\u00eatre \u00e9vacu\u00e9.<\/p>\n\n\n\n<p class=\"\">\u00ab Il s&rsquo;agit probablement d&rsquo;un attentat \u00bb, a r\u00e9agi le chef du gouvernement r\u00e9gional de Bavi\u00e8re, Markus S\u00f6der, parlant aussi de \u00ab circonstances similaires \u00bb \u00e0 celles de Magdebourg fin d\u00e9cembre: un Saoudien avec le statut de r\u00e9fugi\u00e9, souffrant de probl\u00e8mes psychiatriques, avait alors fonc\u00e9 \u00e0 bord d&rsquo;une voiture sur la foule d&rsquo;un march\u00e9 de No\u00ebl, faisant six morts et quelque 300 bless\u00e9s.<\/p>\n\n\n\n<p class=\"\">A Munich, le conducteur \u00ab a percut\u00e9 les gens et emport\u00e9 une quinzaine de personnes \u00bb, raconte Alexa Graef, une \u00e9tudiante d&rsquo;une vingtaine d&rsquo;ann\u00e9es qui travaille dans les environs et a assist\u00e9 \u00e0 la sc\u00e8ne. \u00ab Il n&rsquo;a pas eu \u00e9norm\u00e9ment de temps pour acc\u00e9l\u00e9rer, mais il allait \u00e0 coup s\u00fbr \u00e0 50 ou 60 km\/h, peut-\u00eatre 80 \u00bb, a-t-elle dit.<\/p>\n\n\n\n<p class=\"\">\u00ab Je suis en \u00e9tat de choc, c&rsquo;est la premi\u00e8re fois et j&rsquo;esp\u00e8re la derni\u00e8re que j&rsquo;assiste \u00e0 quelque chose comme \u00e7a \u00bb, a ajout\u00e9 l&rsquo;\u00e9tudiante.<\/p>\n\n\n\n<p class=\"\">Selon les autorit\u00e9s locales, cet acte ne semble pas li\u00e9 \u00e0 la Conf\u00e9rence sur la S\u00e9curit\u00e9 de Munich qui s&rsquo;ouvre vendredi et rassemble comme chaque ann\u00e9e le gotha mondial de la d\u00e9fense et de la diplomatie.<\/p>\n\n\n\n<p class=\"\">L&rsquo;acte est en revanche de nature \u00e0 enflammer un peu plus la campagne \u00e9lectorale allemande, d\u00e9j\u00e0 marqu\u00e9e par une tr\u00e8s forte polarisation sur les questions d&rsquo;immigration et de s\u00e9curit\u00e9 int\u00e9rieure.<\/p>\n\n\n\n<p class=\"\">L&rsquo;une des figures du parti d&rsquo;extr\u00eame droite Alternative pour l&rsquo;Allemagne (AfD), Bj\u00f6rn H\u00f6cke, a d\u00e9j\u00e0 appel\u00e9 sur X, apr\u00e8s l&rsquo;attaque de Munich, \u00e0 \u00ab voter contre les partis du cartel \u00bb, comme il nomme les formations \u00e9tablies de l&rsquo;actuel gouvernement de centre-gauche du chancelier Olaf Scholz ou de l&rsquo;opposition conservatrice et lib\u00e9rale.<\/p>\n\n\n\n<p class=\"\">\u00ab Il faut mettre un terme \u00e0 la d\u00e9composition de l&rsquo;Etat \u00bb allemand, a-t-il ajout\u00e9, en d\u00e9non\u00e7ant la pr\u00e9sence de centaines de milliers d&rsquo;Afghans en Allemagne, venus pour beaucoup pour \u00e9chapper aux talibans.<\/p>\n\n\n\n<p class=\"\">L&rsquo;AfD est en deuxi\u00e8me position dans les sondages pour le scrutin l\u00e9gislatif avec 20% des intentions de vote, derri\u00e8re les conservateurs (30%).<\/p>\n\n\n\n<p class=\"\">L&rsquo;extr\u00eame droite et les conservateurs allemands d\u00e9noncent le laxisme \u00e0 leur yeux du gouvernement face \u00e0 l&rsquo;ins\u00e9curit\u00e9, apr\u00e8s plusieurs actes meurtriers r\u00e9cents, qui ont provoqu\u00e9 une vive \u00e9motion dans l&rsquo;opinion.<\/p>\n\n\n\n<p class=\"\">Le proc\u00e8s d&rsquo;un autre Afghan, poursuivi pour une attaque au couteau \u00e0 Mannheim (ouest) ayant caus\u00e9 la mort d&rsquo;un policier au printemps 2024, s&rsquo;ouvre justement jeudi.<\/p>\n\n\n\n<p class=\"\">A Solingen, une agression au couteau cette fois imput\u00e9e \u00e0 un Syrien au cours d&rsquo;une f\u00eate communale l&rsquo;\u00e9t\u00e9 dernier avait co\u00fbt\u00e9 la vie \u00e0 trois personnes.<\/p>\n\n\n\n<p class=\"\">Et une autre agression au couteau, dont l&rsquo;auteur pr\u00e9sum\u00e9 \u00e9tait un Afghan en situation irr\u00e9guli\u00e8re et souffrant de troubles psychiatriques, a r\u00e9cemment fait deux morts en Bavi\u00e8re, dont un gar\u00e7on de deux ans.<\/p>\n","protected":false},"excerpt":{"rendered":"<p>L\u2019attaque \u00e0 la voiture-b\u00e9lier, qui a fait une trentaine de bless\u00e9s ce jeudi \u00e0 Munich, est un&nbsp;\u00abattentat\u00bb, affirme le chancelier&nbsp;Olaf Scholz. \u00abUn terrible attentat \u00e0 Munich nous bouleverse. Un auteur afghan a fonc\u00e9 dans une manifestation. (&#8230;) Le coupable doit ressentir tout le poids de l\u2019\u00c9tat de droit\u00bb, a d\u00e9clar\u00e9 le chef de gouvernement allemand [&hellip;]<\/p>\n","protected":false},"author":2,"featured_media":33161,"comment_status":"open","ping_status":"open","sticky":false,"template":"","format":"standard","meta":{"_jetpack_memberships_contains_paid_content":false,"footnotes":"","jetpack_publicize_message":"","jetpack_publicize_feature_enabled":true,"jetpack_social_post_already_shared":true,"jetpack_social_options":{"image_generator_settings":{"template":"highway","enabled":true,"token":"eyJpbWciOiJodHRwczpcL1wvd3d3LmljZWFnZXR2LmNvbVwvcmFkaW9zaXRlXC93cC1jb250ZW50XC91cGxvYWRzXC8yMDI1XC8wMlwveUxVYjY2bkouanBnIiwidHh0IjoiVW5lIHZvaXR1cmUgZm9uY2Ugc3VyIGxhIGZvdWxlIFx1MDBlMCBNdW5pY2g6IExlIGNoYW5jZWxpZXIgT2xhZiBTY2hvbHogYXNzdXJlIHF1JiM4MjE3O2lsIHMmIzgyMTc7YWdpdCBkXHUyMDE5dW4gJiM4MjIwO2F0dGVudGF0JiM4MjIxOyAmIzgyMTE7IFVuIGJpbGFuIHByb3Zpc29pcmUgZmFpdCBcdTAwZTl0YXQgZCYjODIxNzthdSBtb2lucyAyOCBibGVzc1x1MDBlOXMgJiM4MjExOyBMZSBjb25kdWN0ZXVyLCB1biBkZW1hbmRldXIgZCYjODIxNzthc2lsZSBhZmdoYW4gZGUgMjQgYW5zLCBhIFx1MDBlOXRcdTAwZTkgaW50ZXJwZWxsXHUwMGU5IiwidGVtcGxhdGUiOiJoaWdod2F5IiwiYmxvZ19pZCI6MTExMDE2NDYxfQ.u96GxvYR2YsKSThoZIdIWheXKqcPZX_qbbXrfdOPF2AMQ"},"version":2},"_wpas_customize_per_network":false},"categories":[405],"tags":[],"class_list":["post-33160","post","type-post","status-publish","format-standard","has-post-thumbnail","hentry","category-actu-france-monde"],"jetpack_publicize_connections":[],"jetpack_featured_media_url":"https:\/\/i0.wp.com\/www.iceagetv.com\/radiosite\/wp-content\/uploads\/2025\/02\/yLUb66nJ.jpg?fit=679%2C293&ssl=1","jetpack_sharing_enabled":true,"_links":{"self":[{"href":"https:\/\/www.iceagetv.com\/radiosite\/wp-json\/wp\/v2\/posts\/33160","targetHints":{"allow":["GET"]}}],"collection":[{"href":"https:\/\/www.iceagetv.com\/radiosite\/wp-json\/wp\/v2\/posts"}],"about":[{"href":"https:\/\/www.iceagetv.com\/radiosite\/wp-json\/wp\/v2\/types\/post"}],"author":[{"embeddable":true,"href":"https:\/\/www.iceagetv.com\/radiosite\/wp-json\/wp\/v2\/users\/2"}],"replies":[{"embeddable":true,"href":"https:\/\/www.iceagetv.com\/radiosite\/wp-json\/wp\/v2\/comments?post=33160"}],"version-history":[{"count":1,"href":"https:\/\/www.iceagetv.com\/radiosite\/wp-json\/wp\/v2\/posts\/33160\/revisions"}],"predecessor-version":[{"id":33162,"href":"https:\/\/www.iceagetv.com\/radiosite\/wp-json\/wp\/v2\/posts\/33160\/revisions\/33162"}],"wp:featuredmedia":[{"embeddable":true,"href":"https:\/\/www.iceagetv.com\/radiosite\/wp-json\/wp\/v2\/media\/33161"}],"wp:attachment":[{"href":"https:\/\/www.iceagetv.com\/radiosite\/wp-json\/wp\/v2\/media?parent=33160"}],"wp:term":[{"taxonomy":"category","embeddable":true,"href":"https:\/\/www.iceagetv.com\/radiosite\/wp-json\/wp\/v2\/categories?post=33160"},{"taxonomy":"post_tag","embeddable":true,"href":"https:\/\/www.iceagetv.com\/radiosite\/wp-json\/wp\/v2\/tags?post=33160"}],"curies":[{"name":"wp","href":"https:\/\/api.w.org\/{rel}","templated":true}]}}