{"id":33164,"date":"2025-02-13T17:19:37","date_gmt":"2025-02-13T16:19:37","guid":{"rendered":"https:\/\/www.iceagetv.com\/radiosite\/?p=33164"},"modified":"2025-02-13T17:19:41","modified_gmt":"2025-02-13T16:19:41","slug":"puffs-ces-cigarettes-electroniques-jetables-vont-etre-completement-interdites-en-france","status":"publish","type":"post","link":"https:\/\/www.iceagetv.com\/radiosite\/puffs-ces-cigarettes-electroniques-jetables-vont-etre-completement-interdites-en-france\/","title":{"rendered":"Puffs : ces cigarettes \u00e9lectroniques jetables vont \u00eatre compl\u00e8tement interdites en France"},"content":{"rendered":"\n<p class=\"\">La vente et la distribution en France de ces dispositifs vont \u00eatre interdites apr\u00e8s un ultime vote du Parlement ce jeudi 13 f\u00e9vrier 2025.Stop aux cigarettes \u00e9lectroniques jetables : le Parlement fran\u00e7ais s\u2019est accord\u00e9 pour interdire les \u00ab puffs \u00bb, ces dispositifs en vogue notamment chez les jeunes qui sont friands de leur prix modique et leurs ar\u00f4mes diversifi\u00e9s, lors d\u2019un ultime vote au S\u00e9nat ce jeudi 13 f\u00e9vrier 2025 apr\u00e8s-midi.<\/p>\n\n\n\n<p class=\"\">Dans le d\u00e9tail, le texte soumis au vote des parlementaires interdit la vente et la distribution en France des dispositifs \u00ab pr\u00e9remplis avec un liquide et ne pouvant \u00eatre remplis \u00e0 nouveau, qu\u2019ils disposent ou non d\u2019une batterie rechargeable \u00bb.Un long parcours jusqu\u2019\u00e0 l\u2019adoption du texte<\/p>\n\n\n\n<p class=\"\">Parfum menthe, glace \u00e0 la fraise, past\u00e8que ou chocolat, \u00ab&nbsp;packaging (sic)&nbsp;\u00bb attrayant, co\u00fbt abordable mais&nbsp;<strong>risque av\u00e9r\u00e9 de d\u00e9pendance<\/strong>\u2026 Les \u00ab&nbsp;dispositifs de vapotage \u00e0 usage unique&nbsp;\u00bb, plus commun\u00e9ment appel\u00e9s \u00ab&nbsp;puffs&nbsp;\u00bb, vont donc&nbsp;<strong>dispara\u00eetre des lyc\u00e9es, des coll\u00e8ges et des rues<\/strong>.&nbsp;<\/p>\n\n\n\n<p class=\"\">Apr\u00e8s un long parcours au Parlement et&nbsp;<a href=\"https:\/\/actu.fr\/societe\/vers-une-interditcion-definitive-de-la-puff-en-france-l-europe-donne-son-feu-vert_61656729.html\">un passage par la Commission europ\u00e9enne<\/a>, une proposition de loi de&nbsp;<a href=\"https:\/\/actu.fr\/ile-de-france\/asnieres-sur-seine_92004\/legislatives-dans-les-hauts-de-seine-face-a-un-macron-hors-sol-la-gauche-unie-en-mode-machine-de-guerre_61205792.html\">l\u2019ancienne d\u00e9put\u00e9e \u00e9cologiste Francesca Pasquini<\/a>&nbsp;(G\u00e9n\u00e9ration.s) conna\u00eet d\u00e9sormais son \u00e9pilogue avec le vote des s\u00e9nateurs.<\/p>\n\n\n\n<p class=\"\">L\u2019Assembl\u00e9e nationale avait d\u00e9j\u00e0 adopt\u00e9 \u00e0 l\u2019identique un texte de compromis le 4 f\u00e9vrier, ouvrant la voie \u00e0 une entr\u00e9e en vigueur rapide.Une grande victoire dans un double combat&nbsp;\u00bb<\/p>\n\n\n\n<p class=\"\">La France devient&nbsp;<strong>le deuxi\u00e8me pays europ\u00e9en<\/strong>,&nbsp;<a href=\"https:\/\/actu.fr\/societe\/cigarettes-jetables-puff-a-quand-une-interdiction-en-france_59383940.html\">apr\u00e8s la Belgique<\/a>, \u00e0 interdire la commercialisation des \u00ab&nbsp;puffs&nbsp;\u00bb sur son territoire. Une dynamique \u00e9galement suivie par le&nbsp;<a href=\"https:\/\/actu.fr\/tag\/royaume-uni\">Royaume-Uni<\/a>, qui a annonc\u00e9 leur interdiction \u00e0 la vente d\u2019ici au mois de juin.<\/p>\n\n\n\n<p class=\"\">\u00ab&nbsp;C\u2019est&nbsp;<strong>une grande victoire dans un double combat<\/strong>&nbsp;que nous menions : le combat \u00e9cologique contre les batteries&nbsp;<a href=\"https:\/\/actu.fr\/pollution\">polluantes<\/a>&nbsp;en lithium de ces &nbsp;\u00bbpuffs&nbsp;\u00bb, et le combat&nbsp;<a href=\"https:\/\/actu.fr\/tag\/sante\">sanitaire<\/a>&nbsp;pour nos coll\u00e9giens cibl\u00e9s par cette consommation qui devient de plus en plus dangereuse&nbsp;\u00bb, se satisfait aupr\u00e8s de l\u2019<em>AFP<\/em>&nbsp;l\u2019auteure du texte, Francesca Pasquini.<\/p>\n\n\n\n<p class=\"\">\u00ab\u00a0Gr\u00e2ce \u00e0 cet engagement collectif, nous faisons\u00a0<strong>un pas d\u00e9cisif pour prot\u00e9ger nos jeunes<\/strong>, lutter contre les addictions et combattre le tabagisme\u00a0\u00bb, a r\u00e9agi\u00a0<a href=\"https:\/\/actu.fr\/bretagne\/rennes_35238\/video-virus-mpox-en-bretagne-mon-role-est-de-rassurer-reagit-le-ministre-de-la-sante-en-visite-a-rennes_62084789.html\">le ministre de la Sant\u00e9 Yannick Neuder<\/a>, lors de l\u2019adoption d\u00e9finitive par l\u2019Assembl\u00e9e nationale au d\u00e9but du mois.Crainte de (nouveaux) d\u00e9tournements des fabricants<\/p>\n\n\n\n<p class=\"\">Le texte de loi vise \u00e0 suivre les recommandations de la Commission europ\u00e9enne, notifi\u00e9e au printemps par le gouvernement de cette volont\u00e9 l\u00e9gislative. La Commission a donn\u00e9 son accord sur l\u2019essentiel des propositions de la France, excluant n\u00e9anmoins le cas de dispositifs rechargeables en liquide, mais dont la batterie ne serait, elle, pas rechargeable.&nbsp;<\/p>\n\n\n\n<p class=\"\">Tout en saluant une \u00ab\u00a0d\u00e9cision importante sur le plan de la sant\u00e9 publique et de l\u2019environnement\u00a0\u00bb, le\u00a0<a href=\"https:\/\/cnct.fr\/\">Comit\u00e9 national contre le tabagisme<\/a>\u00a0(CNCT) s\u2019inqui\u00e8te de\u00a0<strong>\u00ab\u00a0contournements d\u00e9j\u00e0 anticip\u00e9s par les fabricants\u00a0\u00bb.<\/strong>Vers une interdiction apr\u00e8s des \u00ab&nbsp;pouches&nbsp;\u00bb ?<\/p>\n\n\n\n<p class=\"\">15% des adolescents \u00e2g\u00e9s de 13 \u00e0 16 ans ont en effet d\u00e9j\u00e0 consomm\u00e9 ces \u00ab&nbsp;puffs&nbsp;\u00bb et, parmi eux, 47% d\u00e9clarent avoir commenc\u00e9 leur initiation \u00e0 la nicotine par ce biais, selon&nbsp;<a href=\"https:\/\/alliancecontreletabac.org\/2023\/11\/14\/perception-et-usages-de-la-puff-chez-les-13-16-ans\/\">une enqu\u00eate BVA pour Alliance contre le tabac en 2023<\/a>.<\/p>\n\n\n\n<p class=\"\">Les parlementaires engag\u00e9s dans cette loi ont \u00e9galement appel\u00e9 le gouvernement \u00e0 tenir ses engagements sur l\u2019interdiction prochaine d\u2019un autre produit,&nbsp;<strong>les \u00ab&nbsp;pouches&nbsp;\u00bb<\/strong>,&nbsp;<a href=\"https:\/\/actu.fr\/societe\/pouches-c-est-quoi-ces-sachets-de-nicotine-a-glisser-contre-les-gencives-que-le-gouvernement-va-interdire_61803471.html\">ces sachets de nicotine \u00e0 usage oral<\/a>.<\/p>\n\n\n\n<p class=\"\"><strong><em>Source : AFP.<\/em><\/strong><\/p>\n","protected":false},"excerpt":{"rendered":"<p>La vente et la distribution en France de ces dispositifs vont \u00eatre interdites apr\u00e8s un ultime vote du Parlement ce jeudi 13 f\u00e9vrier 2025.Stop aux cigarettes \u00e9lectroniques jetables : le Parlement fran\u00e7ais s\u2019est accord\u00e9 pour interdire les \u00ab puffs \u00bb, ces dispositifs en vogue notamment chez les jeunes qui sont friands de leur prix modique [&hellip;]<\/p>\n","protected":false},"author":2,"featured_media":33165,"comment_status":"open","ping_status":"open","sticky":false,"template":"","format":"standard","meta":{"_jetpack_memberships_contains_paid_content":false,"footnotes":"","jetpack_publicize_message":"","jetpack_publicize_feature_enabled":true,"jetpack_social_post_already_shared":true,"jetpack_social_options":{"image_generator_settings":{"template":"highway","enabled":true,"token":"eyJpbWciOiJodHRwczpcL1wvd3d3LmljZWFnZXR2LmNvbVwvcmFkaW9zaXRlXC93cC1jb250ZW50XC91cGxvYWRzXC8yMDI1XC8wMlwvUHVmZnMuanBnIiwidHh0IjoiUHVmZnMgOiBjZXMgY2lnYXJldHRlcyBcdTAwZTlsZWN0cm9uaXF1ZXMgamV0YWJsZXMgdm9udCBcdTAwZWF0cmUgY29tcGxcdTAwZTh0ZW1lbnQgaW50ZXJkaXRlcyBlbiBGcmFuY2UiLCJ0ZW1wbGF0ZSI6ImhpZ2h3YXkiLCJibG9nX2lkIjoxMTEwMTY0NjF9.NmQtyqMhmSwQ65bxZiY9R3r2KSIFXPkVOt8V0-4lZgMMQ"},"version":2},"_wpas_customize_per_network":false},"categories":[405],"tags":[],"class_list":["post-33164","post","type-post","status-publish","format-standard","has-post-thumbnail","hentry","category-actu-france-monde"],"jetpack_publicize_connections":[],"jetpack_featured_media_url":"https:\/\/i0.wp.com\/www.iceagetv.com\/radiosite\/wp-content\/uploads\/2025\/02\/Puffs.jpg?fit=960%2C640&ssl=1","jetpack_sharing_enabled":true,"_links":{"self":[{"href":"https:\/\/www.iceagetv.com\/radiosite\/wp-json\/wp\/v2\/posts\/33164","targetHints":{"allow":["GET"]}}],"collection":[{"href":"https:\/\/www.iceagetv.com\/radiosite\/wp-json\/wp\/v2\/posts"}],"about":[{"href":"https:\/\/www.iceagetv.com\/radiosite\/wp-json\/wp\/v2\/types\/post"}],"author":[{"embeddable":true,"href":"https:\/\/www.iceagetv.com\/radiosite\/wp-json\/wp\/v2\/users\/2"}],"replies":[{"embeddable":true,"href":"https:\/\/www.iceagetv.com\/radiosite\/wp-json\/wp\/v2\/comments?post=33164"}],"version-history":[{"count":1,"href":"https:\/\/www.iceagetv.com\/radiosite\/wp-json\/wp\/v2\/posts\/33164\/revisions"}],"predecessor-version":[{"id":33166,"href":"https:\/\/www.iceagetv.com\/radiosite\/wp-json\/wp\/v2\/posts\/33164\/revisions\/33166"}],"wp:featuredmedia":[{"embeddable":true,"href":"https:\/\/www.iceagetv.com\/radiosite\/wp-json\/wp\/v2\/media\/33165"}],"wp:attachment":[{"href":"https:\/\/www.iceagetv.com\/radiosite\/wp-json\/wp\/v2\/media?parent=33164"}],"wp:term":[{"taxonomy":"category","embeddable":true,"href":"https:\/\/www.iceagetv.com\/radiosite\/wp-json\/wp\/v2\/categories?post=33164"},{"taxonomy":"post_tag","embeddable":true,"href":"https:\/\/www.iceagetv.com\/radiosite\/wp-json\/wp\/v2\/tags?post=33164"}],"curies":[{"name":"wp","href":"https:\/\/api.w.org\/{rel}","templated":true}]}}