{"id":33169,"date":"2025-02-13T18:49:47","date_gmt":"2025-02-13T17:49:47","guid":{"rendered":"https:\/\/www.iceagetv.com\/radiosite\/?p=33169"},"modified":"2025-02-13T18:49:55","modified_gmt":"2025-02-13T17:49:55","slug":"jean-castex-en-garde-a-vue-pour-detournement-de-fonds-publics-faux-et-usage-de-faux","status":"publish","type":"post","link":"https:\/\/www.iceagetv.com\/radiosite\/jean-castex-en-garde-a-vue-pour-detournement-de-fonds-publics-faux-et-usage-de-faux\/","title":{"rendered":"Jean Castex en garde \u00e0 vue pour d\u00e9tournement de fonds publics, faux et usage de faux"},"content":{"rendered":"\n<p class=\"\">L&rsquo;ancien Premier ministre Jean Castex est en garde \u00e0 vue depuis ce jeudi matin pour faux, usage de faux et d\u00e9tournement de fonds publics.<\/p>\n\n\n\n<p class=\"\">L&rsquo;ancien&nbsp;<a href=\"https:\/\/www.bfmtv.com\/politique\/pyrenees-orientales-apres-12-ans-a-la-mairie-jean-castex-ne-se-representera-pas-a-prades_AN-202412210154.html\">Premier ministre Jean Castex<\/a>&nbsp;est en garde \u00e0 vue depuis ce matin dans les locaux de la gendarmerie de Montpellier, pour faux, usage de faux et d\u00e9tournement de fonds publics, a appris ce jeudi 13 f\u00e9vrier BFMTV de source judiciaire, confirmant&nbsp;<a href=\"https:\/\/www.midilibre.fr\/2025\/02\/13\/info-midi-libre-lancien-premier-ministre-jean-castex-entendu-par-les-gendarmes-a-montpellier-12510983.php\" target=\"_blank\" rel=\"noreferrer noopener\">une information du Midi Libre.<\/a><\/p>\n\n\n\n<blockquote class=\"wp-block-quote is-layout-flow wp-block-quote-is-layout-flow\">\n<p class=\"\">\u00ab\u00a0Il n&rsquo;y a aucune notion d&rsquo;enrichissement personnel\u00a0\u00bb, pr\u00e9cise \u00e0 ce stade la source judiciaire, jointe par BFMTV.<\/p>\n<\/blockquote>\n\n\n\n<h2 class=\"wp-block-heading\" id=\"fjobd\">Un signalement de l&rsquo;association Anticor<\/h2>\n\n\n\n<p class=\"\">L&rsquo;actuel pr\u00e9sident de la RATP \u00e9tait convoqu\u00e9 ce jeudi matin en vue de son placement en garde \u00e0 vue dans le cadre d&rsquo;une enqu\u00eate pr\u00e9liminaire, ouverte par le parquet de Montpellier \u00e0 la suite d&rsquo;un signalement datant de d\u00e9cembre 2023 par l&rsquo;association de lutte anti-corruption Anticor.\u00a0Au c\u0153ur de cette enqu\u00eate, des soup\u00e7ons sur des d\u00e9cisions prises par Jean Castex lorsqu&rsquo;il pr\u00e9sidait la communaut\u00e9 de communes Conflent Canigo, en 2017, dans les Pyr\u00e9n\u00e9es-Orientales.<\/p>\n\n\n\n<p class=\"\">Source BFM TV <\/p>\n","protected":false},"excerpt":{"rendered":"<p>L&rsquo;ancien Premier ministre Jean Castex est en garde \u00e0 vue depuis ce jeudi matin pour faux, usage de faux et d\u00e9tournement de fonds publics. L&rsquo;ancien&nbsp;Premier ministre Jean Castex&nbsp;est en garde \u00e0 vue depuis ce matin dans les locaux de la gendarmerie de Montpellier, pour faux, usage de faux et d\u00e9tournement de fonds publics, a appris [&hellip;]<\/p>\n","protected":false},"author":2,"featured_media":33170,"comment_status":"open","ping_status":"open","sticky":false,"template":"","format":"standard","meta":{"_jetpack_memberships_contains_paid_content":false,"footnotes":"","jetpack_publicize_message":"","jetpack_publicize_feature_enabled":true,"jetpack_social_post_already_shared":true,"jetpack_social_options":{"image_generator_settings":{"template":"highway","enabled":true,"token":"eyJpbWciOiJodHRwczpcL1wvd3d3LmljZWFnZXR2LmNvbVwvcmFkaW9zaXRlXC93cC1jb250ZW50XC91cGxvYWRzXC8yMDI1XC8wMlwvSmVhbi1DYXN0ZXgtMTgzMjY2NS5qcGciLCJ0eHQiOiJKZWFuIENhc3RleCBlbiBnYXJkZSBcdTAwZTAgdnVlIHBvdXIgZFx1MDBlOXRvdXJuZW1lbnQgZGUgZm9uZHMgcHVibGljcywgZmF1eCBldCB1c2FnZSBkZSBmYXV4IiwidGVtcGxhdGUiOiJoaWdod2F5IiwiYmxvZ19pZCI6MTExMDE2NDYxfQ.ejesImiqdwk-w44NLaTIYUz0fvdEKQc5e84JYn3jfToMQ"},"version":2},"_wpas_customize_per_network":false},"categories":[405],"tags":[],"class_list":["post-33169","post","type-post","status-publish","format-standard","has-post-thumbnail","hentry","category-actu-france-monde"],"jetpack_publicize_connections":[],"jetpack_featured_media_url":"https:\/\/i0.wp.com\/www.iceagetv.com\/radiosite\/wp-content\/uploads\/2025\/02\/Jean-Castex-1832665.jpg?fit=800%2C450&ssl=1","jetpack_sharing_enabled":true,"_links":{"self":[{"href":"https:\/\/www.iceagetv.com\/radiosite\/wp-json\/wp\/v2\/posts\/33169","targetHints":{"allow":["GET"]}}],"collection":[{"href":"https:\/\/www.iceagetv.com\/radiosite\/wp-json\/wp\/v2\/posts"}],"about":[{"href":"https:\/\/www.iceagetv.com\/radiosite\/wp-json\/wp\/v2\/types\/post"}],"author":[{"embeddable":true,"href":"https:\/\/www.iceagetv.com\/radiosite\/wp-json\/wp\/v2\/users\/2"}],"replies":[{"embeddable":true,"href":"https:\/\/www.iceagetv.com\/radiosite\/wp-json\/wp\/v2\/comments?post=33169"}],"version-history":[{"count":1,"href":"https:\/\/www.iceagetv.com\/radiosite\/wp-json\/wp\/v2\/posts\/33169\/revisions"}],"predecessor-version":[{"id":33171,"href":"https:\/\/www.iceagetv.com\/radiosite\/wp-json\/wp\/v2\/posts\/33169\/revisions\/33171"}],"wp:featuredmedia":[{"embeddable":true,"href":"https:\/\/www.iceagetv.com\/radiosite\/wp-json\/wp\/v2\/media\/33170"}],"wp:attachment":[{"href":"https:\/\/www.iceagetv.com\/radiosite\/wp-json\/wp\/v2\/media?parent=33169"}],"wp:term":[{"taxonomy":"category","embeddable":true,"href":"https:\/\/www.iceagetv.com\/radiosite\/wp-json\/wp\/v2\/categories?post=33169"},{"taxonomy":"post_tag","embeddable":true,"href":"https:\/\/www.iceagetv.com\/radiosite\/wp-json\/wp\/v2\/tags?post=33169"}],"curies":[{"name":"wp","href":"https:\/\/api.w.org\/{rel}","templated":true}]}}