{"id":33194,"date":"2025-02-14T20:40:26","date_gmt":"2025-02-14T19:40:26","guid":{"rendered":"https:\/\/www.iceagetv.com\/radiosite\/?p=33194"},"modified":"2025-02-14T20:40:29","modified_gmt":"2025-02-14T19:40:29","slug":"affaire-betharram-francois-bayrou-va-rencontrer-alain-esquerre-le-porte-parole-du-collectif-des-victimes","status":"publish","type":"post","link":"https:\/\/www.iceagetv.com\/radiosite\/affaire-betharram-francois-bayrou-va-rencontrer-alain-esquerre-le-porte-parole-du-collectif-des-victimes\/","title":{"rendered":"Affaire B\u00e9tharram\u00a0: Fran\u00e7ois Bayrou va rencontrer Alain Esquerre, le porte-parole du collectif des victimes"},"content":{"rendered":"\n<p class=\"\">Fran\u00e7ois Bayrou, le Premier ministre, va rencontrer Alain Esquerre, le porte-parole du collectif des victimes qui se sont d\u00e9clar\u00e9es dans l&rsquo;affaire B\u00e9tharram. La rencontre aura lieu ce samedi 15 f\u00e9vrier, \u00e0 Pau.Apr\u00e8s s&rsquo;\u00eatre parl\u00e9s ce mercredi au t\u00e9l\u00e9phone, Fran\u00e7ois Bayrou et Alain Esquerre vont se rencontrer pour \u00e9voquer le dossier des\u00a0<a href=\"https:\/\/www.francebleu.fr\/infos\/faits-divers-justice\/violences-sexuelles-a-betharram-pourquoi-francois-bayrou-est-il-cite-dans-une-affaire-dont-il-dit-tout-ignorer-7462773\" target=\"_blank\" rel=\"noreferrer noopener\">violences sexuelles \u00e0 Notre-Dame de B\u00e9tharram<\/a>. Le Premier ministre et maire de Pau a de nouveau appel\u00e9 ce vendredi le porte-parole du collectif des victimes pour organiser une rencontre. D&rsquo;apr\u00e8s les informations de\u00a0<em>\u00ab\u00a0ici B\u00e9arn Bigorre\u00a0\u00bb<\/em>, elle se fera ce samedi 15 f\u00e9vrier, en mairie de Pau.\u00a0<em>\u00ab\u00a0Fran\u00e7ois Bayrou me laisse choisir le cadre\u00a0\u00bb,<\/em>\u00a0explique Alain Esquerre, qui sera accompagn\u00e9 d&rsquo;autres victimes pour cette rencontre qui aura lieu en matin\u00e9e, \u00e0 11h45. Un lieu et un horaire confirm\u00e9 par Fran\u00e7ois Bayrou joint par\u00a0<em>\u00ab\u00a0ici B\u00e9arn Bigorre\u00a0\u00bb<\/em>.Une dizaine de victimes pr\u00e9sentes<\/p>\n\n\n\n<p class=\"\">L&rsquo;entretien se fera \u00e0 huis clos, et Alain Esquerre ainsi que Fran\u00e7ois Bayrou prendront la parole \u00e0 l&rsquo;issue de l&rsquo;entrevue. Selon nos informations,&nbsp; huit victimes membres du collectif seront pr\u00e9sentes. Certaines d&rsquo;entre elles vont faire le d\u00e9placement d&rsquo;autres r\u00e9gions pour se rendre dans la r\u00e9gion de Pau et rencontrer le Premier ministre. Elles attendent des annonces, des mesures concr\u00e8tes, notamment sur le volet judiciaire de l&rsquo;affaire. Une enqu\u00eate du parquet de Pau est en cours depuis plus d&rsquo;un an, mais toujours au stade pr\u00e9liminaire.<\/p>\n\n\n\n<p class=\"\">Fran\u00e7ois Bayrou et Alain Esquerre avaient d\u00e9j\u00e0&nbsp;<a target=\"_blank\" rel=\"noreferrer noopener\" href=\"https:\/\/www.francebleu.fr\/infos\/faits-divers-justice\/affaire-betharram-francois-bayrou-mis-en-cause-pour-son-silence-a-appele-le-porte-parole-du-collectif-des-victimes-9506608\">\u00e9chang\u00e9 au t\u00e9l\u00e9phone<\/a>&nbsp;le 12 f\u00e9vrier apr\u00e8s les prises \u00e0 partie de Fran\u00e7ois Bayrou \u00e0 l&rsquo;Assembl\u00e9e nationale concernant l&rsquo;affaire des violences sexuelles \u00e0 Notre-Dame de B\u00e9tharram. Le maire de Pau et Alain Esquerre ne s&rsquo;\u00e9taient jusqu&rsquo;ici jamais parl\u00e9 et jamais rencontr\u00e9s.<\/p>\n\n\n\n<p class=\"\"><em>\u00ab\u00a0Il ne s&rsquo;agit pas de sauver le soldat Bayrou, c&rsquo;est bien le Premier ministre de la France qui vient au secours des victimes dont l&rsquo;histoire est incroyable. Cette rencontre est une opportunit\u00e9 pour faire avancer cette question des agressions sexuels sur les mineurs\u00a0\u00bb,<\/em>\u00a0explique Pascal, victime de violences\u00a0\u00e0 Notre-Dame de B\u00e9tharram et qui va faire le d\u00e9placement de Bordeaux pour rencontrer Fran\u00e7ois Bayrou.<\/p>\n\n\n\n<p class=\"\">Par&nbsp;<\/p>\n\n\n\n<ul class=\"wp-block-list\">\n<li class=\"\"><a href=\"https:\/\/www.francebleu.fr\/radio\/bearn\">ici B\u00e9arn Bigorre<\/a>\u00a0,\u00a0<\/li>\n\n\n\n<li class=\"\">ici\u00a0,\u00a0<\/li>\n\n\n\n<li class=\"\"><a href=\"https:\/\/www.francebleu.fr\/radio\/pays-basque\">ici Pays Basque<\/a><\/li>\n<\/ul>\n\n\n\n<p class=\"\"><\/p>\n","protected":false},"excerpt":{"rendered":"<p>Fran\u00e7ois Bayrou, le Premier ministre, va rencontrer Alain Esquerre, le porte-parole du collectif des victimes qui se sont d\u00e9clar\u00e9es dans l&rsquo;affaire B\u00e9tharram. La rencontre aura lieu ce samedi 15 f\u00e9vrier, \u00e0 Pau.Apr\u00e8s s&rsquo;\u00eatre parl\u00e9s ce mercredi au t\u00e9l\u00e9phone, Fran\u00e7ois Bayrou et Alain Esquerre vont se rencontrer pour \u00e9voquer le dossier des\u00a0violences sexuelles \u00e0 Notre-Dame de [&hellip;]<\/p>\n","protected":false},"author":2,"featured_media":33195,"comment_status":"open","ping_status":"open","sticky":false,"template":"","format":"standard","meta":{"_jetpack_memberships_contains_paid_content":false,"footnotes":"","jetpack_publicize_message":"","jetpack_publicize_feature_enabled":true,"jetpack_social_post_already_shared":true,"jetpack_social_options":{"image_generator_settings":{"template":"highway","enabled":true,"token":"eyJpbWciOiJodHRwczpcL1wvd3d3LmljZWFnZXR2LmNvbVwvcmFkaW9zaXRlXC93cC1jb250ZW50XC91cGxvYWRzXC8yMDI1XC8wMlwvQWZmYWlyZS1CZXRoYXJyYW0uanBnIiwidHh0IjoiQWZmYWlyZSBCXHUwMGU5dGhhcnJhbVx1MDBhMDogRnJhblx1MDBlN29pcyBCYXlyb3UgdmEgcmVuY29udHJlciBBbGFpbiBFc3F1ZXJyZSwgbGUgcG9ydGUtcGFyb2xlIGR1IGNvbGxlY3RpZiBkZXMgdmljdGltZXMiLCJ0ZW1wbGF0ZSI6ImhpZ2h3YXkiLCJibG9nX2lkIjoxMTEwMTY0NjF9.I46FmDfpY2ji-Kdw2TBczRmFdRQhGlrA1ptp-lvZ1psMQ"},"version":2},"_wpas_customize_per_network":false},"categories":[405],"tags":[],"class_list":["post-33194","post","type-post","status-publish","format-standard","has-post-thumbnail","hentry","category-actu-france-monde"],"jetpack_publicize_connections":[],"jetpack_featured_media_url":"https:\/\/i0.wp.com\/www.iceagetv.com\/radiosite\/wp-content\/uploads\/2025\/02\/Affaire-Betharram.jpg?fit=608%2C338&ssl=1","jetpack_sharing_enabled":true,"_links":{"self":[{"href":"https:\/\/www.iceagetv.com\/radiosite\/wp-json\/wp\/v2\/posts\/33194","targetHints":{"allow":["GET"]}}],"collection":[{"href":"https:\/\/www.iceagetv.com\/radiosite\/wp-json\/wp\/v2\/posts"}],"about":[{"href":"https:\/\/www.iceagetv.com\/radiosite\/wp-json\/wp\/v2\/types\/post"}],"author":[{"embeddable":true,"href":"https:\/\/www.iceagetv.com\/radiosite\/wp-json\/wp\/v2\/users\/2"}],"replies":[{"embeddable":true,"href":"https:\/\/www.iceagetv.com\/radiosite\/wp-json\/wp\/v2\/comments?post=33194"}],"version-history":[{"count":1,"href":"https:\/\/www.iceagetv.com\/radiosite\/wp-json\/wp\/v2\/posts\/33194\/revisions"}],"predecessor-version":[{"id":33196,"href":"https:\/\/www.iceagetv.com\/radiosite\/wp-json\/wp\/v2\/posts\/33194\/revisions\/33196"}],"wp:featuredmedia":[{"embeddable":true,"href":"https:\/\/www.iceagetv.com\/radiosite\/wp-json\/wp\/v2\/media\/33195"}],"wp:attachment":[{"href":"https:\/\/www.iceagetv.com\/radiosite\/wp-json\/wp\/v2\/media?parent=33194"}],"wp:term":[{"taxonomy":"category","embeddable":true,"href":"https:\/\/www.iceagetv.com\/radiosite\/wp-json\/wp\/v2\/categories?post=33194"},{"taxonomy":"post_tag","embeddable":true,"href":"https:\/\/www.iceagetv.com\/radiosite\/wp-json\/wp\/v2\/tags?post=33194"}],"curies":[{"name":"wp","href":"https:\/\/api.w.org\/{rel}","templated":true}]}}