{"id":33199,"date":"2025-02-15T08:36:36","date_gmt":"2025-02-15T07:36:36","guid":{"rendered":"https:\/\/www.iceagetv.com\/radiosite\/?p=33199"},"modified":"2025-02-15T08:36:40","modified_gmt":"2025-02-15T07:36:40","slug":"victoires-de-la-musique-2025-gims-laureat-jo-de-paris-hommage-a-dj-mehdi-decouvrez-le-palmares-de-la-40e-ceremonie","status":"publish","type":"post","link":"https:\/\/www.iceagetv.com\/radiosite\/victoires-de-la-musique-2025-gims-laureat-jo-de-paris-hommage-a-dj-mehdi-decouvrez-le-palmares-de-la-40e-ceremonie\/","title":{"rendered":"Victoires de la musique 2025\u00a0: Gims laur\u00e9at, JO de Paris, hommage \u00e0 DJ Mehdi\u2026 d\u00e9couvrez le palmar\u00e8s de la 40e c\u00e9r\u00e9monie"},"content":{"rendered":"\n<p class=\"\"><strong>Ce vendredi 14\u00a0f\u00e9vrier 2025 s\u2019est tenu la 40e c\u00e9r\u00e9monie des Victoires de la musique. Joie, hommage, discours\u2026 cette \u00e9dition a \u00e9t\u00e9 remplie d\u2019\u00e9motions<\/strong>Les 40e Victoires de la musique ont d\u00e9cern\u00e9 vendredi leurs coups de c\u0153ur&nbsp;: Zaho de Sagazan confirme son aura, le rappeur Gims obtient un sacre longtemps attendu et les c\u00e9r\u00e9monies des JO sont r\u00e9compens\u00e9es, sur une note plus politique.<\/p>\n\n\n\n<p class=\"\"><em>\u00ab\u00a0D\u2019\u00eatre r\u00e9compens\u00e9 par des gens de la musique, d\u2019avoir \u00e9t\u00e9 choisi par des pros, par des gens qui m\u2019ont vu \u00e9voluer dans ce milieu, c\u2019est un honneur\u00a0\u00bb<\/em>, a d\u00e9clar\u00e9 Gims, r\u00e9v\u00e9l\u00e9 avec le groupe Sexion d\u2019Assaut et qui caracole depuis une dizaine d\u2019ann\u00e9es en haut des classements.Apr\u00e8s Gazo en 2024 \u2013 ex-\u00e6quo avec Vianney \u2013 les Victoires ont de nouveau r\u00e9compens\u00e9 un rappeur dans cette cat\u00e9gorie reine, signe de l\u2019ouverture de la c\u00e9r\u00e9monie qui reste n\u00e9anmoins centr\u00e9e sur la pop.<\/p>\n\n\n\n<p class=\"\">L\u2019artiste congolais, qui a grandi en France, a aussi profit\u00e9 du micro pour rappeler la situation\u00a0<em>\u00ab\u00a0terrible\u00a0\u00bb<\/em>\u00a0pr\u00e8s de Goma (RDC) o\u00f9 des combats opposent forces gouvernementales et rebelles.\u00a0<em>\u00ab\u00a0C\u2019est inhumain ce qui se passe l\u00e0-bas\u00a0\u00bb<\/em>, a-t-il soulign\u00e9.Vous me faites un bien fou\u00a0\u00bb<\/p>\n\n\n\n<p class=\"\">La r\u00e9compense de la meilleure artiste f\u00e9minine a \u00e9t\u00e9 d\u00e9cern\u00e9e \u00e0 Zaho de Sagazan, d\u00e9j\u00e0 multir\u00e9compens\u00e9e lors de l\u2019\u00e9dition pr\u00e9c\u00e9dente. A 25 ans, l\u2019artiste confirme sa place de figure incontournable de la sc\u00e8ne fran\u00e7aise, avec une renomm\u00e9e qui d\u00e9passe les fronti\u00e8res.<\/p>\n\n\n\n<p class=\"\"><em>\u00ab\u00a0Vous me faites un bien fou, si je peux vous faire un peu de bien avec mes chansons, j\u2019en suis ravie\u00a0\u00bb<\/em>, a-t-elle d\u00e9clar\u00e9.<\/p>\n\n\n\n<p class=\"\">Elle faisait face notamment \u00e0 Santa, artiste la plus nomm\u00e9e (quatre nominations) pour cette 40e \u00e9dition mais qui n\u2019a glan\u00e9 qu\u2019un troph\u00e9e, celui du meilleur album pour\u00a0<em>\u00ab\u00a0Recommence-moi\u00a0\u00bb<\/em>, son premier opus.\u00a0Amatrice de sc\u00e9nographies spectaculaires, elle avait ouvert le bal des prestations live, suspendue dans les airs, t\u00eate en bas.Ann\u00e9e de folie\u00a0\u00bb<\/p>\n\n\n\n<p class=\"\">Du c\u00f4t\u00e9 de la jeune sc\u00e8ne, Solann a \u00e9t\u00e9 sacr\u00e9e r\u00e9v\u00e9lation f\u00e9minine, Yoa aur\u00e9ol\u00e9e de la r\u00e9v\u00e9lation sc\u00e8ne et Pierre Garnier s\u2019est impos\u00e9 dans la cat\u00e9gorie r\u00e9v\u00e9lation masculine. Le gagnant de la Star Ac en 2024, rapidement chouchou du grand public, est \u00e9galement reparti avec la Victoire de la chanson originale pour<em>\u00a0\u00ab\u00a0Ceux qu\u2019on \u00e9tait\u00a0\u00bb.<\/em><em>\u00ab\u00a0C\u2019est la concr\u00e9tisation de cette ann\u00e9e de folie. \u00c7a me motive pour continuer et pour ne jamais l\u00e2cher\u00a0\u00bb<\/em>, a-t-il dit en coulisses.<\/p>\n\n\n\n<p class=\"\">Cette \u00e9dition anniversaire, diffus\u00e9e sur France 2 en direct de la Seine musicale, \u00e9tait pr\u00e9sid\u00e9e par Alain Souchon, qui a interpr\u00e9t\u00e9 avec ses fils Pierre Souchon et Ours sa&nbsp;<em>\u00ab\u00a0Foule sentimentale\u00a0\u00bb<\/em>. Ce tube r\u00e9compens\u00e9 en&nbsp;1994 et&nbsp;2005 fait partie de l\u2019album de souvenirs des Victoires.<\/p>\n\n\n\n<blockquote class=\"wp-block-quote is-layout-flow wp-block-quote-is-layout-flow\">\n<p class=\"\">Que cette Victoire nous serve de lanterne<\/p>\n<\/blockquote>\n\n\n\n<p class=\"\">Les c\u00e9r\u00e9monies d\u2019ouverture et de cl\u00f4ture des Jeux de Paris, avec Thomas Jolly et Victor le Masne \u00e0 la baguette, sont reparties avec la Victoire du meilleur concert.<\/p>\n\n\n\n<p class=\"\"><em>\u00ab\u00a0Si le spectacle vivant porte en lui cette puissance \u00e9mancipatrice, il ne peut rien sans un pouvoir qui le consid\u00e8re et le soutient. Aussi je m\u2019\u00e9tonne dans cette p\u00e9riode de tourments multiples de voir ici ou l\u00e0 les moyens pour la culture affaiblie ou tout bonnement retir\u00e9e\u00a0\u00bb<\/em>, a d\u00e9clar\u00e9 Thomas Jolly, dans un discours aux consonances politiques durant la c\u00e9r\u00e9monie, \u00e0 laquelle assistait la ministre de la Culture Rachida Dati.<\/p>\n\n\n\n<p class=\"\">Plus qu\u2019une parenth\u00e8se, il a souhait\u00e9 que les Jeux de Paris soient&nbsp;<em>\u00ab\u00a0plut\u00f4t comme une br\u00e8che lumineuse dans l\u2019ombre \u00e9paisse et grandissante qui plane sur nous. Que cette Victoire nous serve de lanterne\u00a0\u00bb<\/em>, a-t-il conclu.<\/p>\n\n\n\n<p class=\"\">Distingu\u00e9e c\u00f4t\u00e9 \u00ab\u00a0cr\u00e9ation audiovisuelle, la s\u00e9rie documentaire&nbsp;<em>\u00ab\u00a0DJ Mehdi&nbsp;: Made in France\u00a0\u00bb<\/em>, qui retrace le parcours \u00e9clair du compositeur essentiel \u00e0 l\u2019\u00e9mergence des sc\u00e8nes rap et \u00e9lectro, a obtenu la premi\u00e8re r\u00e9compense de la soir\u00e9e.<\/p>\n\n\n\n<p class=\"\">Par ailleurs, Sylvie Vartan, qui a fait ses adieux \u00e0 la sc\u00e8ne fin janvier \u00e0 80 ans, ainsi qu\u2019Eddy Mitchell, 82 ans et 40 albums solo au compteur, ont tous les deux re\u00e7u une Victoire d\u2019honneur.<\/p>\n\n\n\n<h2 class=\"wp-block-heading\">Un nouveau syst\u00e8me<\/h2>\n\n\n\n<p class=\"\">Grand-messe qui promeut la diversit\u00e9 dans la chanson fran\u00e7aise depuis ses d\u00e9buts en 1985 au Moulin rouge, les Victoires ont \u00e9t\u00e9 accus\u00e9es d\u2019entre-soi et d\u2019un manque de repr\u00e9sentativit\u00e9, en particulier du hip-hop. En r\u00e9ponse, le syst\u00e8me de vote a \u00e9t\u00e9 refondu depuis l\u2019\u00e9dition 2024, avec un second tour dont sont exclus les labels.<\/p>\n\n\n\n<p class=\"\">M\u00eame imparfaites, les Victoires demeurent une vitrine de la vari\u00e9t\u00e9 scrut\u00e9e par la fili\u00e8re et, pour les artistes, une reconnaissance ou une rampe de lancement.<\/p>\n\n\n\n<p class=\"\"><em>\u00ab\u00a0C\u2019est un effet acc\u00e9l\u00e9rateur de malade\u00a0\u00bb\u00a0<\/em>et\u00a0<em>\u00ab\u00a0\u00e7a peut faire basculer\u00a0\u00bb<\/em>\u00a0une carri\u00e8re, assure Vincent Fr\u00e8rebeau, son pr\u00e9sident, qui doit passer la main pour la prochaine \u00e9dition.<\/p>\n\n\n\n<p class=\"\"><strong>AFP<\/strong><\/p>\n","protected":false},"excerpt":{"rendered":"<p>Ce vendredi 14\u00a0f\u00e9vrier 2025 s\u2019est tenu la 40e c\u00e9r\u00e9monie des Victoires de la musique. Joie, hommage, discours\u2026 cette \u00e9dition a \u00e9t\u00e9 remplie d\u2019\u00e9motionsLes 40e Victoires de la musique ont d\u00e9cern\u00e9 vendredi leurs coups de c\u0153ur&nbsp;: Zaho de Sagazan confirme son aura, le rappeur Gims obtient un sacre longtemps attendu et les c\u00e9r\u00e9monies des JO sont [&hellip;]<\/p>\n","protected":false},"author":2,"featured_media":33200,"comment_status":"open","ping_status":"open","sticky":false,"template":"","format":"standard","meta":{"_jetpack_memberships_contains_paid_content":false,"footnotes":"","jetpack_publicize_message":"","jetpack_publicize_feature_enabled":true,"jetpack_social_post_already_shared":true,"jetpack_social_options":{"image_generator_settings":{"template":"highway","enabled":true,"token":"eyJpbWciOiJodHRwczpcL1wvd3d3LmljZWFnZXR2LmNvbVwvcmFkaW9zaXRlXC93cC1jb250ZW50XC91cGxvYWRzXC8yMDI1XC8wMlwvVmljdG9pcmVzLWRlLWxhLW11c2lxdWUtMjAyNS0uanBnIiwidHh0IjoiVmljdG9pcmVzIGRlIGxhIG11c2lxdWUgMjAyNVx1MDBhMDogR2ltcyBsYXVyXHUwMGU5YXQsIEpPIGRlIFBhcmlzLCBob21tYWdlIFx1MDBlMCBESiBNZWhkaVx1MjAyNiBkXHUwMGU5Y291dnJleiBsZSBwYWxtYXJcdTAwZThzIGRlIGxhIDQwZSBjXHUwMGU5clx1MDBlOW1vbmllIiwidGVtcGxhdGUiOiJoaWdod2F5IiwiYmxvZ19pZCI6MTExMDE2NDYxfQ.MPHDoE-kg_XkeEwrHpRHkNHEVJ7socFjNZH8B4BU2gEMQ"},"version":2},"_wpas_customize_per_network":false},"categories":[68],"tags":[],"class_list":["post-33199","post","type-post","status-publish","format-standard","has-post-thumbnail","hentry","category-actu-culturelle"],"jetpack_publicize_connections":[],"jetpack_featured_media_url":"https:\/\/i0.wp.com\/www.iceagetv.com\/radiosite\/wp-content\/uploads\/2025\/02\/Victoires-de-la-musique-2025-.jpg?fit=292%2C225&ssl=1","jetpack_sharing_enabled":true,"_links":{"self":[{"href":"https:\/\/www.iceagetv.com\/radiosite\/wp-json\/wp\/v2\/posts\/33199","targetHints":{"allow":["GET"]}}],"collection":[{"href":"https:\/\/www.iceagetv.com\/radiosite\/wp-json\/wp\/v2\/posts"}],"about":[{"href":"https:\/\/www.iceagetv.com\/radiosite\/wp-json\/wp\/v2\/types\/post"}],"author":[{"embeddable":true,"href":"https:\/\/www.iceagetv.com\/radiosite\/wp-json\/wp\/v2\/users\/2"}],"replies":[{"embeddable":true,"href":"https:\/\/www.iceagetv.com\/radiosite\/wp-json\/wp\/v2\/comments?post=33199"}],"version-history":[{"count":1,"href":"https:\/\/www.iceagetv.com\/radiosite\/wp-json\/wp\/v2\/posts\/33199\/revisions"}],"predecessor-version":[{"id":33201,"href":"https:\/\/www.iceagetv.com\/radiosite\/wp-json\/wp\/v2\/posts\/33199\/revisions\/33201"}],"wp:featuredmedia":[{"embeddable":true,"href":"https:\/\/www.iceagetv.com\/radiosite\/wp-json\/wp\/v2\/media\/33200"}],"wp:attachment":[{"href":"https:\/\/www.iceagetv.com\/radiosite\/wp-json\/wp\/v2\/media?parent=33199"}],"wp:term":[{"taxonomy":"category","embeddable":true,"href":"https:\/\/www.iceagetv.com\/radiosite\/wp-json\/wp\/v2\/categories?post=33199"},{"taxonomy":"post_tag","embeddable":true,"href":"https:\/\/www.iceagetv.com\/radiosite\/wp-json\/wp\/v2\/tags?post=33199"}],"curies":[{"name":"wp","href":"https:\/\/api.w.org\/{rel}","templated":true}]}}