{"id":33224,"date":"2025-02-15T20:28:54","date_gmt":"2025-02-15T19:28:54","guid":{"rendered":"https:\/\/www.iceagetv.com\/radiosite\/?p=33224"},"modified":"2025-02-15T20:28:59","modified_gmt":"2025-02-15T19:28:59","slug":"autriche-un-adolescent-de-14-ans-tue-et-quatre-autres-personnes-blessees-dans-une-attaque-au-couteau","status":"publish","type":"post","link":"https:\/\/www.iceagetv.com\/radiosite\/autriche-un-adolescent-de-14-ans-tue-et-quatre-autres-personnes-blessees-dans-une-attaque-au-couteau\/","title":{"rendered":"Autriche: un adolescent de 14 ans tu\u00e9 et quatre autres personnes bless\u00e9es dans une attaque au couteau"},"content":{"rendered":"\n<p class=\"\">Une attaque au couteau a eu lieu ce samedi 15 f\u00e9vrier dans le sud de l&rsquo;Autriche faisant un mort, un adolescent de 14 ans, et quatre bless\u00e9s. Le suspect, un demandeur d&rsquo;asile syrien de 23 ans, a \u00e9t\u00e9 interpell\u00e9.<\/p>\n\n\n\n<p class=\"\">Un adolescent de 14 ans a \u00e9t\u00e9 tu\u00e9 et quatre autres personnes bless\u00e9es ce samedi 15 f\u00e9vrier dans une attaque au couteau dans le sud de l&rsquo;Autriche, a annonc\u00e9 la police, ajoutant avoir arr\u00eat\u00e9 le suspect, un demandeur d&rsquo;asile syrien de 23 ans.<\/p>\n\n\n\n<p class=\"\">\u00ab\u00a0Un homme a attaqu\u00e9 au hasard des passants avec un couteau\u00a0\u00bb dans la petite ville de Villach, et \u00ab\u00a0une victime, un gar\u00e7on de 14 ans, est d\u00e9c\u00e9d\u00e9e\u00a0\u00bb, a d\u00e9clar\u00e9 le porte-parole de la police, Rainer Dionisio.L&rsquo;homme n&rsquo;\u00e9tait pas connu de la police et rien n&rsquo;est connu pour l&rsquo;heure de ses motivations. Deux hommes sont gri\u00e8vement bless\u00e9s, et deux autres le sont plus l\u00e9g\u00e8rement, a-t-il indiqu\u00e9.<\/p>\n\n\n\n<h2 class=\"wp-block-heading\" id=\"7bpvc\">Une attaque dans le centre-ville<\/h2>\n\n\n\n<p class=\"\">L&rsquo;attaque est survenue juste en pleine apr\u00e8s-midi dans le centre de cette ville, la capitale de la Carinthie. T\u00e9moin de l&rsquo;attaque, un livreur de repas a lanc\u00e9 son deux roues contre l&rsquo;attaquant, qui a \u00e9t\u00e9 l\u00e9g\u00e8rement bless\u00e9 et a pu \u00eatre arr\u00eat\u00e9 \u00ab\u00a0juste apr\u00e8s les faits\u00a0\u00bb, selon le porte-parole.<\/p>\n\n\n\n<p class=\"\">Il s&rsquo;agit d&rsquo;un demandeur d&rsquo;asile syrien dont les papiers \u00e9taient en r\u00e8gle, a-t-il pr\u00e9cis\u00e9.<\/p>\n\n\n\n<p class=\"\">Cette attaque survient deux jours apr\u00e8s une attaque \u00e0 la voiture b\u00e9lier \u00e0 Munich, en Allemagne. Une&nbsp;<a href=\"https:\/\/www.bfmtv.com\/international\/europe\/allemagne\/attentat-a-la-voiture-belier-a-munich-une-mere-et-sa-fille-de-2-ans-meurent-deux-jours-apres-avoir-ete-percutees_AD-202502150352.html\">fillette de deux ans et sa m\u00e8re sont d\u00e9c\u00e9d\u00e9es<\/a>&nbsp;ce samedi des suites des blessures subies lors de cette attaque \u00e0 Munich, qui a fait en outre 37 bless\u00e9s.<\/p>\n\n\n\n<p class=\"\">Un demandeur d&rsquo;asile afghan de 24 ans a \u00e9t\u00e9 arr\u00eat\u00e9, et selon la police allemande il a fait \u00e9tat de motivations islamistes pour son acte.<\/p>\n\n\n\n<p class=\"\">AFP<\/p>\n","protected":false},"excerpt":{"rendered":"<p>Une attaque au couteau a eu lieu ce samedi 15 f\u00e9vrier dans le sud de l&rsquo;Autriche faisant un mort, un adolescent de 14 ans, et quatre bless\u00e9s. Le suspect, un demandeur d&rsquo;asile syrien de 23 ans, a \u00e9t\u00e9 interpell\u00e9. Un adolescent de 14 ans a \u00e9t\u00e9 tu\u00e9 et quatre autres personnes bless\u00e9es ce samedi 15 [&hellip;]<\/p>\n","protected":false},"author":2,"featured_media":33225,"comment_status":"open","ping_status":"open","sticky":false,"template":"","format":"standard","meta":{"_jetpack_memberships_contains_paid_content":false,"footnotes":"","jetpack_publicize_message":"","jetpack_publicize_feature_enabled":true,"jetpack_social_post_already_shared":true,"jetpack_social_options":{"image_generator_settings":{"template":"highway","enabled":true,"token":"eyJpbWciOiJodHRwczpcL1wvd3d3LmljZWFnZXR2LmNvbVwvcmFkaW9zaXRlXC93cC1jb250ZW50XC91cGxvYWRzXC8yMDI1XC8wMlwvQXV0cmljaGUuanBnIiwidHh0IjoiQXV0cmljaGU6IHVuIGFkb2xlc2NlbnQgZGUgMTQgYW5zIHR1XHUwMGU5IGV0IHF1YXRyZSBhdXRyZXMgcGVyc29ubmVzIGJsZXNzXHUwMGU5ZXMgZGFucyB1bmUgYXR0YXF1ZSBhdSBjb3V0ZWF1IiwidGVtcGxhdGUiOiJoaWdod2F5IiwiYmxvZ19pZCI6MTExMDE2NDYxfQ.qm3mFfl3zTz9kaweEYBMMMZSDNXNNeWx8qHUzPCcAJ0MQ"},"version":2},"_wpas_customize_per_network":false},"categories":[405],"tags":[],"class_list":["post-33224","post","type-post","status-publish","format-standard","has-post-thumbnail","hentry","category-actu-france-monde"],"jetpack_publicize_connections":[],"jetpack_featured_media_url":"https:\/\/i0.wp.com\/www.iceagetv.com\/radiosite\/wp-content\/uploads\/2025\/02\/Autriche.jpg?fit=700%2C423&ssl=1","jetpack_sharing_enabled":true,"_links":{"self":[{"href":"https:\/\/www.iceagetv.com\/radiosite\/wp-json\/wp\/v2\/posts\/33224","targetHints":{"allow":["GET"]}}],"collection":[{"href":"https:\/\/www.iceagetv.com\/radiosite\/wp-json\/wp\/v2\/posts"}],"about":[{"href":"https:\/\/www.iceagetv.com\/radiosite\/wp-json\/wp\/v2\/types\/post"}],"author":[{"embeddable":true,"href":"https:\/\/www.iceagetv.com\/radiosite\/wp-json\/wp\/v2\/users\/2"}],"replies":[{"embeddable":true,"href":"https:\/\/www.iceagetv.com\/radiosite\/wp-json\/wp\/v2\/comments?post=33224"}],"version-history":[{"count":1,"href":"https:\/\/www.iceagetv.com\/radiosite\/wp-json\/wp\/v2\/posts\/33224\/revisions"}],"predecessor-version":[{"id":33226,"href":"https:\/\/www.iceagetv.com\/radiosite\/wp-json\/wp\/v2\/posts\/33224\/revisions\/33226"}],"wp:featuredmedia":[{"embeddable":true,"href":"https:\/\/www.iceagetv.com\/radiosite\/wp-json\/wp\/v2\/media\/33225"}],"wp:attachment":[{"href":"https:\/\/www.iceagetv.com\/radiosite\/wp-json\/wp\/v2\/media?parent=33224"}],"wp:term":[{"taxonomy":"category","embeddable":true,"href":"https:\/\/www.iceagetv.com\/radiosite\/wp-json\/wp\/v2\/categories?post=33224"},{"taxonomy":"post_tag","embeddable":true,"href":"https:\/\/www.iceagetv.com\/radiosite\/wp-json\/wp\/v2\/tags?post=33224"}],"curies":[{"name":"wp","href":"https:\/\/api.w.org\/{rel}","templated":true}]}}