{"id":33228,"date":"2025-02-16T08:53:09","date_gmt":"2025-02-16T07:53:09","guid":{"rendered":"https:\/\/www.iceagetv.com\/radiosite\/?p=33228"},"modified":"2025-02-16T08:53:13","modified_gmt":"2025-02-16T07:53:13","slug":"deux-informations-judiciaires-ouvertes-a-paris-apres-des-plaintes-de-lassociation-foodwatch-visant-le-geant-suisse-nestle-concernant-le-traitement-des-eaux-minerales","status":"publish","type":"post","link":"https:\/\/www.iceagetv.com\/radiosite\/deux-informations-judiciaires-ouvertes-a-paris-apres-des-plaintes-de-lassociation-foodwatch-visant-le-geant-suisse-nestle-concernant-le-traitement-des-eaux-minerales\/","title":{"rendered":"Deux informations judiciaires ouvertes \u00e0 Paris apr\u00e8s des plaintes de l\u2019association Foodwatch visant le g\u00e9ant suisse Nestl\u00e9 concernant le traitement des eaux min\u00e9rales"},"content":{"rendered":"\n<p class=\"\">Un juge d\u2019instruction parisien a d\u00e9cid\u00e9 d\u2019enqu\u00eater sur deux plaintes de l\u2019association Foodwatch visant le g\u00e9ant suisse Nestl\u00e9 et le groupe Sources Alma concernant le traitement de leurs eaux min\u00e9rales, a appris l\u2019AFP de source proche du dossier. Confirmant partiellement une information des m\u00e9dias Radio France et Le Monde, cette source a indiqu\u00e9 que le magistrat instructeur est pass\u00e9 outre les r\u00e9quisitions du parquet de Paris, qui l\u2019estimait incomp\u00e9tent territorialement et lui demandait donc de ne pas enqu\u00eater, et a d\u00e9cid\u00e9 mercredi de se pencher sur ce scandale.<\/p>\n\n\n\n<p class=\"\">Foodwatch avait d\u00e9pos\u00e9 cet automne \u00e0 Paris deux plaintes avec constitution de partie civile contre les pratiques de Nestl\u00e9 et du groupe Sources Alma (Cristaline, St-Yorre&#8230;). L\u2019association de consommateurs CLCV avait aussi port\u00e9 plainte contre X. \u00abFoodwatch accueille avec une grande satisfaction l\u2019annonce de l\u2019ouverture d\u2019une information judiciaire dans ces affaires\u00bb, a r\u00e9agi l\u2019avocat de l\u2019association, Me Fran\u00e7ois Lafforgue. \u00abNous demandons maintenant \u00e0 la justice p\u00e9nale de faire toute la lumi\u00e8re sur les agissements frauduleux des producteurs d\u2019eaux min\u00e9rales naturelles, et de d\u00e9gager toutes les responsabilit\u00e9s, \u00e0 quelque niveau que ce soit\u00bb, a ajout\u00e9 cet avocat sp\u00e9cialis\u00e9 en droit de l\u2019environnement.<\/p>\n\n\n\n<p class=\"\">D\u00e9but f\u00e9vrier, Radio France et Le Monde ont publi\u00e9 des \u00e9l\u00e9ments accusant la pr\u00e9sidence et les services du Premier ministre d\u2019avoir c\u00e9d\u00e9 au lobbying du groupe Nestl\u00e9 (Perrier, H\u00e9par, Contrex, Vittel), en laissant le groupe commercialiser des eaux non conformes \u00e0 la r\u00e9glementation et \u00e0 risque pour la sant\u00e9, malgr\u00e9 les recommandations d\u2019interdiction des autorit\u00e9s sanitaires. Emmanuel Macron a r\u00e9agi \u00e0 cette affaire en affirmant qu\u2019il n\u2019y avait eu ni \u00abentente\u00bb ni \u00abconnivence\u00bb avec Nestl\u00e9. \u00abJe ne suis pas au courant de ces choses-l\u00e0. Il n\u2019y a de l\u2019entente avec personne, il n\u2019y a pas de connivence avec qui que ce soit\u00bb, a-t-il assur\u00e9 en marge d\u2019un d\u00e9placement en r\u00e9gion parisienne.<\/p>\n\n\n\n<p class=\"\">D\u00e9but 2024, vis\u00e9 par de premi\u00e8res r\u00e9v\u00e9lations, Nestl\u00e9 Waters avait reconnu avoir eu recours \u00e0 des syst\u00e8mes interdits de microfiltration pour maintenir la \u00abs\u00e9curit\u00e9 alimentaire\u00bb de ses eaux min\u00e9rales. \u00abToutes nos eaux aujourd\u2019hui sont pures \u00e0 la source\u00bb, a affirm\u00e9 le 7 f\u00e9vrier Muriel Lieneau, directrice g\u00e9n\u00e9rale de Nestl\u00e9 Waters, filiale du g\u00e9ant suisse de l\u2019agroalimentaire. Dans un dossier relatif \u00e0 ses eaux vosgiennes, le groupe a accept\u00e9 en septembre 2024 de payer \u00e0 Epinal une amende de 2 millions d\u2019euros pour \u00e9chapper \u00e0 un proc\u00e8s. Les r\u00e9v\u00e9lations de presse avaient conduit le S\u00e9nat \u00e0 lancer en novembre une commission d\u2019enqu\u00eate. Un premier rapport s\u00e9natorial d\u2019octobre 2024 pointait d\u00e9j\u00e0 l\u2019\u00abopacit\u00e9\u00bb des pouvoirs publics et des industriels dans ce dossier.<\/p>\n","protected":false},"excerpt":{"rendered":"<p>Un juge d\u2019instruction parisien a d\u00e9cid\u00e9 d\u2019enqu\u00eater sur deux plaintes de l\u2019association Foodwatch visant le g\u00e9ant suisse Nestl\u00e9 et le groupe Sources Alma concernant le traitement de leurs eaux min\u00e9rales, a appris l\u2019AFP de source proche du dossier. Confirmant partiellement une information des m\u00e9dias Radio France et Le Monde, cette source a indiqu\u00e9 que le [&hellip;]<\/p>\n","protected":false},"author":2,"featured_media":33229,"comment_status":"open","ping_status":"open","sticky":false,"template":"","format":"standard","meta":{"_jetpack_memberships_contains_paid_content":false,"footnotes":"","jetpack_publicize_message":"","jetpack_publicize_feature_enabled":true,"jetpack_social_post_already_shared":true,"jetpack_social_options":{"image_generator_settings":{"template":"highway","enabled":true,"token":"eyJpbWciOiJodHRwczpcL1wvd3d3LmljZWFnZXR2LmNvbVwvcmFkaW9zaXRlXC93cC1jb250ZW50XC91cGxvYWRzXC8yMDI1XC8wMlwvaTV2b0pHUzcuanBnIiwidHh0IjoiRGV1eCBpbmZvcm1hdGlvbnMganVkaWNpYWlyZXMgb3V2ZXJ0ZXMgXHUwMGUwIFBhcmlzIGFwclx1MDBlOHMgZGVzIHBsYWludGVzIGRlIGxcdTIwMTlhc3NvY2lhdGlvbiBGb29kd2F0Y2ggdmlzYW50IGxlIGdcdTAwZTlhbnQgc3Vpc3NlIE5lc3RsXHUwMGU5IGNvbmNlcm5hbnQgbGUgdHJhaXRlbWVudCBkZXMgZWF1eCBtaW5cdTAwZTlyYWxlcyIsInRlbXBsYXRlIjoiaGlnaHdheSIsImJsb2dfaWQiOjExMTAxNjQ2MX0.R4NNxfxbKZtGft-evgp1XPHX5iBaG5RllvabhwGd11cMQ"},"version":2},"_wpas_customize_per_network":false},"categories":[405],"tags":[],"class_list":["post-33228","post","type-post","status-publish","format-standard","has-post-thumbnail","hentry","category-actu-france-monde"],"jetpack_publicize_connections":[],"jetpack_featured_media_url":"https:\/\/i0.wp.com\/www.iceagetv.com\/radiosite\/wp-content\/uploads\/2025\/02\/i5voJGS7.jpg?fit=679%2C293&ssl=1","jetpack_sharing_enabled":true,"_links":{"self":[{"href":"https:\/\/www.iceagetv.com\/radiosite\/wp-json\/wp\/v2\/posts\/33228","targetHints":{"allow":["GET"]}}],"collection":[{"href":"https:\/\/www.iceagetv.com\/radiosite\/wp-json\/wp\/v2\/posts"}],"about":[{"href":"https:\/\/www.iceagetv.com\/radiosite\/wp-json\/wp\/v2\/types\/post"}],"author":[{"embeddable":true,"href":"https:\/\/www.iceagetv.com\/radiosite\/wp-json\/wp\/v2\/users\/2"}],"replies":[{"embeddable":true,"href":"https:\/\/www.iceagetv.com\/radiosite\/wp-json\/wp\/v2\/comments?post=33228"}],"version-history":[{"count":1,"href":"https:\/\/www.iceagetv.com\/radiosite\/wp-json\/wp\/v2\/posts\/33228\/revisions"}],"predecessor-version":[{"id":33230,"href":"https:\/\/www.iceagetv.com\/radiosite\/wp-json\/wp\/v2\/posts\/33228\/revisions\/33230"}],"wp:featuredmedia":[{"embeddable":true,"href":"https:\/\/www.iceagetv.com\/radiosite\/wp-json\/wp\/v2\/media\/33229"}],"wp:attachment":[{"href":"https:\/\/www.iceagetv.com\/radiosite\/wp-json\/wp\/v2\/media?parent=33228"}],"wp:term":[{"taxonomy":"category","embeddable":true,"href":"https:\/\/www.iceagetv.com\/radiosite\/wp-json\/wp\/v2\/categories?post=33228"},{"taxonomy":"post_tag","embeddable":true,"href":"https:\/\/www.iceagetv.com\/radiosite\/wp-json\/wp\/v2\/tags?post=33228"}],"curies":[{"name":"wp","href":"https:\/\/api.w.org\/{rel}","templated":true}]}}