{"id":33234,"date":"2025-02-16T15:23:45","date_gmt":"2025-02-16T14:23:45","guid":{"rendered":"https:\/\/www.iceagetv.com\/radiosite\/?p=33234"},"modified":"2025-02-16T15:23:48","modified_gmt":"2025-02-16T14:23:48","slug":"mondiaux-de-ski-noel-et-amiez-manquent-le-podium-sur-le-slalom-la-france-termine-bredouille","status":"publish","type":"post","link":"https:\/\/www.iceagetv.com\/radiosite\/mondiaux-de-ski-noel-et-amiez-manquent-le-podium-sur-le-slalom-la-france-termine-bredouille\/","title":{"rendered":"Mondiaux de ski: No\u00ebl et Amiez manquent le podium sur le slalom, la France termine bredouille"},"content":{"rendered":"\n<p class=\"\">Champion olympique en titre, mais jamais en r\u00e9ussite lors des Mondiaux, le Fran\u00e7ais Cl\u00e9ment No\u00ebl esp\u00e9rait remporter ce dimanche l&rsquo;or plan\u00e9taire sur le slalom de Saalbach, en Autriche. En t\u00eate apr\u00e8s la premi\u00e8re manche, il est malheureusement parti \u00e0 la faute. Steven Amiez termine lui 7e.<\/p>\n\n\n\n<p class=\"\">Il n&rsquo;y aura pas eu de ouf de soulagement, ni de breloque pour sauver un triste bilan. Cador du slalom international depuis maintenant des ann\u00e9es, mais jamais en r\u00e9ussite lors des&nbsp;<a href=\"https:\/\/rmcsport.bfmtv.com\/sports-d-hiver\/ski-alpin\/mondiaux-de-ski-il-faut-etre-la-le-jour-j-les-attentes-des-bleus-a-saalbach_AV-202502060036.html\">championnats du monde<\/a>&nbsp;(7e en 2019, 21e en 2021, 4e en 2023),&nbsp;<a href=\"https:\/\/rmcsport.bfmtv.com\/sports-d-hiver\/ski-alpin\/encore-des-courses-pour-aller-chercher-des-medailles-la-promesse-de-clement-noel-aux-mondiaux-de-ski_AV-202502120720.html\">Cl\u00e9ment No\u00ebl&nbsp;<\/a>semblait ce dimanche en passe de remporter sa premi\u00e8re m\u00e9daille \u00e0 Saalbach (Autriche). Avant de partir \u00e0 la faute&#8230; quand le podium lui tendait les bras.<\/p>\n\n\n\n<p class=\"\">Le champion olympique 2022, parti avec le dossard 1 et imp\u00e9rial sur la premi\u00e8re manche (+0&Prime;19 d&rsquo;avance sur le Suisse Loic Meillard), a enfourch\u00e9 lors de son deuxi\u00e8me passage, laissant Meillard s&rsquo;offrir le titre mondial, devant le Norv\u00e9gien Lie Atle McGrath et l&rsquo;Allemand Linus Strasser.Un z\u00e9ro point\u00e9, \u00e0 un an des JO<\/p>\n\n\n\n<p class=\"\">Solide, sans \u00eatre \u00e9tincelant, Steven Amiez termine donc premier Fran\u00e7ais, \u00e0 la 7e position (+1&Prime;56). Insuffisant pour offrir aux Bleus un premier et unique podium lors de ces Mondiaux, achev\u00e9s sur un z\u00e9ro point\u00e9 \u00e0 un an des JO d&rsquo;hiver 2026.<\/p>\n\n\n\n<p class=\"\">Invit\u00e9 de Stephen Brunch sur RMC, quelques minutes avant la deuxi\u00e8me manche du slalom, le pr\u00e9sident de la f\u00e9d\u00e9ration fran\u00e7aise de ski, Fabien Saguez, ne s&rsquo;\u00e9tait pas voil\u00e9 la face. \u00ab\u00a0Il faudra optimiser la pr\u00e9paration de Milan-Cortina avec les athl\u00e8tes qu&rsquo;on a, et faire un travail de fond en vue des JO 2030\u00a0\u00bb, pr\u00e9venait-il.<\/p>\n","protected":false},"excerpt":{"rendered":"<p>Champion olympique en titre, mais jamais en r\u00e9ussite lors des Mondiaux, le Fran\u00e7ais Cl\u00e9ment No\u00ebl esp\u00e9rait remporter ce dimanche l&rsquo;or plan\u00e9taire sur le slalom de Saalbach, en Autriche. En t\u00eate apr\u00e8s la premi\u00e8re manche, il est malheureusement parti \u00e0 la faute. Steven Amiez termine lui 7e. Il n&rsquo;y aura pas eu de ouf de soulagement, [&hellip;]<\/p>\n","protected":false},"author":2,"featured_media":33236,"comment_status":"open","ping_status":"open","sticky":false,"template":"","format":"standard","meta":{"_jetpack_memberships_contains_paid_content":false,"footnotes":"","jetpack_publicize_message":"","jetpack_publicize_feature_enabled":true,"jetpack_social_post_already_shared":true,"jetpack_social_options":{"image_generator_settings":{"template":"highway","enabled":true,"token":"eyJpbWciOiJodHRwczpcL1wvd3d3LmljZWFnZXR2LmNvbVwvcmFkaW9zaXRlXC93cC1jb250ZW50XC91cGxvYWRzXC8yMDI1XC8wMlwvMTg0MDQ3OTE4MjUyOTQyNTA4MTguanBnIiwidHh0IjoiTW9uZGlhdXggZGUgc2tpOiBOb1x1MDBlYmwgZXQgQW1pZXogbWFucXVlbnQgbGUgcG9kaXVtIHN1ciBsZSBzbGFsb20sIGxhIEZyYW5jZSB0ZXJtaW5lIGJyZWRvdWlsbGUiLCJ0ZW1wbGF0ZSI6ImhpZ2h3YXkiLCJibG9nX2lkIjoxMTEwMTY0NjF9.CfIb-Q6_AMvg-in61XwxZHPTvYRfcuoDt9Y-JZ25zGQMQ"},"version":2},"_wpas_customize_per_network":false},"categories":[18],"tags":[],"class_list":["post-33234","post","type-post","status-publish","format-standard","has-post-thumbnail","hentry","category-actu-sport"],"jetpack_publicize_connections":[],"jetpack_featured_media_url":"https:\/\/i0.wp.com\/www.iceagetv.com\/radiosite\/wp-content\/uploads\/2025\/02\/18404791825294250818.jpg?fit=500%2C261&ssl=1","jetpack_sharing_enabled":true,"_links":{"self":[{"href":"https:\/\/www.iceagetv.com\/radiosite\/wp-json\/wp\/v2\/posts\/33234","targetHints":{"allow":["GET"]}}],"collection":[{"href":"https:\/\/www.iceagetv.com\/radiosite\/wp-json\/wp\/v2\/posts"}],"about":[{"href":"https:\/\/www.iceagetv.com\/radiosite\/wp-json\/wp\/v2\/types\/post"}],"author":[{"embeddable":true,"href":"https:\/\/www.iceagetv.com\/radiosite\/wp-json\/wp\/v2\/users\/2"}],"replies":[{"embeddable":true,"href":"https:\/\/www.iceagetv.com\/radiosite\/wp-json\/wp\/v2\/comments?post=33234"}],"version-history":[{"count":1,"href":"https:\/\/www.iceagetv.com\/radiosite\/wp-json\/wp\/v2\/posts\/33234\/revisions"}],"predecessor-version":[{"id":33237,"href":"https:\/\/www.iceagetv.com\/radiosite\/wp-json\/wp\/v2\/posts\/33234\/revisions\/33237"}],"wp:featuredmedia":[{"embeddable":true,"href":"https:\/\/www.iceagetv.com\/radiosite\/wp-json\/wp\/v2\/media\/33236"}],"wp:attachment":[{"href":"https:\/\/www.iceagetv.com\/radiosite\/wp-json\/wp\/v2\/media?parent=33234"}],"wp:term":[{"taxonomy":"category","embeddable":true,"href":"https:\/\/www.iceagetv.com\/radiosite\/wp-json\/wp\/v2\/categories?post=33234"},{"taxonomy":"post_tag","embeddable":true,"href":"https:\/\/www.iceagetv.com\/radiosite\/wp-json\/wp\/v2\/tags?post=33234"}],"curies":[{"name":"wp","href":"https:\/\/api.w.org\/{rel}","templated":true}]}}