{"id":33238,"date":"2025-02-16T17:22:12","date_gmt":"2025-02-16T16:22:12","guid":{"rendered":"https:\/\/www.iceagetv.com\/radiosite\/?p=33238"},"modified":"2025-02-16T17:22:22","modified_gmt":"2025-02-16T16:22:22","slug":"annecy-un-gendarme-a-ouvert-le-feu-et-blesse-ce-midi-un-jeune-homme-de-17-ans-qui-le-menacait-avec-un-couteau-dans-le-centre-ville-de-meythet","status":"publish","type":"post","link":"https:\/\/www.iceagetv.com\/radiosite\/annecy-un-gendarme-a-ouvert-le-feu-et-blesse-ce-midi-un-jeune-homme-de-17-ans-qui-le-menacait-avec-un-couteau-dans-le-centre-ville-de-meythet\/","title":{"rendered":"Annecy &#8211; Un gendarme a ouvert le feu et bless\u00e9, ce midi, un jeune homme de 17 ans qui le mena\u00e7ait avec un couteau dans le centre ville de Meythet"},"content":{"rendered":"\n<p class=\"\">Un gendarme a bless\u00e9 par balle un jeune de 17 ans \u00e0 une cuisse, dimanche \u00e0 la mi-journ\u00e9e pr\u00e8s d&rsquo;Annecy \u00e0 Meythet, apr\u00e8s que l&rsquo;adolescent l&rsquo;a menac\u00e9 avec un couteau. \u00abL&rsquo;incident s&rsquo;est d\u00e9roul\u00e9 \u00e0 la mi-journ\u00e9e, place Jean-Jaur\u00e8s, quand les gendarmes ont \u00e9t\u00e9 pr\u00e9venus par des riverains qu&rsquo;un jeune errait dans les rues avec un couteau \u00e0 la main.<\/p>\n\n\n\n<p class=\"\">Lorsque les gendarmes l&rsquo;ont retrouv\u00e9, il a \u00e9t\u00e9 mena\u00e7ant avec l&rsquo;un d&rsquo;eux qui a alors tir\u00e9 au niveau d&rsquo;une cuisse\u00bb, a pr\u00e9cis\u00e9 la pr\u00e9fecture de la Haute-Savoie, confirmant une information du quotidien r\u00e9gional Le Dauphin\u00e9 Lib\u00e9r\u00e9 .<\/p>\n\n\n\n<p class=\"\">Selon le journal, l&rsquo;adolescent a \u00e9t\u00e9 \u00absomm\u00e9 de d\u00e9poser son couteau\u00bb juste avant le tir du gendarme. Le jeune bless\u00e9 \u00e0 une cuisse a \u00e9t\u00e9 pris en charge par les secours sans que son pronostic vital ne soit engag\u00e9.<\/p>\n\n\n\n<p class=\"\">\u00abDes patrouilles de gendarmerie ont \u00e9t\u00e9 mises en place pour rassurer la population\u00bb apr\u00e8s l&rsquo;incident, a ajout\u00e9 la pr\u00e9fecture.<\/p>\n\n\n\n<p class=\"\">Deux enqu\u00eates ont \u00e9t\u00e9 ouvertes : l&rsquo;une concernant \u00ables faits qui ont justifi\u00e9 l&rsquo;intervention\u00bb des gendarmes et confi\u00e9e \u00e0 la police judiciaire d&rsquo;Annecy, l&rsquo;autre pour \u00abl&rsquo;usage d&rsquo;arme \u00e0 feu\u00bb, a indiqu\u00e9 le parquet d&rsquo;Annecy.<\/p>\n","protected":false},"excerpt":{"rendered":"<p>Un gendarme a bless\u00e9 par balle un jeune de 17 ans \u00e0 une cuisse, dimanche \u00e0 la mi-journ\u00e9e pr\u00e8s d&rsquo;Annecy \u00e0 Meythet, apr\u00e8s que l&rsquo;adolescent l&rsquo;a menac\u00e9 avec un couteau. \u00abL&rsquo;incident s&rsquo;est d\u00e9roul\u00e9 \u00e0 la mi-journ\u00e9e, place Jean-Jaur\u00e8s, quand les gendarmes ont \u00e9t\u00e9 pr\u00e9venus par des riverains qu&rsquo;un jeune errait dans les rues avec un [&hellip;]<\/p>\n","protected":false},"author":2,"featured_media":33239,"comment_status":"open","ping_status":"open","sticky":false,"template":"","format":"standard","meta":{"_jetpack_memberships_contains_paid_content":false,"footnotes":"","jetpack_publicize_message":"","jetpack_publicize_feature_enabled":true,"jetpack_social_post_already_shared":true,"jetpack_social_options":{"image_generator_settings":{"template":"highway","enabled":true,"token":"eyJpbWciOiJodHRwczpcL1wvd3d3LmljZWFnZXR2LmNvbVwvcmFkaW9zaXRlXC93cC1jb250ZW50XC91cGxvYWRzXC8yMDI1XC8wMlwvbTZhN2c5cnIuanBnIiwidHh0IjoiQW5uZWN5ICYjODIxMTsgVW4gZ2VuZGFybWUgYSBvdXZlcnQgbGUgZmV1IGV0IGJsZXNzXHUwMGU5LCBjZSBtaWRpLCB1biBqZXVuZSBob21tZSBkZSAxNyBhbnMgcXVpIGxlIG1lbmFcdTAwZTdhaXQgYXZlYyB1biBjb3V0ZWF1IGRhbnMgbGUgY2VudHJlIHZpbGxlIGRlIE1leXRoZXQiLCJ0ZW1wbGF0ZSI6ImhpZ2h3YXkiLCJibG9nX2lkIjoxMTEwMTY0NjF9.VMGH5QQ3JdhriQKCjkWsdF-AohTnRNKBL7NFh026IJEMQ"},"version":2},"_wpas_customize_per_network":false},"categories":[405],"tags":[],"class_list":["post-33238","post","type-post","status-publish","format-standard","has-post-thumbnail","hentry","category-actu-france-monde"],"jetpack_publicize_connections":[],"jetpack_featured_media_url":"https:\/\/i0.wp.com\/www.iceagetv.com\/radiosite\/wp-content\/uploads\/2025\/02\/m6a7g9rr.jpg?fit=679%2C293&ssl=1","jetpack_sharing_enabled":true,"_links":{"self":[{"href":"https:\/\/www.iceagetv.com\/radiosite\/wp-json\/wp\/v2\/posts\/33238","targetHints":{"allow":["GET"]}}],"collection":[{"href":"https:\/\/www.iceagetv.com\/radiosite\/wp-json\/wp\/v2\/posts"}],"about":[{"href":"https:\/\/www.iceagetv.com\/radiosite\/wp-json\/wp\/v2\/types\/post"}],"author":[{"embeddable":true,"href":"https:\/\/www.iceagetv.com\/radiosite\/wp-json\/wp\/v2\/users\/2"}],"replies":[{"embeddable":true,"href":"https:\/\/www.iceagetv.com\/radiosite\/wp-json\/wp\/v2\/comments?post=33238"}],"version-history":[{"count":1,"href":"https:\/\/www.iceagetv.com\/radiosite\/wp-json\/wp\/v2\/posts\/33238\/revisions"}],"predecessor-version":[{"id":33240,"href":"https:\/\/www.iceagetv.com\/radiosite\/wp-json\/wp\/v2\/posts\/33238\/revisions\/33240"}],"wp:featuredmedia":[{"embeddable":true,"href":"https:\/\/www.iceagetv.com\/radiosite\/wp-json\/wp\/v2\/media\/33239"}],"wp:attachment":[{"href":"https:\/\/www.iceagetv.com\/radiosite\/wp-json\/wp\/v2\/media?parent=33238"}],"wp:term":[{"taxonomy":"category","embeddable":true,"href":"https:\/\/www.iceagetv.com\/radiosite\/wp-json\/wp\/v2\/categories?post=33238"},{"taxonomy":"post_tag","embeddable":true,"href":"https:\/\/www.iceagetv.com\/radiosite\/wp-json\/wp\/v2\/tags?post=33238"}],"curies":[{"name":"wp","href":"https:\/\/api.w.org\/{rel}","templated":true}]}}