{"id":33246,"date":"2025-02-16T20:36:37","date_gmt":"2025-02-16T19:36:37","guid":{"rendered":"https:\/\/www.iceagetv.com\/radiosite\/?p=33246"},"modified":"2025-02-16T20:36:41","modified_gmt":"2025-02-16T19:36:41","slug":"vitry-sur-seine-les-forces-de-lordre-ouvrent-le-feu-et-blessent-gravement-un-homme-qui-les-menacait-avec-deux-sabres-en-deambulant-torse-nu-dans-les-rues-de-la-ville","status":"publish","type":"post","link":"https:\/\/www.iceagetv.com\/radiosite\/vitry-sur-seine-les-forces-de-lordre-ouvrent-le-feu-et-blessent-gravement-un-homme-qui-les-menacait-avec-deux-sabres-en-deambulant-torse-nu-dans-les-rues-de-la-ville\/","title":{"rendered":"Vitry-sur-Seine : Les forces de l&rsquo;ordre ouvrent le feu et blessent gravement un homme qui les mena\u00e7ait avec deux sabres en d\u00e9ambulant torse nu dans les rues de la ville"},"content":{"rendered":"\n<p class=\"\">Les forces de l&rsquo;ordre ouvrent le feu et blessent gravement un homme qui les mena\u00e7ait avec deux sabres en d\u00e9ambulant torse nu dans les rues de la ville de Vitry sur Seine. Le&nbsp;chef d\u2019un \u00e9quipage de police a fait feu \u00e0 deux reprises pour se d\u00e9fendre \u00e0 l\u2019encontre d\u2019un assaillant muni de deux sabres qui voulait s\u2019en prendre aux fonctionnaires.<\/p>\n\n\n\n<p class=\"\">Le policier a atteint \u00e0 chaque fois sa cible et le d\u00e9tenteur des sabres a \u00e9t\u00e9 gri\u00e8vement bless\u00e9.<\/p>\n\n\n\n<p class=\"\">D\u2019apr\u00e8s le parquet de Cr\u00e9teil, un policier qui n\u2019\u00e9tait pas en service avait un peu plus t\u00f4t alert\u00e9 ses coll\u00e8gues de la pr\u00e9sence de cet individu arm\u00e9. Une autre source nous indique que l\u2019\u00e9quipage de la compagnie de s\u00e9curisation et d\u2019intervention du Val-de-Marne ne se rendait pas sur une intervention particuli\u00e8re.<\/p>\n\n\n\n<p class=\"\">Le policier qui a fait feu est \u00e9galement celui qui a prodigu\u00e9 les premiers secours \u00e0 l\u2019homme muni des deux sabres.<\/p>\n\n\n\n<p class=\"\">La piste terroriste semble \u00e9cart\u00e9e puisque le parquet de Cr\u00e9teil, qui a saisi la police judiciaire, garde l\u2019affaire.<\/p>\n\n\n\n<p class=\"\">Le parquet de Cr\u00e9teil a ouvert deux enqu\u00eates. La premi\u00e8re pour tentative d&rsquo;homicide volontaire sur les policiers, qui a \u00e9t\u00e9 confi\u00e9e \u00e0 la police judiciaire du Val-de-Marne. La seconde concerne les tirs de riposte du policier et a \u00e9t\u00e9 confi\u00e9e \u00e0 l&rsquo;IGPN.<\/p>\n","protected":false},"excerpt":{"rendered":"<p>Les forces de l&rsquo;ordre ouvrent le feu et blessent gravement un homme qui les mena\u00e7ait avec deux sabres en d\u00e9ambulant torse nu dans les rues de la ville de Vitry sur Seine. Le&nbsp;chef d\u2019un \u00e9quipage de police a fait feu \u00e0 deux reprises pour se d\u00e9fendre \u00e0 l\u2019encontre d\u2019un assaillant muni de deux sabres qui [&hellip;]<\/p>\n","protected":false},"author":2,"featured_media":33248,"comment_status":"open","ping_status":"open","sticky":false,"template":"","format":"standard","meta":{"_jetpack_memberships_contains_paid_content":false,"footnotes":"","jetpack_publicize_message":"","jetpack_publicize_feature_enabled":true,"jetpack_social_post_already_shared":true,"jetpack_social_options":{"image_generator_settings":{"template":"highway","enabled":true,"token":"eyJpbWciOiJodHRwczpcL1wvd3d3LmljZWFnZXR2LmNvbVwvcmFkaW9zaXRlXC93cC1jb250ZW50XC91cGxvYWRzXC8yMDI1XC8wMlwvZnZzQUdVNkcuanBnIiwidHh0IjoiVml0cnktc3VyLVNlaW5lIDogTGVzIGZvcmNlcyBkZSBsJiM4MjE3O29yZHJlIG91dnJlbnQgbGUgZmV1IGV0IGJsZXNzZW50IGdyYXZlbWVudCB1biBob21tZSBxdWkgbGVzIG1lbmFcdTAwZTdhaXQgYXZlYyBkZXV4IHNhYnJlcyBlbiBkXHUwMGU5YW1idWxhbnQgdG9yc2UgbnUgZGFucyBsZXMgcnVlcyBkZSBsYSB2aWxsZSIsInRlbXBsYXRlIjoiaGlnaHdheSIsImJsb2dfaWQiOjExMTAxNjQ2MX0.EIlJeWxmscc6RTOG-jloA1b0QJo5T4WxCZWV1G-w50UMQ"},"version":2},"_wpas_customize_per_network":false},"categories":[405],"tags":[],"class_list":["post-33246","post","type-post","status-publish","format-standard","has-post-thumbnail","hentry","category-actu-france-monde"],"jetpack_publicize_connections":[],"jetpack_featured_media_url":"https:\/\/i0.wp.com\/www.iceagetv.com\/radiosite\/wp-content\/uploads\/2025\/02\/fvsAGU6G.jpg?fit=680%2C452&ssl=1","jetpack_sharing_enabled":true,"_links":{"self":[{"href":"https:\/\/www.iceagetv.com\/radiosite\/wp-json\/wp\/v2\/posts\/33246","targetHints":{"allow":["GET"]}}],"collection":[{"href":"https:\/\/www.iceagetv.com\/radiosite\/wp-json\/wp\/v2\/posts"}],"about":[{"href":"https:\/\/www.iceagetv.com\/radiosite\/wp-json\/wp\/v2\/types\/post"}],"author":[{"embeddable":true,"href":"https:\/\/www.iceagetv.com\/radiosite\/wp-json\/wp\/v2\/users\/2"}],"replies":[{"embeddable":true,"href":"https:\/\/www.iceagetv.com\/radiosite\/wp-json\/wp\/v2\/comments?post=33246"}],"version-history":[{"count":1,"href":"https:\/\/www.iceagetv.com\/radiosite\/wp-json\/wp\/v2\/posts\/33246\/revisions"}],"predecessor-version":[{"id":33249,"href":"https:\/\/www.iceagetv.com\/radiosite\/wp-json\/wp\/v2\/posts\/33246\/revisions\/33249"}],"wp:featuredmedia":[{"embeddable":true,"href":"https:\/\/www.iceagetv.com\/radiosite\/wp-json\/wp\/v2\/media\/33248"}],"wp:attachment":[{"href":"https:\/\/www.iceagetv.com\/radiosite\/wp-json\/wp\/v2\/media?parent=33246"}],"wp:term":[{"taxonomy":"category","embeddable":true,"href":"https:\/\/www.iceagetv.com\/radiosite\/wp-json\/wp\/v2\/categories?post=33246"},{"taxonomy":"post_tag","embeddable":true,"href":"https:\/\/www.iceagetv.com\/radiosite\/wp-json\/wp\/v2\/tags?post=33246"}],"curies":[{"name":"wp","href":"https:\/\/api.w.org\/{rel}","templated":true}]}}