{"id":33254,"date":"2025-02-17T13:07:21","date_gmt":"2025-02-17T12:07:21","guid":{"rendered":"https:\/\/www.iceagetv.com\/radiosite\/?p=33254"},"modified":"2025-02-17T13:07:25","modified_gmt":"2025-02-17T12:07:25","slug":"le-representant-des-cooperatives-agricoles-a-appele-le-secteur-de-la-distribution-a-plus-de-cooperation-et-de-responsabilite-notamment-en-evitant-une-guerre-des-prix","status":"publish","type":"post","link":"https:\/\/www.iceagetv.com\/radiosite\/le-representant-des-cooperatives-agricoles-a-appele-le-secteur-de-la-distribution-a-plus-de-cooperation-et-de-responsabilite-notamment-en-evitant-une-guerre-des-prix\/","title":{"rendered":"Le repr\u00e9sentant des coop\u00e9ratives agricoles a appel\u00e9 le secteur de la distribution \u00e0 \u00ab\u00a0plus de coop\u00e9ration et de responsabilit\u00e9\u00a0\u00bb, notamment en \u00e9vitant une \u00ab\u00a0guerre des prix\u00a0\u00bb"},"content":{"rendered":"\n<p class=\"\">Le repr\u00e9sentant des coop\u00e9ratives agricoles a appel\u00e9 dimanche le secteur de la distribution \u00e0 \u00ab\u00a0plus de coop\u00e9ration et de responsabilit\u00e9\u00a0\u00bb, notamment en \u00e9vitant une \u00ab\u00a0guerre des prix\u00a0\u00bb.<\/p>\n\n\n\n<p class=\"\">\u00ab\u00a0Plut\u00f4t que de persister dans une logique de guerre des prix, les distributeurs devraient consid\u00e9rer qu&rsquo;une cha\u00eene alimentaire a la r\u00e9sistance de son maillon le plus faible\u00a0\u00bb, soit les agriculteurs, a lanc\u00e9 Dominique Charg\u00e9, pr\u00e9sident de La Coop\u00e9ration agricole, dans une interview au Journal du Dimanche (JDD).<\/p>\n\n\n\n<p class=\"\">Les fabricants agroalimentaires et la grande distribution sont engag\u00e9s actuellement dans des n\u00e9gociations commerciales tendues, qui doivent se conclure d&rsquo;ici au 1er mars.<\/p>\n\n\n\n<p class=\"\">La loi Egalim, cens\u00e9e garantir une meilleure r\u00e9mun\u00e9ration des agriculteurs en encadrant davantage ces n\u00e9gociations, pourrait \u00eatre \u00ab\u00a0ajust\u00e9e\u00a0\u00bb par un projet de loi pr\u00e9sent\u00e9 d&rsquo;ici l&rsquo;\u00e9t\u00e9, a indiqu\u00e9 la ministre de l&rsquo;Agriculture Annie Genevard dans La Tribune Dimanche.<\/p>\n\n\n\n<p class=\"\">Fait rare, des patrons de la grande distribution, si souvent critiqu\u00e9s par les agriculteurs, tiendront une conf\u00e9rence au Salon de l&rsquo;agriculture qui s&rsquo;ouvre le 22 f\u00e9vrier \u00e0 Paris.<\/p>\n\n\n\n<p class=\"\">\u00ab\u00a0Aujourd&rsquo;hui, nous faisons face \u00e0 une situation de n\u00e9gociation in\u00e9dite avec les distributeurs\u00a0\u00bb, a soulign\u00e9 Dominique Charg\u00e9, patron de la f\u00e9d\u00e9ration rassemblant 2.100 coop\u00e9ratives agricoles, qui r\u00e9alisent 40% du chiffre d&rsquo;affaires de l&rsquo;agroalimentaire fran\u00e7ais.<\/p>\n\n\n\n<p class=\"\">\u00ab\u00a0Nos entreprises subissent une pression consid\u00e9rable pour baisser les prix, tout en ayant d\u00fb fixer leurs tarifs \u00e0 l&rsquo;automne sans aucune visibilit\u00e9 sur le cadre fiscal de 2025\u00a0\u00bb, a lanc\u00e9 M. Charg\u00e9, lui-m\u00eame agriculteur en Loire-Atlantique.<\/p>\n\n\n\n<p class=\"\">\u00ab\u00a0Vouloir faire baisser les prix \u00e0 tout prix est une absurdit\u00e9 aliment\u00e9e par des publicit\u00e9s comparatives qui d\u00e9valorisent notre alimentation et en font une simple variable d&rsquo;ajustement du pouvoir d&rsquo;achat. R\u00e9sultat: des fermes disparaissent, des usines ferment et des territoires s&rsquo;appauvrissent\u00a0\u00bb, a poursuivi Dominique Charg\u00e9.<\/p>\n\n\n\n<p class=\"\">Par ailleurs, alors que \u00ab\u00a0la moiti\u00e9 (du) rayon fruits et l\u00e9gumes est import\u00e9e\u00a0\u00bb, les coop\u00e9ratives agricoles attendent des pouvoirs publics \u00ab\u00a0un accompagnement qui nous permette de red\u00e9velopper des productions d&rsquo;entr\u00e9e et de coeur de gamme\u00a0\u00bb, selon M. Charg\u00e9.<\/p>\n","protected":false},"excerpt":{"rendered":"<p>Le repr\u00e9sentant des coop\u00e9ratives agricoles a appel\u00e9 dimanche le secteur de la distribution \u00e0 \u00ab\u00a0plus de coop\u00e9ration et de responsabilit\u00e9\u00a0\u00bb, notamment en \u00e9vitant une \u00ab\u00a0guerre des prix\u00a0\u00bb. \u00ab\u00a0Plut\u00f4t que de persister dans une logique de guerre des prix, les distributeurs devraient consid\u00e9rer qu&rsquo;une cha\u00eene alimentaire a la r\u00e9sistance de son maillon le plus faible\u00a0\u00bb, soit [&hellip;]<\/p>\n","protected":false},"author":2,"featured_media":33256,"comment_status":"open","ping_status":"open","sticky":false,"template":"","format":"standard","meta":{"_jetpack_memberships_contains_paid_content":false,"footnotes":"","jetpack_publicize_message":"","jetpack_publicize_feature_enabled":true,"jetpack_social_post_already_shared":true,"jetpack_social_options":{"image_generator_settings":{"template":"highway","enabled":true,"token":"eyJpbWciOiJodHRwczpcL1wvd3d3LmljZWFnZXR2LmNvbVwvcmFkaW9zaXRlXC93cC1jb250ZW50XC91cGxvYWRzXC8yMDI1XC8wMlwvVFdidktZclIuanBnIiwidHh0IjoiTGUgcmVwclx1MDBlOXNlbnRhbnQgZGVzIGNvb3BcdTAwZTlyYXRpdmVzIGFncmljb2xlcyBhIGFwcGVsXHUwMGU5IGxlIHNlY3RldXIgZGUgbGEgZGlzdHJpYnV0aW9uIFx1MDBlMCAmIzgyMjA7cGx1cyBkZSBjb29wXHUwMGU5cmF0aW9uIGV0IGRlIHJlc3BvbnNhYmlsaXRcdTAwZTkmIzgyMjE7LCBub3RhbW1lbnQgZW4gXHUwMGU5dml0YW50IHVuZSAmIzgyMjA7Z3VlcnJlIGRlcyBwcml4JiM4MjIxOyIsInRlbXBsYXRlIjoiaGlnaHdheSIsImJsb2dfaWQiOjExMTAxNjQ2MX0.NiPEIr8hRBD2EGqIP9ZMmhPLpJJshSkICRmf2VTuc9AMQ"},"version":2},"_wpas_customize_per_network":false},"categories":[405],"tags":[],"class_list":["post-33254","post","type-post","status-publish","format-standard","has-post-thumbnail","hentry","category-actu-france-monde"],"jetpack_publicize_connections":[],"jetpack_featured_media_url":"https:\/\/i0.wp.com\/www.iceagetv.com\/radiosite\/wp-content\/uploads\/2025\/02\/TWbvKYrR.jpg?fit=679%2C293&ssl=1","jetpack_sharing_enabled":true,"_links":{"self":[{"href":"https:\/\/www.iceagetv.com\/radiosite\/wp-json\/wp\/v2\/posts\/33254","targetHints":{"allow":["GET"]}}],"collection":[{"href":"https:\/\/www.iceagetv.com\/radiosite\/wp-json\/wp\/v2\/posts"}],"about":[{"href":"https:\/\/www.iceagetv.com\/radiosite\/wp-json\/wp\/v2\/types\/post"}],"author":[{"embeddable":true,"href":"https:\/\/www.iceagetv.com\/radiosite\/wp-json\/wp\/v2\/users\/2"}],"replies":[{"embeddable":true,"href":"https:\/\/www.iceagetv.com\/radiosite\/wp-json\/wp\/v2\/comments?post=33254"}],"version-history":[{"count":1,"href":"https:\/\/www.iceagetv.com\/radiosite\/wp-json\/wp\/v2\/posts\/33254\/revisions"}],"predecessor-version":[{"id":33257,"href":"https:\/\/www.iceagetv.com\/radiosite\/wp-json\/wp\/v2\/posts\/33254\/revisions\/33257"}],"wp:featuredmedia":[{"embeddable":true,"href":"https:\/\/www.iceagetv.com\/radiosite\/wp-json\/wp\/v2\/media\/33256"}],"wp:attachment":[{"href":"https:\/\/www.iceagetv.com\/radiosite\/wp-json\/wp\/v2\/media?parent=33254"}],"wp:term":[{"taxonomy":"category","embeddable":true,"href":"https:\/\/www.iceagetv.com\/radiosite\/wp-json\/wp\/v2\/categories?post=33254"},{"taxonomy":"post_tag","embeddable":true,"href":"https:\/\/www.iceagetv.com\/radiosite\/wp-json\/wp\/v2\/tags?post=33254"}],"curies":[{"name":"wp","href":"https:\/\/api.w.org\/{rel}","templated":true}]}}