{"id":33258,"date":"2025-02-17T13:39:29","date_gmt":"2025-02-17T12:39:29","guid":{"rendered":"https:\/\/www.iceagetv.com\/radiosite\/?p=33258"},"modified":"2025-02-17T13:39:34","modified_gmt":"2025-02-17T12:39:34","slug":"pape-francois-hospitalise-pour-une-bronchite-le-souverain-pontife-dans-un-etat-clinique-complexe","status":"publish","type":"post","link":"https:\/\/www.iceagetv.com\/radiosite\/pape-francois-hospitalise-pour-une-bronchite-le-souverain-pontife-dans-un-etat-clinique-complexe\/","title":{"rendered":"Pape Fran\u00e7ois: hospitalis\u00e9 pour une bronchite, le souverain pontife dans un \u00e9tat clinique \u00ab\u00a0complexe\u00a0\u00bb"},"content":{"rendered":"\n<p class=\"\">Le pape Fran\u00e7ois, hospitalis\u00e9 \u00e0 Rome, affiche un \u00ab\u00a0tableau clinique complexe\u00a0\u00bb, a annonc\u00e9 le Vatican, laissant entendre que l&rsquo;hospitalisation du pape de 88 ans devrait se prolonger.<\/p>\n\n\n\n<p class=\"\">Autour de l&rsquo;\u00e9tat de sant\u00e9 du pape Fran\u00e7ois, l&rsquo;inqui\u00e9tude grandit. Hospitalis\u00e9 depuis plusieurs jours&nbsp;<a href=\"https:\/\/www.bfmtv.com\/societe\/religions\/repos-absolu-le-pape-francois-hospitalise-pour-une-bronchite-ne-prononcera-pas-la-priere-de-l-angelus_AD-202502160223.html\">pour une bronchite<\/a>, le souverain pontife affiche aujourd&rsquo;hui un \u00ab\u00a0tableau clinique complexe\u00a0\u00bb et \u00ab\u00a0son traitement a \u00e9t\u00e9 modifi\u00e9\u00a0\u00bb, annonce ce lundi 17 f\u00e9vrier le Vatican.<\/p>\n\n\n\n<blockquote class=\"wp-block-quote is-layout-flow wp-block-quote-is-layout-flow\">\n<p class=\"\">\u00ab\u00a0Les r\u00e9sultats des tests effectu\u00e9s ces derniers jours et aujourd&rsquo;hui ont d\u00e9montr\u00e9 une infection polymicrobienne des voies respiratoires qui a conduit \u00e0 une nouvelle modification du traitement\u00a0\u00bb, fait savoir le Vatican.\u00a0\u00bbTous les examens effectu\u00e9s \u00e0 ce jour indiquent un tableau clinique complexe qui n\u00e9cessitera une hospitalisation appropri\u00e9e\u00a0\u00bb, est-il ajout\u00e9 dans le bulletin de sant\u00e9 du pape.Hospitalis\u00e9 depuis 3 jours<\/p>\n\n\n\n<p class=\"\">\u00c2g\u00e9 de 88 ans, le pape a \u00e9t\u00e9\u00a0<a href=\"https:\/\/www.bfmtv.com\/societe\/religions\/le-pape-francois-hospitalise-a-rome-pour-une-bronchite_AD-202502140415.html\">admis \u00e0 l&rsquo;h\u00f4pital Gemelli de Rome<\/a>\u00a0le vendredi 14 f\u00e9vrier dernier. Les derni\u00e8res nouvelles se voulaient pourtant rassurantes. \u00ab\u00a0Le pape est serein, il est de bonne humeur et a lu quelques journaux\u00a0\u00bb, avait d\u00e9clar\u00e9 aux journalistes dans la soir\u00e9e Matteo Bruni, directeur du service de presse du Saint-Si\u00e8ge, le lendemain de son hospitalisation.<\/p>\n\n\n\n<p class=\"\">BFMTV<\/p>\n<\/blockquote>\n","protected":false},"excerpt":{"rendered":"<p>Le pape Fran\u00e7ois, hospitalis\u00e9 \u00e0 Rome, affiche un \u00ab\u00a0tableau clinique complexe\u00a0\u00bb, a annonc\u00e9 le Vatican, laissant entendre que l&rsquo;hospitalisation du pape de 88 ans devrait se prolonger. Autour de l&rsquo;\u00e9tat de sant\u00e9 du pape Fran\u00e7ois, l&rsquo;inqui\u00e9tude grandit. Hospitalis\u00e9 depuis plusieurs jours&nbsp;pour une bronchite, le souverain pontife affiche aujourd&rsquo;hui un \u00ab\u00a0tableau clinique complexe\u00a0\u00bb et \u00ab\u00a0son traitement [&hellip;]<\/p>\n","protected":false},"author":2,"featured_media":33259,"comment_status":"open","ping_status":"open","sticky":false,"template":"","format":"standard","meta":{"_jetpack_memberships_contains_paid_content":false,"footnotes":"","jetpack_publicize_message":"","jetpack_publicize_feature_enabled":true,"jetpack_social_post_already_shared":true,"jetpack_social_options":{"image_generator_settings":{"template":"highway","enabled":true,"token":"eyJpbWciOiJodHRwczpcL1wvd3d3LmljZWFnZXR2LmNvbVwvcmFkaW9zaXRlXC93cC1jb250ZW50XC91cGxvYWRzXC8yMDI1XC8wMlwvUGFwZS1GcmFuY29pcy5qcGciLCJ0eHQiOiJQYXBlIEZyYW5cdTAwZTdvaXM6IGhvc3BpdGFsaXNcdTAwZTkgcG91ciB1bmUgYnJvbmNoaXRlLCBsZSBzb3V2ZXJhaW4gcG9udGlmZSBkYW5zIHVuIFx1MDBlOXRhdCBjbGluaXF1ZSAmIzgyMjA7Y29tcGxleGUmIzgyMjE7IiwidGVtcGxhdGUiOiJoaWdod2F5IiwiYmxvZ19pZCI6MTExMDE2NDYxfQ.nQ9AW1S1UtoDqGErORfYbvnOEmBkJnxuEErUzgRnbGoMQ"},"version":2},"_wpas_customize_per_network":false},"categories":[405],"tags":[],"class_list":["post-33258","post","type-post","status-publish","format-standard","has-post-thumbnail","hentry","category-actu-france-monde"],"jetpack_publicize_connections":[],"jetpack_featured_media_url":"https:\/\/i0.wp.com\/www.iceagetv.com\/radiosite\/wp-content\/uploads\/2025\/02\/Pape-Francois.jpg?fit=650%2C432&ssl=1","jetpack_sharing_enabled":true,"_links":{"self":[{"href":"https:\/\/www.iceagetv.com\/radiosite\/wp-json\/wp\/v2\/posts\/33258","targetHints":{"allow":["GET"]}}],"collection":[{"href":"https:\/\/www.iceagetv.com\/radiosite\/wp-json\/wp\/v2\/posts"}],"about":[{"href":"https:\/\/www.iceagetv.com\/radiosite\/wp-json\/wp\/v2\/types\/post"}],"author":[{"embeddable":true,"href":"https:\/\/www.iceagetv.com\/radiosite\/wp-json\/wp\/v2\/users\/2"}],"replies":[{"embeddable":true,"href":"https:\/\/www.iceagetv.com\/radiosite\/wp-json\/wp\/v2\/comments?post=33258"}],"version-history":[{"count":1,"href":"https:\/\/www.iceagetv.com\/radiosite\/wp-json\/wp\/v2\/posts\/33258\/revisions"}],"predecessor-version":[{"id":33260,"href":"https:\/\/www.iceagetv.com\/radiosite\/wp-json\/wp\/v2\/posts\/33258\/revisions\/33260"}],"wp:featuredmedia":[{"embeddable":true,"href":"https:\/\/www.iceagetv.com\/radiosite\/wp-json\/wp\/v2\/media\/33259"}],"wp:attachment":[{"href":"https:\/\/www.iceagetv.com\/radiosite\/wp-json\/wp\/v2\/media?parent=33258"}],"wp:term":[{"taxonomy":"category","embeddable":true,"href":"https:\/\/www.iceagetv.com\/radiosite\/wp-json\/wp\/v2\/categories?post=33258"},{"taxonomy":"post_tag","embeddable":true,"href":"https:\/\/www.iceagetv.com\/radiosite\/wp-json\/wp\/v2\/tags?post=33258"}],"curies":[{"name":"wp","href":"https:\/\/api.w.org\/{rel}","templated":true}]}}