{"id":33276,"date":"2025-02-18T06:12:43","date_gmt":"2025-02-18T05:12:43","guid":{"rendered":"https:\/\/www.iceagetv.com\/radiosite\/?p=33276"},"modified":"2025-02-18T06:12:48","modified_gmt":"2025-02-18T05:12:48","slug":"securite-sociale-le-parlement-adopte-definitivement-le-projet-de-budget-pour-2025","status":"publish","type":"post","link":"https:\/\/www.iceagetv.com\/radiosite\/securite-sociale-le-parlement-adopte-definitivement-le-projet-de-budget-pour-2025\/","title":{"rendered":"S\u00e9curit\u00e9 sociale: le Parlement adopte d\u00e9finitivement le projet de budget pour 2025"},"content":{"rendered":"\n<p class=\"\">Le projet de&nbsp;<a href=\"https:\/\/www.bfmtv.com\/economie\/economie-social\/finances-publiques\/le-budget-de-la-securite-sociale-proche-d-etre-adopte-fin-de-l-epreuve-du-feu-pour-le-gouvernement_AD-202502170176.html\">budget de la S\u00e9curit\u00e9 sociale pour 2025<\/a>&nbsp;est d\u00e9finitivement adopt\u00e9 par le Parlement. Un ultime vote du S\u00e9nat a eu lieu ce lundi 17 f\u00e9vrier, mettant fin \u00e0 un long feuilleton budg\u00e9taire entam\u00e9 en octobre et marqu\u00e9 par la censure du pr\u00e9c\u00e9dent gouvernement.<\/p>\n\n\n\n<p class=\"\">Le texte a \u00e9t\u00e9 vot\u00e9 par 225 s\u00e9nateurs contre 104, l&rsquo;ensemble de la gauche s&rsquo;y opposant. Mercredi, l&rsquo;Assembl\u00e9e l&rsquo;avait adopt\u00e9 via le rejet d&rsquo;une troisi\u00e8me motion de censure visant le Premier ministre, la quatri\u00e8me sur les textes budg\u00e9taires et la cinqui\u00e8me en tout pour Fran\u00e7ois Bayrou.Selon la ministre des Comptes publics Am\u00e9lie de Montchalin, ce vote permettra au pays de \u00ab\u00a0sortir le plus vite possible de cette p\u00e9riode d&rsquo;attente et d&rsquo;instabilit\u00e9\u00a0\u00bb, quelques jours apr\u00e8s l&rsquo;adoption d\u00e9finitive du budget de l&rsquo;\u00c9tat.<\/p>\n\n\n\n<p class=\"\">\u00ab\u00a0Il est \u00e9vident que ce texte n&rsquo;est pas \u00e0 la hauteur des enjeux\u00a0\u00bb, a not\u00e9 la rapporteure centriste au S\u00e9nat Elisabeth Doineau. Mais \u00ab\u00a0il est temps que la France se dote enfin d&rsquo;un projet de loi de financement de la S\u00e9curit\u00e9 sociale\u00a0\u00bb, a-t-elle reconnu, appelant \u00e0 faire \u00ab\u00a0davantage pour r\u00e9duire le d\u00e9ficit dans les textes \u00e0 venir\u00a0\u00bb.<\/p>\n\n\n\n<h2 class=\"wp-block-heading\" id=\"6dnhs\">Un \u00ab\u00a0texte imparfait\u00a0\u00bb pour la ministre de la Sant\u00e9<\/h2>\n\n\n\n<p class=\"\">Pass\u00e9 \u00e0 la moulinette de la censure et des concessions accord\u00e9es aux oppositions comme \u00e0 la majorit\u00e9, le PLFSS pr\u00e9voit une hausse des d\u00e9penses d&rsquo;Assurance maladie de 3,4%, contre 2,8% initialement pr\u00e9vu, notamment parce que l&rsquo;ex\u00e9cutif a rallong\u00e9 d&rsquo;un milliard d&rsquo;euros l&rsquo;enveloppe de l&rsquo;h\u00f4pital.<\/p>\n","protected":false},"excerpt":{"rendered":"<p>Le projet de&nbsp;budget de la S\u00e9curit\u00e9 sociale pour 2025&nbsp;est d\u00e9finitivement adopt\u00e9 par le Parlement. Un ultime vote du S\u00e9nat a eu lieu ce lundi 17 f\u00e9vrier, mettant fin \u00e0 un long feuilleton budg\u00e9taire entam\u00e9 en octobre et marqu\u00e9 par la censure du pr\u00e9c\u00e9dent gouvernement. Le texte a \u00e9t\u00e9 vot\u00e9 par 225 s\u00e9nateurs contre 104, l&rsquo;ensemble [&hellip;]<\/p>\n","protected":false},"author":2,"featured_media":33277,"comment_status":"open","ping_status":"open","sticky":false,"template":"","format":"standard","meta":{"_jetpack_memberships_contains_paid_content":false,"footnotes":"","jetpack_publicize_message":"","jetpack_publicize_feature_enabled":true,"jetpack_social_post_already_shared":true,"jetpack_social_options":{"image_generator_settings":{"template":"highway","enabled":true,"token":"eyJpbWciOiJodHRwczpcL1wvd3d3LmljZWFnZXR2LmNvbVwvcmFkaW9zaXRlXC93cC1jb250ZW50XC91cGxvYWRzXC8yMDI1XC8wMlwvU2NyZWVuc2hvdF8yMDI1MDIxOF8wNjExMzAtMTAyNHg2MTMuanBnIiwidHh0IjoiU1x1MDBlOWN1cml0XHUwMGU5IHNvY2lhbGU6IGxlIFBhcmxlbWVudCBhZG9wdGUgZFx1MDBlOWZpbml0aXZlbWVudCBsZSBwcm9qZXQgZGUgYnVkZ2V0IHBvdXIgMjAyNSIsInRlbXBsYXRlIjoiaGlnaHdheSIsImJsb2dfaWQiOjExMTAxNjQ2MX0.hexNCjBXj_KIeGt6A5gQrxLsq_fsZGJlP9Vt_Ghhwh0MQ"},"version":2},"_wpas_customize_per_network":false},"categories":[405],"tags":[],"class_list":["post-33276","post","type-post","status-publish","format-standard","has-post-thumbnail","hentry","category-actu-france-monde"],"jetpack_publicize_connections":[],"jetpack_featured_media_url":"https:\/\/i0.wp.com\/www.iceagetv.com\/radiosite\/wp-content\/uploads\/2025\/02\/Screenshot_20250218_061130.jpg?fit=1027%2C615&ssl=1","jetpack_sharing_enabled":true,"_links":{"self":[{"href":"https:\/\/www.iceagetv.com\/radiosite\/wp-json\/wp\/v2\/posts\/33276","targetHints":{"allow":["GET"]}}],"collection":[{"href":"https:\/\/www.iceagetv.com\/radiosite\/wp-json\/wp\/v2\/posts"}],"about":[{"href":"https:\/\/www.iceagetv.com\/radiosite\/wp-json\/wp\/v2\/types\/post"}],"author":[{"embeddable":true,"href":"https:\/\/www.iceagetv.com\/radiosite\/wp-json\/wp\/v2\/users\/2"}],"replies":[{"embeddable":true,"href":"https:\/\/www.iceagetv.com\/radiosite\/wp-json\/wp\/v2\/comments?post=33276"}],"version-history":[{"count":1,"href":"https:\/\/www.iceagetv.com\/radiosite\/wp-json\/wp\/v2\/posts\/33276\/revisions"}],"predecessor-version":[{"id":33278,"href":"https:\/\/www.iceagetv.com\/radiosite\/wp-json\/wp\/v2\/posts\/33276\/revisions\/33278"}],"wp:featuredmedia":[{"embeddable":true,"href":"https:\/\/www.iceagetv.com\/radiosite\/wp-json\/wp\/v2\/media\/33277"}],"wp:attachment":[{"href":"https:\/\/www.iceagetv.com\/radiosite\/wp-json\/wp\/v2\/media?parent=33276"}],"wp:term":[{"taxonomy":"category","embeddable":true,"href":"https:\/\/www.iceagetv.com\/radiosite\/wp-json\/wp\/v2\/categories?post=33276"},{"taxonomy":"post_tag","embeddable":true,"href":"https:\/\/www.iceagetv.com\/radiosite\/wp-json\/wp\/v2\/tags?post=33276"}],"curies":[{"name":"wp","href":"https:\/\/api.w.org\/{rel}","templated":true}]}}