{"id":33285,"date":"2025-02-18T13:38:57","date_gmt":"2025-02-18T12:38:57","guid":{"rendered":"https:\/\/www.iceagetv.com\/radiosite\/?p=33285"},"modified":"2025-02-18T13:39:01","modified_gmt":"2025-02-18T12:39:01","slug":"le-vatican-annule-tous-les-engagements-du-pape-francois-prevus-ce-week-end-le-souverain-pontife-est-toujours-hospitalise-pour-une-infection-respiratoire","status":"publish","type":"post","link":"https:\/\/www.iceagetv.com\/radiosite\/le-vatican-annule-tous-les-engagements-du-pape-francois-prevus-ce-week-end-le-souverain-pontife-est-toujours-hospitalise-pour-une-infection-respiratoire\/","title":{"rendered":"Le Vatican annule tous les engagements du pape Fran\u00e7ois pr\u00e9vus ce week-end &#8211; Le souverain pontife est toujours hospitalis\u00e9 pour une infection respiratoire"},"content":{"rendered":"\n<p class=\"\">Le Vatican a annonc\u00e9 mardi l\u2019annulation des engagements du pape Fran\u00e7ois ce week-end, au cinqui\u00e8me jour de l\u2019hospitalisation du pontife de 88 ans pour une infection respiratoire, source d\u2019une inqui\u00e9tude grandissante.<\/p>\n\n\n\n<p class=\"\">\u00ab&nbsp;En raison de l\u2019\u00e9tat de sant\u00e9 du Saint-P\u00e8re, l\u2019audience jubilaire du samedi 22 f\u00e9vrier est annul\u00e9e&nbsp;\u00bb et Fran\u00e7ois ne sera pas en mesure de pr\u00e9sider la messe de dimanche, a annonc\u00e9 le Saint-Si\u00e8ge dans un communiqu\u00e9.<\/p>\n\n\n\n<p class=\"\">Lundi, le Vatican avait annonc\u00e9 que le pape de 88 ans, hospitalis\u00e9 depuis vendredi, souffrait d\u2019une \u00ab&nbsp;infection polymicrobienne des voies respiratoires&nbsp;\u00bb et affichait un \u00ab&nbsp;tableau clinique complexe&nbsp;\u00bb, sugg\u00e9rant que son hospitalisation devrait se prolonger jusqu\u2019\u00e0 au moins mercredi, jour de son audience g\u00e9n\u00e9rale qui a d\u00e9j\u00e0 \u00e9t\u00e9 annul\u00e9e.<\/p>\n\n\n\n<p class=\"\">Le Vatican a pr\u00e9cis\u00e9 lundi soir que l\u2019\u00e9tat de sant\u00e9 du pape \u00e9tait stable et qu\u2019il n\u2019avait pas de fi\u00e8vre, ajoutant que Fran\u00e7ois avait travaill\u00e9 dans la matin\u00e9e.<\/p>\n\n\n\n<p class=\"\">Un nouveau bulletin de sant\u00e9 est pr\u00e9vu mardi \u00e0 la mi-journ\u00e9e.<\/p>\n\n\n\n<p class=\"\">Malgr\u00e9 des alertes de sant\u00e9 \u00e0 r\u00e9p\u00e9tition ces derni\u00e8res ann\u00e9es &#8211; probl\u00e8mes de hanche, douleurs au genou, op\u00e9rations, infections respiratoires &#8211; Jorge Bergoglio a maintenu un rythme effr\u00e9n\u00e9 au Vatican, au grand dam de ses m\u00e9decins qui ne cessent de lui demander de ralentir la cadence.<\/p>\n\n\n\n<p class=\"\">L\u2019hospitalisation du pape, la quatri\u00e8me en moins de quatre ans, a relanc\u00e9 les interrogations sur sa sant\u00e9, d\u2019autant qu\u2019elle intervient au d\u00e9but de l\u2019ann\u00e9e jubilaire de l\u2019Eglise catholique, marqu\u00e9e par une longue liste d\u2019\u00e9v\u00e9nements, dont beaucoup sont pr\u00e9sid\u00e9s par le pape.<\/p>\n","protected":false},"excerpt":{"rendered":"<p>Le Vatican a annonc\u00e9 mardi l\u2019annulation des engagements du pape Fran\u00e7ois ce week-end, au cinqui\u00e8me jour de l\u2019hospitalisation du pontife de 88 ans pour une infection respiratoire, source d\u2019une inqui\u00e9tude grandissante. \u00ab&nbsp;En raison de l\u2019\u00e9tat de sant\u00e9 du Saint-P\u00e8re, l\u2019audience jubilaire du samedi 22 f\u00e9vrier est annul\u00e9e&nbsp;\u00bb et Fran\u00e7ois ne sera pas en mesure de [&hellip;]<\/p>\n","protected":false},"author":2,"featured_media":33286,"comment_status":"open","ping_status":"open","sticky":false,"template":"","format":"standard","meta":{"_jetpack_memberships_contains_paid_content":false,"footnotes":"","jetpack_publicize_message":"","jetpack_publicize_feature_enabled":true,"jetpack_social_post_already_shared":true,"jetpack_social_options":{"image_generator_settings":{"template":"highway","enabled":true,"token":"eyJpbWciOiJodHRwczpcL1wvd3d3LmljZWFnZXR2LmNvbVwvcmFkaW9zaXRlXC93cC1jb250ZW50XC91cGxvYWRzXC8yMDI1XC8wMlwvRHBCWTJiczkuanBnIiwidHh0IjoiTGUgVmF0aWNhbiBhbm51bGUgdG91cyBsZXMgZW5nYWdlbWVudHMgZHUgcGFwZSBGcmFuXHUwMGU3b2lzIHByXHUwMGU5dnVzIGNlIHdlZWstZW5kICYjODIxMTsgTGUgc291dmVyYWluIHBvbnRpZmUgZXN0IHRvdWpvdXJzIGhvc3BpdGFsaXNcdTAwZTkgcG91ciB1bmUgaW5mZWN0aW9uIHJlc3BpcmF0b2lyZSIsInRlbXBsYXRlIjoiaGlnaHdheSIsImJsb2dfaWQiOjExMTAxNjQ2MX0.y3FFcFlS1jI6LommMAq3XiJbQpMW8MWpJsn8po-DzV0MQ"},"version":2},"_wpas_customize_per_network":false},"categories":[405],"tags":[],"class_list":["post-33285","post","type-post","status-publish","format-standard","has-post-thumbnail","hentry","category-actu-france-monde"],"jetpack_publicize_connections":[],"jetpack_featured_media_url":"https:\/\/i0.wp.com\/www.iceagetv.com\/radiosite\/wp-content\/uploads\/2025\/02\/DpBY2bs9.jpg?fit=679%2C293&ssl=1","jetpack_sharing_enabled":true,"_links":{"self":[{"href":"https:\/\/www.iceagetv.com\/radiosite\/wp-json\/wp\/v2\/posts\/33285","targetHints":{"allow":["GET"]}}],"collection":[{"href":"https:\/\/www.iceagetv.com\/radiosite\/wp-json\/wp\/v2\/posts"}],"about":[{"href":"https:\/\/www.iceagetv.com\/radiosite\/wp-json\/wp\/v2\/types\/post"}],"author":[{"embeddable":true,"href":"https:\/\/www.iceagetv.com\/radiosite\/wp-json\/wp\/v2\/users\/2"}],"replies":[{"embeddable":true,"href":"https:\/\/www.iceagetv.com\/radiosite\/wp-json\/wp\/v2\/comments?post=33285"}],"version-history":[{"count":1,"href":"https:\/\/www.iceagetv.com\/radiosite\/wp-json\/wp\/v2\/posts\/33285\/revisions"}],"predecessor-version":[{"id":33287,"href":"https:\/\/www.iceagetv.com\/radiosite\/wp-json\/wp\/v2\/posts\/33285\/revisions\/33287"}],"wp:featuredmedia":[{"embeddable":true,"href":"https:\/\/www.iceagetv.com\/radiosite\/wp-json\/wp\/v2\/media\/33286"}],"wp:attachment":[{"href":"https:\/\/www.iceagetv.com\/radiosite\/wp-json\/wp\/v2\/media?parent=33285"}],"wp:term":[{"taxonomy":"category","embeddable":true,"href":"https:\/\/www.iceagetv.com\/radiosite\/wp-json\/wp\/v2\/categories?post=33285"},{"taxonomy":"post_tag","embeddable":true,"href":"https:\/\/www.iceagetv.com\/radiosite\/wp-json\/wp\/v2\/tags?post=33285"}],"curies":[{"name":"wp","href":"https:\/\/api.w.org\/{rel}","templated":true}]}}