{"id":33290,"date":"2025-02-18T15:55:34","date_gmt":"2025-02-18T14:55:34","guid":{"rendered":"https:\/\/www.iceagetv.com\/radiosite\/?p=33290"},"modified":"2025-02-18T15:55:38","modified_gmt":"2025-02-18T14:55:38","slug":"stephane-plaza-quitte-le-tribunal-en-larmes-apres-avoir-ete-condamne-a-12-mois-de-prison-avec-sursis-pour-violences-conjugales-ses-avocats-vont-faire-appel-du-jugement","status":"publish","type":"post","link":"https:\/\/www.iceagetv.com\/radiosite\/stephane-plaza-quitte-le-tribunal-en-larmes-apres-avoir-ete-condamne-a-12-mois-de-prison-avec-sursis-pour-violences-conjugales-ses-avocats-vont-faire-appel-du-jugement\/","title":{"rendered":"St\u00e9phane Plaza quitte le tribunal en larmes apr\u00e8s avoir \u00e9t\u00e9 condamn\u00e9 \u00e0 12 mois de prison avec sursis pour violences conjugales &#8211; Ses avocats vont faire appel du jugement"},"content":{"rendered":"\n<p class=\"\">Le tribunal de Paris a condamn\u00e9 mardi St\u00e9phane Plaza, agent immobilier vedette de M6, \u00e0 douze mois de prison avec sursis pour violences conjugales r\u00e9currentes sur une ancienne compagne, une d\u00e9cision dont la d\u00e9fense a imm\u00e9diatement annonc\u00e9 faire appel.<\/p>\n\n\n\n<p class=\"\">L&rsquo;animateur a \u00e9galement interdiction d&rsquo;entrer en contact avec cette ex-compagne pendant trois ans.<\/p>\n\n\n\n<p class=\"\">L&rsquo;animateur a en revanche \u00e9t\u00e9 relax\u00e9 des chefs de violences psychologiques \u00ab\u00a0habituelles\u00a0\u00bb, c&rsquo;est-\u00e0-dire r\u00e9currentes, sur une autre compagne. Apr\u00e8s le jugement, St\u00e9phane Plaza s&rsquo;est dirig\u00e9 vers la vitre du box des pr\u00e9venus, o\u00f9 il s&rsquo;est accoud\u00e9 pour s&rsquo;effondrer en larmes, avant de sortir du tribunal en \u00e9vitant la presse, par un acc\u00e8s habituellement r\u00e9serv\u00e9 aux professionnels. Ses avocats ont, eux, r\u00e9agi, d\u00e9non\u00e7ant une condamnation \u00ab\u00a0inacceptable\u00a0\u00bb.<\/p>\n\n\n\n<p class=\"\">L&rsquo;animateur \u00ab\u00a0va faire appel\u00a0\u00bb, a annonc\u00e9 Me H\u00e9l\u00e8ne Plumet. Me Carlo Alberto Brusa a estim\u00e9 que la \u00ab\u00a0machine judiciaire\u00a0\u00bb s&rsquo;\u00e9tait \u00ab\u00a0emball\u00e9e\u00a0\u00bb contre un homme dont \u00ab\u00a0la gentillesse caract\u00e9rise (la) vie\u00a0\u00bb.<\/p>\n\n\n\n<p class=\"\">Pour le tribunal, la premi\u00e8re plaignante, Amandine, a d\u00e9crit de \u00ab\u00a0mani\u00e8re constante\u00a0\u00bb quatre sc\u00e8nes de violence, dont trois ont \u00e9t\u00e9 \u00ab\u00a0corrobor\u00e9es\u00a0\u00bb lors de la proc\u00e9dure: t\u00e9moignages, examens m\u00e9dico-l\u00e9gaux&#8230; Ces violences ont eu lieu entre 2018 et 2022 et \u00e9taient soient physiques (coup de poing \u00e0 l&rsquo;\u00e9paule, doigts tordus) ou psychologiques (humiliation en public), a r\u00e9sum\u00e9 le pr\u00e9sident. \u00c0 l&rsquo;audience, le 9 janvier, St\u00e9phane Plaza avait vigoureusement d\u00e9menti. Les doigts tordus d&rsquo;Amandine, au printemps 2022? \u00ab\u00a0Je ne contr\u00f4le pas ma force car je suis dyspraxique et maladroit (&#8230;) et je ne vois pas qu&rsquo;elle a mal\u00a0\u00bb, avait notamment affirm\u00e9 le pr\u00e9venu.<\/p>\n\n\n\n<p class=\"\">Le parquet avait requis 18 mois d&#8217;emprisonnement avec sursis et 10.000 euros d&rsquo;amende, en appelant le tribunal \u00e0 s&rsquo;interroger sur la \u00ab\u00a0juste peine\u00a0\u00bb \u00e0 prononcer, celle qui permettrait de \u00ab\u00a0replacer la responsabilit\u00e9 l\u00e0 o\u00f9 elle doit \u00eatre\u00a0\u00bb et de \u00ab\u00a0souligner le poids financier sur les victimes\u00a0\u00bb dans un dossier o\u00f9 \u00ab\u00a0l&rsquo;argent a \u00e9t\u00e9 un \u00e9l\u00e9ment central dans (les) m\u00e9canismes de domination\u00a0\u00bb.<\/p>\n\n\n\n<p class=\"\">Mardi, le tribunal a condamn\u00e9 St\u00e9phane Plaza \u00e0 verser 5.000 euros \u00e0 Amandine au titre de son pr\u00e9judice physique, 3.000 euros pour son pr\u00e9judice moral et 3.000 euros pour les frais d&rsquo;avocats. Amandine, particuli\u00e8rement \u00e9prouv\u00e9e lors de l&rsquo;audience et absente lors du d\u00e9lib\u00e9r\u00e9, \u00ab\u00a0est satisfaite d&rsquo;avoir \u00e9t\u00e9 reconnue et crue\u00a0\u00bb, a d\u00e9clar\u00e9 \u00e0 l&rsquo;AFP son avocat, Benjamin Chouai.<\/p>\n\n\n\n<p class=\"\">Lors du proc\u00e8s, la seconde plaignante, Paola, avait d\u00e9nonc\u00e9 des violences psychologiques, caract\u00e9ris\u00e9es par un \u00ab\u00a0comportement changeant\u00a0\u00bb de M. Plaza: paroles douces le soir, insultes le matin&#8230; \u00ab\u00a0Vieille pute! Bimbo!\u00a0\u00bb, lui dit-il quand elle proc\u00e8de \u00e0 une augmentation mammaire pour davantage lui plaire. Elle avait aussi racont\u00e9 avoir d\u00fb changer sa serrure car M. Plaza refusait de lui rendre ses clefs &#8211; lui affirmait les avoir perdues. Si le tribunal a assur\u00e9 ne \u00ab\u00a0pas remettre en cause la parole\u00a0\u00bb de la plaignante, il a soulign\u00e9 mardi que les violences psychologiques reproch\u00e9es reposaient majoritairement \u00ab\u00a0sur ses d\u00e9clarations\u00a0\u00bb.<\/p>\n\n\n\n<p class=\"\">De m\u00eame, si le \u00ab\u00a0retentissement psychologique n&rsquo;est pas contest\u00e9\u00a0\u00bb, \u00ab\u00a0il ne peut \u00eatre reli\u00e9 avec certitude aux faits d\u00e9nonc\u00e9s par la plaignante, qui n&rsquo;a pas fait l&rsquo;objet d&rsquo;une expertise psychiatrique\u00a0\u00bb, a poursuivi le pr\u00e9sident.<\/p>\n\n\n\n<p class=\"\">M. Plaza a \u00e9t\u00e9 relax\u00e9 pour ces chefs. \u00ab\u00a0On a un souci avec les violences psychologiques\u00a0\u00bb, a estim\u00e9 l&rsquo;avocate de Paola, Louise Beriot, qui la repr\u00e9sente avec Me Clotilde Lepetit. \u00ab\u00a0Quel est l&rsquo;int\u00e9r\u00eat d&rsquo;avoir une loi qui (les) d\u00e9finit, les r\u00e9prime, si c&rsquo;est pour constater son absence d&rsquo;effectivit\u00e9 dans les dossiers?\u00a0\u00bb, a demand\u00e9 Me Beriot. \u00ab\u00a0C&rsquo;\u00e9tait un long chemin, \u00e9pouvantable, mais aujourd&rsquo;hui je suis satisfaite pour Amandine\u00a0\u00bb, a r\u00e9agi Paola aupr\u00e8s de l&rsquo;AFP.<\/p>\n\n\n\n<p class=\"\">Malgr\u00e9 la relaxe, \u00ab\u00a0j&rsquo;ai quand m\u00eame le sentiment d&rsquo;avoir \u00e9t\u00e9 reconnue en tant que victime\u00a0\u00bb et \u00ab\u00a0j&rsquo;esp\u00e8re que cela va servir \u00e0 d&rsquo;autres femmes dans le futur, contre ces hommes qui se sentent tout puissants\u00a0\u00bb, a-t-elle ajout\u00e9. L&rsquo;affaire avait d\u00e9but\u00e9 en septembre 2023, avec la publication par Mediapart des t\u00e9moignages de trois ex-compagnes. Le parquet avait ensuite ouvert une enqu\u00eate.<\/p>\n\n\n\n<p class=\"\"><strong> Le point sur ce que l&rsquo;on sait<\/strong><\/p>\n\n\n\n<p class=\"\">Le tribunal de Paris a condamn\u00e9 mardi St\u00e9phane Plaza, agent immobilier vedette de M6, \u00e0 douze mois d&#8217;emprisonnement avec sursis pour violences r\u00e9currentes sur une ancienne compagne, entre 2018 et 2022.<\/p>\n\n\n\n<p class=\"\">L&rsquo;animateur \u00ab\u00a0va faire appel\u00a0\u00bb de ce jugement, a annonc\u00e9 devant la presse son avocate Me H\u00e9l\u00e8ne Plumet. Me Carlo Alberto Brusa, son autre conseil, a estim\u00e9 que la \u00ab\u00a0machine judiciaire\u00a0\u00bb s&rsquo;\u00e9tait \u00ab\u00a0emball\u00e9e\u00a0\u00bb contre un homme dont \u00ab\u00a0la gentillesse caract\u00e9rise (la) vie\u00a0\u00bb. De son c\u00f4t\u00e9, Me Plumet a fustig\u00e9 une \u00ab\u00a0pression m\u00e9diatique\u00a0\u00bb qui serait \u00ab\u00a0entr\u00e9e en jeu dans la condamnation\u00a0\u00bb.<\/p>\n\n\n\n<p class=\"\">L&rsquo;animateur, en pleurs \u00e0 l&rsquo;\u00e9nonc\u00e9 du jugement, a \u00e9galement interdiction d&rsquo;entrer en contact avec cette ex-compagne pendant trois ans. Il a en revanche \u00e9t\u00e9 relax\u00e9 des chefs de violences psychologiques \u00ab\u00a0habituelles\u00a0\u00bb, c&rsquo;est-\u00e0-dire r\u00e9currentes, sur une autre compagne.<\/p>\n\n\n\n<p class=\"\">La premi\u00e8re plaignante, Amandine, a d\u00e9crit de \u00ab\u00a0mani\u00e8re constante\u00a0\u00bb quatre sc\u00e8nes de violence, dont trois ont \u00e9t\u00e9 \u00ab\u00a0corrobor\u00e9es\u00a0\u00bb lors de la proc\u00e9dure, a estim\u00e9 le pr\u00e9sident du tribunal, par des t\u00e9moignages, mais aussi examens m\u00e9dico-l\u00e9gaux. Ces violences \u00e9taient soient physiques (coup de poing \u00e0 l&rsquo;\u00e9paule, doigts tordus), ou psychologiques (humiliation en public), a r\u00e9sum\u00e9 le pr\u00e9sident.<\/p>\n\n\n\n<p class=\"\">A l&rsquo;audience, le 9 janvier, St\u00e9phane Plaza avait vigoureusement d\u00e9menti les accusations. Les doigts tordus d&rsquo;Amandine, au printemps 2022 ? \u00ab\u00a0Je ne contr\u00f4le pas ma force car je suis dyspraxique et maladroit (&#8230;) et je ne vois pas qu&rsquo;elle a mal\u00a0\u00bb, avait notamment affirm\u00e9 le pr\u00e9venu.<\/p>\n\n\n\n<p class=\"\">Le parquet avait appel\u00e9 le tribunal \u00e0 s&rsquo;interroger sur la \u00ab\u00a0juste peine\u00a0\u00bb \u00e0 prononcer, celle qui permettra de \u00ab\u00a0replacer la responsabilit\u00e9 l\u00e0 o\u00f9 elle doit \u00eatre\u00a0\u00bb et de \u00ab\u00a0souligner le poids financier sur les victimes\u00a0\u00bb dans un dossier o\u00f9 \u00ab\u00a0l&rsquo;argent a \u00e9t\u00e9 un \u00e9l\u00e9ment central dans ces m\u00e9canismes de domination\u00a0\u00bb.<\/p>\n\n\n\n<p class=\"\">Mardi, le tribunal a notamment condamn\u00e9 St\u00e9phane Plaza \u00e0 verser 5.000 euros \u00e0 Amandine au titre de son pr\u00e9judice physique, 3.000 euros pour son pr\u00e9judice moral et 3.000 euros pour les frais d&rsquo;avocats. Concernant la seconde plaignante, Paola, si le tribunal a assur\u00e9 ne \u00ab\u00a0pas remettre en cause sa parole\u00a0\u00bb, il a soulign\u00e9 que les violences psychologiques reproch\u00e9es reposaient majoritairement \u00ab\u00a0sur les d\u00e9clarations de Paola\u00a0\u00bb.<\/p>\n\n\n\n<p class=\"\">De m\u00eame, si \u00ab\u00a0son retentissement psychologique n&rsquo;est pas contest\u00e9\u00a0\u00bb, \u00ab\u00a0il ne peut \u00eatre reli\u00e9 avec certitude aux faits d\u00e9nonc\u00e9s par la plaignante, qui n&rsquo;a pas fait l&rsquo;objet d&rsquo;une expertise psychiatrique\u00a0\u00bb, a poursuivi le pr\u00e9sident. M. Plaza a \u00e9t\u00e9 relax\u00e9 pour ces chefs.<\/p>\n","protected":false},"excerpt":{"rendered":"<p>Le tribunal de Paris a condamn\u00e9 mardi St\u00e9phane Plaza, agent immobilier vedette de M6, \u00e0 douze mois de prison avec sursis pour violences conjugales r\u00e9currentes sur une ancienne compagne, une d\u00e9cision dont la d\u00e9fense a imm\u00e9diatement annonc\u00e9 faire appel. L&rsquo;animateur a \u00e9galement interdiction d&rsquo;entrer en contact avec cette ex-compagne pendant trois ans. L&rsquo;animateur a en [&hellip;]<\/p>\n","protected":false},"author":2,"featured_media":33291,"comment_status":"open","ping_status":"open","sticky":false,"template":"","format":"standard","meta":{"_jetpack_memberships_contains_paid_content":false,"footnotes":"","jetpack_publicize_message":"","jetpack_publicize_feature_enabled":true,"jetpack_social_post_already_shared":true,"jetpack_social_options":{"image_generator_settings":{"template":"highway","enabled":true,"token":"eyJpbWciOiJodHRwczpcL1wvd3d3LmljZWFnZXR2LmNvbVwvcmFkaW9zaXRlXC93cC1jb250ZW50XC91cGxvYWRzXC8yMDI1XC8wMlwvNXJ0TkhiMUwuanBnIiwidHh0IjoiU3RcdTAwZTlwaGFuZSBQbGF6YSBxdWl0dGUgbGUgdHJpYnVuYWwgZW4gbGFybWVzIGFwclx1MDBlOHMgYXZvaXIgXHUwMGU5dFx1MDBlOSBjb25kYW1uXHUwMGU5IFx1MDBlMCAxMiBtb2lzIGRlIHByaXNvbiBhdmVjIHN1cnNpcyBwb3VyIHZpb2xlbmNlcyBjb25qdWdhbGVzICYjODIxMTsgU2VzIGF2b2NhdHMgdm9udCBmYWlyZSBhcHBlbCBkdSBqdWdlbWVudCIsInRlbXBsYXRlIjoiaGlnaHdheSIsImJsb2dfaWQiOjExMTAxNjQ2MX0.L_PJVLZKobLTjEAZmqVkVuv7y98wUKz8kHkUhaydthoMQ"},"version":2},"_wpas_customize_per_network":false},"categories":[405],"tags":[],"class_list":["post-33290","post","type-post","status-publish","format-standard","has-post-thumbnail","hentry","category-actu-france-monde"],"jetpack_publicize_connections":[],"jetpack_featured_media_url":"https:\/\/i0.wp.com\/www.iceagetv.com\/radiosite\/wp-content\/uploads\/2025\/02\/5rtNHb1L.jpg?fit=679%2C293&ssl=1","jetpack_sharing_enabled":true,"_links":{"self":[{"href":"https:\/\/www.iceagetv.com\/radiosite\/wp-json\/wp\/v2\/posts\/33290","targetHints":{"allow":["GET"]}}],"collection":[{"href":"https:\/\/www.iceagetv.com\/radiosite\/wp-json\/wp\/v2\/posts"}],"about":[{"href":"https:\/\/www.iceagetv.com\/radiosite\/wp-json\/wp\/v2\/types\/post"}],"author":[{"embeddable":true,"href":"https:\/\/www.iceagetv.com\/radiosite\/wp-json\/wp\/v2\/users\/2"}],"replies":[{"embeddable":true,"href":"https:\/\/www.iceagetv.com\/radiosite\/wp-json\/wp\/v2\/comments?post=33290"}],"version-history":[{"count":1,"href":"https:\/\/www.iceagetv.com\/radiosite\/wp-json\/wp\/v2\/posts\/33290\/revisions"}],"predecessor-version":[{"id":33292,"href":"https:\/\/www.iceagetv.com\/radiosite\/wp-json\/wp\/v2\/posts\/33290\/revisions\/33292"}],"wp:featuredmedia":[{"embeddable":true,"href":"https:\/\/www.iceagetv.com\/radiosite\/wp-json\/wp\/v2\/media\/33291"}],"wp:attachment":[{"href":"https:\/\/www.iceagetv.com\/radiosite\/wp-json\/wp\/v2\/media?parent=33290"}],"wp:term":[{"taxonomy":"category","embeddable":true,"href":"https:\/\/www.iceagetv.com\/radiosite\/wp-json\/wp\/v2\/categories?post=33290"},{"taxonomy":"post_tag","embeddable":true,"href":"https:\/\/www.iceagetv.com\/radiosite\/wp-json\/wp\/v2\/tags?post=33290"}],"curies":[{"name":"wp","href":"https:\/\/api.w.org\/{rel}","templated":true}]}}