{"id":33301,"date":"2025-02-18T20:57:20","date_gmt":"2025-02-18T19:57:20","guid":{"rendered":"https:\/\/www.iceagetv.com\/radiosite\/?p=33301"},"modified":"2025-02-18T20:59:08","modified_gmt":"2025-02-18T19:59:08","slug":"%f0%9d%90%92%f0%9d%90%ad%f0%9d%90%9e%f0%9d%90%a9%f0%9d%90%a1%f0%9d%90%9a%f0%9d%90%a7%f0%9d%90%9e-%f0%9d%90%8f%f0%9d%90%a5%f0%9d%90%9a%f0%9d%90%b3%f0%9d%90%9a-%f0%9d%90%9e%f0%9d%90%ac%f0%9d%90%ad","status":"publish","type":"post","link":"https:\/\/www.iceagetv.com\/radiosite\/%f0%9d%90%92%f0%9d%90%ad%f0%9d%90%9e%f0%9d%90%a9%f0%9d%90%a1%f0%9d%90%9a%f0%9d%90%a7%f0%9d%90%9e-%f0%9d%90%8f%f0%9d%90%a5%f0%9d%90%9a%f0%9d%90%b3%f0%9d%90%9a-%f0%9d%90%9e%f0%9d%90%ac%f0%9d%90%ad\/","title":{"rendered":"\ud835\udc12\ud835\udc2d\ud835\udc1e\u0301\ud835\udc29\ud835\udc21\ud835\udc1a\ud835\udc27\ud835\udc1e \ud835\udc0f\ud835\udc25\ud835\udc1a\ud835\udc33\ud835\udc1a \ud835\udc1e\ud835\udc2c\ud835\udc2d \ud835\udc1e\u0301\ud835\udc1c\ud835\udc1a\ud835\udc2b\ud835\udc2d\ud835\udc1e\u0301 \ud835\udc1d\ud835\udc1e \ud835\udc0c\ud835\udfd4"},"content":{"rendered":"\n<p class=\"\">Ce mardi, le groupe M6 s&rsquo;est rendu en r\u00e9union de crise \u00e0 l&rsquo;issue de l&rsquo;audience condamnant St\u00e9phane Plaza \ud835\udc1a\u0300 \ud835\udc1d\ud835\udc28\ud835\udc2e\ud835\udc33\ud835\udc1e \ud835\udc26\ud835\udc28\ud835\udc22\ud835\udc2c \ud835\udc1d\ud835\udc1e \ud835\udc29\ud835\udc2b\ud835\udc22\ud835\udc2c\ud835\udc28\ud835\udc27 \ud835\udc1a\ud835\udc2f\ud835\udc1e\ud835\udc1c \ud835\udc2c\ud835\udc2e\ud835\udc2b\ud835\udc2c\ud835\udc22\ud835\udc2c. A l&rsquo;issue de cette r\u00e9union, le directoire a pris acte des faits reproch\u00e9s \u00e0 l&rsquo;animateur phare et a d\u00e9cid\u00e9 de l&rsquo;\u00e9carter de son antenne, \ud835\udc1e\ud835\udc27 \ud835\udc1d\ud835\udc1e\u0301\ud835\udc29\ud835\udc2b\ud835\udc28\ud835\udc20\ud835\udc2b\ud835\udc1a\ud835\udc26\ud835\udc26\ud835\udc1a\ud835\udc27\ud835\udc2d \ud835\udc25\ud835\udc1a \ud835\udc2d\ud835\udc28\ud835\udc2d\ud835\udc1a\ud835\udc25\ud835\udc22\ud835\udc2d\ud835\udc1e\u0301 \ud835\udc1d\ud835\udc1e \ud835\udc2c\ud835\udc1e\ud835\udc2c \ud835\udc1e\u0301\ud835\udc26\ud835\udc22\ud835\udc2c\ud835\udc2c\ud835\udc22\ud835\udc28\ud835\udc27\ud835\udc2c. \u00ab\u00a0Le groupe M6 prend acte de la d\u00e9cision de justice prononc\u00e9e aujourd&rsquo;hui \u00e0 l&rsquo;encontre de M. Plaza ainsi de l&rsquo;intention de ses avocats de faire appel. Dans l&rsquo;attente des \u00e9ventuelles suites juridiques, le groupe M6 a d\u00e9cid\u00e9, \u00e0 compter de ce jour, \ud835\udc25\ud835\udc1a \ud835\udc1d\ud835\udc1e\u0301\ud835\udc29\ud835\udc2b\ud835\udc28\ud835\udc20\ud835\udc2b\ud835\udc1a\ud835\udc26\ud835\udc26\ud835\udc1a\ud835\udc2d\ud835\udc22\ud835\udc28\ud835\udc27 \ud835\udc1d\ud835\udc1e\ud835\udc2c \ud835\udc1e\u0301\ud835\udc26\ud835\udc22\ud835\udc2c\ud835\udc2c\ud835\udc22\ud835\udc28\ud835\udc27\ud835\udc2c \ud835\udc1d\ud835\udc1a\ud835\udc27\ud835\udc2c \ud835\udc25\ud835\udc1e\ud835\udc2c\ud835\udc2a\ud835\udc2e\ud835\udc1e\ud835\udc25\ud835\udc25\ud835\udc1e\ud835\udc2c \ud835\udc12\ud835\udc2d\ud835\udc1e\u0301\ud835\udc29\ud835\udc21\ud835\udc1a\ud835\udc27\ud835\udc1e \ud835\udc0f\ud835\udc25\ud835\udc1a\ud835\udc33\ud835\udc1a \ud835\udc1e\u0301\ud835\udc2d\ud835\udc1a\ud835\udc22\ud835\udc2d \ud835\udc29\ud835\udc2b\ud835\udc1e\u0301\ud835\udc2c\ud835\udc1e\ud835\udc27\ud835\udc2d. St\u00e9phane Plaza a \u00e9t\u00e9 inform\u00e9 de cette d\u00e9cision\u00a0\u00bb a d\u00e9clar\u00e9 le groupe dans un communiqu\u00e9 transmis \u00e0<\/p>\n\n\n\n<p class=\"\">\ud835\udddf\ud835\uddee \ud835\uddf0\ud835\uddf5\ud835\ude02\ud835\ude01\ud835\uddf2 \ud835\uddf1\ud835\uddf2 \ud835\uddf9&rsquo;\ud835\uddee\ud835\uddfb\ud835\uddf6\ud835\uddfa\ud835\uddee\ud835\ude01\ud835\uddf2\ud835\ude02\ud835\uddff \ud835\uddfd\ud835\uddff\ud835\uddf2\u0301\ud835\uddf3\ud835\uddf2\u0301\ud835\uddff\ud835\uddf2\u0301 \ud835\uddf1\ud835\uddf2\ud835\ude00 \ud835\uddd9\ud835\uddff\ud835\uddee\ud835\uddfb\ud835\uddf0\u0327\ud835\uddee\ud835\uddf6\ud835\ude00 Arriv\u00e9 sur M6 en 2006, St\u00e9phane Plaza ne f\u00eatera pas son 20e anniversaire avec la cha\u00eene qui l&rsquo;a lanc\u00e9, et qui lui a permis de devenir pendant des ann\u00e9es \ud835\udc25&rsquo;\ud835\udc1a\ud835\udc27\ud835\udc22\ud835\udc26\ud835\udc1a\ud835\udc2d\ud835\udc1e\ud835\udc2e\ud835\udc2b \ud835\udc29\ud835\udc2b\ud835\udc1e\u0301\ud835\udc1f\ud835\udc1e\u0301\ud835\udc2b\ud835\udc1e\u0301 \ud835\udc1d\ud835\udc1e\ud835\udc2c \ud835\udc05\ud835\udc2b\ud835\udc1a\ud835\udc27\ud835\udc1c\u0327\ud835\udc1a\ud835\udc22\ud835\udc2c. En dix-neuf ans de collaboration avec le groupe M6, St\u00e9phane Plaza a anim\u00e9 de nombreuses \u00e9missions Recherche appartement ou maison tout d&rsquo;abord, puis Maison \u00e0 vendre. \ud835\udc08\ud835\udc25 \ud835\udc1a \ud835\udc1e\ud835\udc27\ud835\udc2c\ud835\udc2e\ud835\udc22\ud835\udc2d\ud835\udc1e \ud835\udc1c\ud835\udc28\ud835\udc25\ud835\udc25\ud835\udc1a\ud835\udc1b\ud835\udc28\ud835\udc2b\ud835\udc1e\u0301 \ud835\udc1a\ud835\udc2f\ud835\udc1e\ud835\udc1c \ud835\udc0a\ud835\udc1a\ud835\udc2b\ud835\udc22\ud835\udc27\ud835\udc1e \ud835\udc0b\ud835\udc1e \ud835\udc0c\ud835\udc1a\ud835\udc2b\ud835\udc1c\ud835\udc21\ud835\udc1a\ud835\udc27\ud835\udc1d sur On ne choisit pas ses voisins de 2011 \u00e0 2014, et sur Qu&rsquo;est-ce que je sais vraiment de 2014 \u00e0 2016. En quotidienne, on a pu le voir dans Chasseurs d&rsquo;appart pendant six saisons. Depuis ces derni\u00e8res ann\u00e9es, il avait tent\u00e9 de lancer \ud835\udc29\ud835\udc25\ud835\udc2e\ud835\udc2c\ud835\udc22\ud835\udc1e\ud835\udc2e\ud835\udc2b\ud835\udc2c \ud835\udc27\ud835\udc28\ud835\udc2e\ud835\udc2f\ud835\udc1e\ud835\udc1a\ud835\udc2e\ud835\udc31 \ud835\udc29\ud835\udc2b\ud835\udc28\ud835\udc20\ud835\udc2b\ud835\udc1a\ud835\udc26\ud835\udc26\ud835\udc1e\ud835\udc2c \ud835\udc22\ud835\udc26\ud835\udc26\ud835\udc28\ud835\udc1b\ud835\udc22\ud835\udc25\ud835\udc22\ud835\udc1e\ud835\udc2b\ud835\udc2c, mais qui ne rencontraient plus vraiment le succ\u00e8s : Cette maison est pour vous, Mieux chez soi, La meilleure offre, \ud835\udc13\ud835\udc28\ud835\udc2e\ud835\udc2d \ud835\udc1c\ud835\udc21\ud835\udc1a\ud835\udc27\ud835\udc20\ud835\udc1e\ud835\udc2b \ud835\udc28\ud835\udc2e \ud835\udc1d\ud835\udc1e\u0301\ud835\udc26\ud835\udc1e\u0301\ud835\udc27\ud835\udc1a\ud835\udc20\ud835\udc1e\ud835\udc2b, R\u00e9novation surprise, Mission travaux et Nouvelle maison pour une nouvelle vie.<\/p>\n\n\n\n<p class=\"\"><a href=\"https:\/\/x.com\/clem_garin\">clem_garin<\/a><\/p>\n","protected":false},"excerpt":{"rendered":"<p>Ce mardi, le groupe M6 s&rsquo;est rendu en r\u00e9union de crise \u00e0 l&rsquo;issue de l&rsquo;audience condamnant St\u00e9phane Plaza \ud835\udc1a\u0300 \ud835\udc1d\ud835\udc28\ud835\udc2e\ud835\udc33\ud835\udc1e \ud835\udc26\ud835\udc28\ud835\udc22\ud835\udc2c \ud835\udc1d\ud835\udc1e \ud835\udc29\ud835\udc2b\ud835\udc22\ud835\udc2c\ud835\udc28\ud835\udc27 \ud835\udc1a\ud835\udc2f\ud835\udc1e\ud835\udc1c \ud835\udc2c\ud835\udc2e\ud835\udc2b\ud835\udc2c\ud835\udc22\ud835\udc2c. A l&rsquo;issue de cette r\u00e9union, le directoire a pris acte des faits reproch\u00e9s \u00e0 l&rsquo;animateur phare et a d\u00e9cid\u00e9 de l&rsquo;\u00e9carter de son antenne, \ud835\udc1e\ud835\udc27 \ud835\udc1d\ud835\udc1e\u0301\ud835\udc29\ud835\udc2b\ud835\udc28\ud835\udc20\ud835\udc2b\ud835\udc1a\ud835\udc26\ud835\udc26\ud835\udc1a\ud835\udc27\ud835\udc2d \ud835\udc25\ud835\udc1a \ud835\udc2d\ud835\udc28\ud835\udc2d\ud835\udc1a\ud835\udc25\ud835\udc22\ud835\udc2d\ud835\udc1e\u0301 \ud835\udc1d\ud835\udc1e \ud835\udc2c\ud835\udc1e\ud835\udc2c [&hellip;]<\/p>\n","protected":false},"author":2,"featured_media":33299,"comment_status":"open","ping_status":"open","sticky":false,"template":"","format":"standard","meta":{"_jetpack_memberships_contains_paid_content":false,"footnotes":"","jetpack_publicize_message":"","jetpack_publicize_feature_enabled":true,"jetpack_social_post_already_shared":false,"jetpack_social_options":{"image_generator_settings":{"template":"highway","enabled":true,"token":"eyJpbWciOiJodHRwczpcL1wvd3d3LmljZWFnZXR2LmNvbVwvcmFkaW9zaXRlXC93cC1jb250ZW50XC91cGxvYWRzXC8yMDI1XC8wMlwvR2tGM09yTlhrQUF2X0ZqLmpwZyIsInR4dCI6Ilx1ZDgzNVx1ZGMxMlx1ZDgzNVx1ZGMyZFx1ZDgzNVx1ZGMxZVx1MDMwMVx1ZDgzNVx1ZGMyOVx1ZDgzNVx1ZGMyMVx1ZDgzNVx1ZGMxYVx1ZDgzNVx1ZGMyN1x1ZDgzNVx1ZGMxZSBcdWQ4MzVcdWRjMGZcdWQ4MzVcdWRjMjVcdWQ4MzVcdWRjMWFcdWQ4MzVcdWRjMzNcdWQ4MzVcdWRjMWEgXHVkODM1XHVkYzFlXHVkODM1XHVkYzJjXHVkODM1XHVkYzJkIFx1ZDgzNVx1ZGMxZVx1MDMwMVx1ZDgzNVx1ZGMxY1x1ZDgzNVx1ZGMxYVx1ZDgzNVx1ZGMyYlx1ZDgzNVx1ZGMyZFx1ZDgzNVx1ZGMxZVx1MDMwMSBcdWQ4MzVcdWRjMWRcdWQ4MzVcdWRjMWUgXHVkODM1XHVkYzBjXHVkODM1XHVkZmQ0IiwidGVtcGxhdGUiOiJoaWdod2F5IiwiYmxvZ19pZCI6MTExMDE2NDYxfQ.Fkwym8fh54Q9KJLH5wfyH4xjeYpo1b03Sasg__H6paQMQ"},"version":2},"_wpas_customize_per_network":false},"categories":[68],"tags":[],"class_list":["post-33301","post","type-post","status-publish","format-standard","has-post-thumbnail","hentry","category-actu-culturelle"],"jetpack_publicize_connections":[],"jetpack_featured_media_url":"https:\/\/i0.wp.com\/www.iceagetv.com\/radiosite\/wp-content\/uploads\/2025\/02\/GkF3OrNXkAAv_Fj.jpg?fit=679%2C382&ssl=1","jetpack_sharing_enabled":true,"_links":{"self":[{"href":"https:\/\/www.iceagetv.com\/radiosite\/wp-json\/wp\/v2\/posts\/33301","targetHints":{"allow":["GET"]}}],"collection":[{"href":"https:\/\/www.iceagetv.com\/radiosite\/wp-json\/wp\/v2\/posts"}],"about":[{"href":"https:\/\/www.iceagetv.com\/radiosite\/wp-json\/wp\/v2\/types\/post"}],"author":[{"embeddable":true,"href":"https:\/\/www.iceagetv.com\/radiosite\/wp-json\/wp\/v2\/users\/2"}],"replies":[{"embeddable":true,"href":"https:\/\/www.iceagetv.com\/radiosite\/wp-json\/wp\/v2\/comments?post=33301"}],"version-history":[{"count":2,"href":"https:\/\/www.iceagetv.com\/radiosite\/wp-json\/wp\/v2\/posts\/33301\/revisions"}],"predecessor-version":[{"id":33303,"href":"https:\/\/www.iceagetv.com\/radiosite\/wp-json\/wp\/v2\/posts\/33301\/revisions\/33303"}],"wp:featuredmedia":[{"embeddable":true,"href":"https:\/\/www.iceagetv.com\/radiosite\/wp-json\/wp\/v2\/media\/33299"}],"wp:attachment":[{"href":"https:\/\/www.iceagetv.com\/radiosite\/wp-json\/wp\/v2\/media?parent=33301"}],"wp:term":[{"taxonomy":"category","embeddable":true,"href":"https:\/\/www.iceagetv.com\/radiosite\/wp-json\/wp\/v2\/categories?post=33301"},{"taxonomy":"post_tag","embeddable":true,"href":"https:\/\/www.iceagetv.com\/radiosite\/wp-json\/wp\/v2\/tags?post=33301"}],"curies":[{"name":"wp","href":"https:\/\/api.w.org\/{rel}","templated":true}]}}