{"id":33305,"date":"2025-02-18T21:01:30","date_gmt":"2025-02-18T20:01:30","guid":{"rendered":"https:\/\/www.iceagetv.com\/radiosite\/?p=33305"},"modified":"2025-02-18T21:01:35","modified_gmt":"2025-02-18T20:01:35","slug":"le-pape-francois-souffre-dune-pneumonie-bilaterale-son-tableau-clinique-est-toujours-complexe-selon-le-vatican","status":"publish","type":"post","link":"https:\/\/www.iceagetv.com\/radiosite\/le-pape-francois-souffre-dune-pneumonie-bilaterale-son-tableau-clinique-est-toujours-complexe-selon-le-vatican\/","title":{"rendered":"Le pape Fran\u00e7ois souffre d&rsquo;une pneumonie bilat\u00e9rale, son tableau clinique est toujours \u00abcomplexe\u00bb, selon le Vatican"},"content":{"rendered":"\n<p class=\"\">Le pape Fran\u00e7ois, 88 ans, souffre d&rsquo;une pneumonie bilat\u00e9rale et continue d&rsquo;afficher un tableau clinique \u00abcomplexe\u00bb, a annonc\u00e9 mardi le Vatican dans un nouveau bulletin m\u00e9dical, au cinqui\u00e8me jour de son hospitalisation. \u00abLe scanner thoracique que le Saint-P\u00e8re a subi cet apr\u00e8s-midi (&#8230;) a d\u00e9montr\u00e9 l&rsquo;apparition d&rsquo;une pneumonie bilat\u00e9rale qui a n\u00e9cessit\u00e9 un traitement m\u00e9dicamenteux suppl\u00e9mentaire. Le pape Fran\u00e7ois est n\u00e9anmoins de bonne humeur\u00bb, a indiqu\u00e9 le Vatican dans ce communiqu\u00e9 mardi soir.<\/p>\n\n\n\n<p class=\"\">\u00abL\u2019infection polymicrobienne, survenue dans un contexte de bronchectasies et de bronchite asthmatique, et qui a n\u00e9cessit\u00e9 le recours \u00e0 une antibioth\u00e9rapie \u00e0 base de cortisone, rend le traitement th\u00e9rapeutique plus complexe\u00bb, pr\u00e9cise le communiqu\u00e9. \u00abLes analyses de laboratoire, les radiographies thoraciques et l\u2019\u00e9tat clinique du Saint-P\u00e8re continuent de pr\u00e9senter un tableau complexe\u00bb, ajoute-t-on de m\u00eame source.<\/p>\n\n\n\n<p class=\"\">Le pape est hospitalis\u00e9 depuis vendredi \u00e0 l\u2019h\u00f4pital Gemelli de Rome, initialement pour une bronchite, et ses engagements ont \u00e9t\u00e9 annul\u00e9s jusqu\u2019\u00e0 ce week-end. \u00abCe matin, il a re\u00e7u l\u2019Eucharistie et, durant la journ\u00e9e, il a altern\u00e9 repos, pri\u00e8re et lecture de textes\u00bb, ajoute le communiqu\u00e9. \u00abIl vous remercie pour la proximit\u00e9 que vous exprimez en cette p\u00e9riode et vous demande, avec un c\u0153ur reconnaissant, de continuer \u00e0 prier pour lui\u00bb.<\/p>\n\n\n\n<p class=\"\">Malgr\u00e9 des alertes de sant\u00e9 \u00e0 r\u00e9p\u00e9tition ces derni\u00e8res ann\u00e9es &#8211; probl\u00e8mes de hanche, douleurs au genou qui l\u2019oblige \u00e0 se d\u00e9placer en fauteuil roulant, op\u00e9rations, infections respiratoires &#8211; l\u2019Argentin Jorge Bergoglio a maintenu un rythme effr\u00e9n\u00e9 au Vatican, au grand dam de ses m\u00e9decins qui ne cessent de lui r\u00e9p\u00e9ter de ralentir la cadence. Son hospitalisation, la quatri\u00e8me en moins de quatre ans, a relanc\u00e9 les interrogations sur sa sant\u00e9 et sa capacit\u00e9 \u00e0 assurer ses fonctions.<\/p>\n","protected":false},"excerpt":{"rendered":"<p>Le pape Fran\u00e7ois, 88 ans, souffre d&rsquo;une pneumonie bilat\u00e9rale et continue d&rsquo;afficher un tableau clinique \u00abcomplexe\u00bb, a annonc\u00e9 mardi le Vatican dans un nouveau bulletin m\u00e9dical, au cinqui\u00e8me jour de son hospitalisation. \u00abLe scanner thoracique que le Saint-P\u00e8re a subi cet apr\u00e8s-midi (&#8230;) a d\u00e9montr\u00e9 l&rsquo;apparition d&rsquo;une pneumonie bilat\u00e9rale qui a n\u00e9cessit\u00e9 un traitement m\u00e9dicamenteux [&hellip;]<\/p>\n","protected":false},"author":2,"featured_media":33306,"comment_status":"open","ping_status":"open","sticky":false,"template":"","format":"standard","meta":{"_jetpack_memberships_contains_paid_content":false,"footnotes":"","jetpack_publicize_message":"","jetpack_publicize_feature_enabled":true,"jetpack_social_post_already_shared":true,"jetpack_social_options":{"image_generator_settings":{"template":"highway","enabled":true,"token":"eyJpbWciOiJodHRwczpcL1wvd3d3LmljZWFnZXR2LmNvbVwvcmFkaW9zaXRlXC93cC1jb250ZW50XC91cGxvYWRzXC8yMDI1XC8wMlwvTGUtcGFwZS1GcmFuY29pcy1zb3VmZnJlLWR1bmUtcG5ldW1vbmllLWJpbGF0ZXJhbGUuanBnIiwidHh0IjoiTGUgcGFwZSBGcmFuXHUwMGU3b2lzIHNvdWZmcmUgZCYjODIxNzt1bmUgcG5ldW1vbmllIGJpbGF0XHUwMGU5cmFsZSwgc29uIHRhYmxlYXUgY2xpbmlxdWUgZXN0IHRvdWpvdXJzIFx1MDBhYmNvbXBsZXhlXHUwMGJiLCBzZWxvbiBsZSBWYXRpY2FuIiwidGVtcGxhdGUiOiJoaWdod2F5IiwiYmxvZ19pZCI6MTExMDE2NDYxfQ.rTm9rdCQmrdzmqdWuZDfNhIK2aD-ZStQ8pzo4k-U5fgMQ"},"version":2},"_wpas_customize_per_network":false},"categories":[405],"tags":[],"class_list":["post-33305","post","type-post","status-publish","format-standard","has-post-thumbnail","hentry","category-actu-france-monde"],"jetpack_publicize_connections":[],"jetpack_featured_media_url":"https:\/\/i0.wp.com\/www.iceagetv.com\/radiosite\/wp-content\/uploads\/2025\/02\/Le-pape-Francois-souffre-dune-pneumonie-bilaterale.jpg?fit=679%2C293&ssl=1","jetpack_sharing_enabled":true,"_links":{"self":[{"href":"https:\/\/www.iceagetv.com\/radiosite\/wp-json\/wp\/v2\/posts\/33305","targetHints":{"allow":["GET"]}}],"collection":[{"href":"https:\/\/www.iceagetv.com\/radiosite\/wp-json\/wp\/v2\/posts"}],"about":[{"href":"https:\/\/www.iceagetv.com\/radiosite\/wp-json\/wp\/v2\/types\/post"}],"author":[{"embeddable":true,"href":"https:\/\/www.iceagetv.com\/radiosite\/wp-json\/wp\/v2\/users\/2"}],"replies":[{"embeddable":true,"href":"https:\/\/www.iceagetv.com\/radiosite\/wp-json\/wp\/v2\/comments?post=33305"}],"version-history":[{"count":1,"href":"https:\/\/www.iceagetv.com\/radiosite\/wp-json\/wp\/v2\/posts\/33305\/revisions"}],"predecessor-version":[{"id":33307,"href":"https:\/\/www.iceagetv.com\/radiosite\/wp-json\/wp\/v2\/posts\/33305\/revisions\/33307"}],"wp:featuredmedia":[{"embeddable":true,"href":"https:\/\/www.iceagetv.com\/radiosite\/wp-json\/wp\/v2\/media\/33306"}],"wp:attachment":[{"href":"https:\/\/www.iceagetv.com\/radiosite\/wp-json\/wp\/v2\/media?parent=33305"}],"wp:term":[{"taxonomy":"category","embeddable":true,"href":"https:\/\/www.iceagetv.com\/radiosite\/wp-json\/wp\/v2\/categories?post=33305"},{"taxonomy":"post_tag","embeddable":true,"href":"https:\/\/www.iceagetv.com\/radiosite\/wp-json\/wp\/v2\/tags?post=33305"}],"curies":[{"name":"wp","href":"https:\/\/api.w.org\/{rel}","templated":true}]}}