{"id":33321,"date":"2025-02-19T11:03:19","date_gmt":"2025-02-19T10:03:19","guid":{"rendered":"https:\/\/www.iceagetv.com\/radiosite\/?p=33321"},"modified":"2025-02-19T11:03:23","modified_gmt":"2025-02-19T10:03:23","slug":"television-le-groupe-ouest-france-revele-les-details-du-nouveau-talk-show-qui-va-remplacer-touche-pas-a-mon-poste-de-cyril-hanouna-sur-leur-nouvelle-chaine-de-la-tnt-qui-a-ete-selectionnee-a-la-p","status":"publish","type":"post","link":"https:\/\/www.iceagetv.com\/radiosite\/television-le-groupe-ouest-france-revele-les-details-du-nouveau-talk-show-qui-va-remplacer-touche-pas-a-mon-poste-de-cyril-hanouna-sur-leur-nouvelle-chaine-de-la-tnt-qui-a-ete-selectionnee-a-la-p\/","title":{"rendered":"T\u00e9l\u00e9vision: Le groupe Ouest-France r\u00e9v\u00e8le les d\u00e9tails du nouveau talk-show qui va remplacer \u00ab\u00a0Touche pas \u00e0 mon poste\u00a0\u00bb de Cyril Hanouna sur leur nouvelle cha\u00eene de la TNT qui a \u00e9t\u00e9 s\u00e9lectionn\u00e9e \u00e0 la place de C8"},"content":{"rendered":"\n<p class=\"\">Dans un communiqu\u00e9, le groupe Ouest-France d\u00e9voile les d\u00e9tails du nouveau talk-show qu&rsquo;elle lancera sur sa nouvelle cha\u00eene OFTV, s\u00e9lectionn\u00e9e \u00e0 la place de C8 qui doit fermer le 28 f\u00e9vrier sauf rebondissement au Conseil d&rsquo;Etat.<\/p>\n\n\n\n<p class=\"\">Le groupe annonce qu&rsquo;il vient de choisir pour produire et r\u00e9aliser ce talk quotidien de la cha\u00eene n\u00b019 de la TNT Together Media &#8211; fond\u00e9e par Renaud Le Van Kim &#8211; et francetv studios. Il sera diffus\u00e9 chaque soir de la semaine en access, se nourrira de la vie quotidienne des Fran\u00e7ais pour leur apporter des contenus informatifs et divertissants.<\/p>\n\n\n\n<p class=\"\">L\u2019\u00e9mission mettra les t\u00e9l\u00e9spectateurs sur un m\u00eame pied d\u2019\u00e9galit\u00e9 positive, avec l\u2019ambition de traiter l\u2019actualit\u00e9 en r\u00e9pondant \u00e0 leurs questions quotidiennes : votre journ\u00e9e, votre sant\u00e9, votre assiette, votre g\u00e9n\u00e9ration, vos initiatives locales, la culture pour tous, etc., explique Ouest-France.<\/p>\n\n\n\n<p class=\"\">Acteurs et t\u00e9moins de l\u2019actualit\u00e9, invit\u00e9s culture et d\u00e9couverte, ainsi qu\u2019incarnants connus des Fran\u00e7ais se succ\u00e8deront pendant les 75 minutes d\u2019\u00e9mission quotidienne.<\/p>\n\n\n\n<p class=\"\">\u00ab\u00a0R\u00e9alis\u00e9 au terme d\u2019un appel d\u2019offres auquel ont particip\u00e9 de nombreux producteurs TV reconnus, ce choix est guid\u00e9 par la qualit\u00e9 de la proposition, le savoir-faire exceptionnel et les synergies offertes par l\u2019association de ces deux acteurs.<\/p>\n\n\n\n<p class=\"\">Ce projet qui sera aussi accompagn\u00e9 par une strat\u00e9gie digitale solide et ambitieuse r\u00e9pond parfaitement \u00e0 la volont\u00e9 de proposer des \u00e9missions de grande qualit\u00e9 sur l\u2019offre lin\u00e9aire et sur la plateforme digitale de notre future cha\u00eene\u00a0\u00bb, explique Ouest-France dans ce communiqu\u00e9.<\/p>\n","protected":false},"excerpt":{"rendered":"<p>Dans un communiqu\u00e9, le groupe Ouest-France d\u00e9voile les d\u00e9tails du nouveau talk-show qu&rsquo;elle lancera sur sa nouvelle cha\u00eene OFTV, s\u00e9lectionn\u00e9e \u00e0 la place de C8 qui doit fermer le 28 f\u00e9vrier sauf rebondissement au Conseil d&rsquo;Etat. Le groupe annonce qu&rsquo;il vient de choisir pour produire et r\u00e9aliser ce talk quotidien de la cha\u00eene n\u00b019 de [&hellip;]<\/p>\n","protected":false},"author":2,"featured_media":33322,"comment_status":"open","ping_status":"open","sticky":false,"template":"","format":"standard","meta":{"_jetpack_memberships_contains_paid_content":false,"footnotes":"","jetpack_publicize_message":"","jetpack_publicize_feature_enabled":true,"jetpack_social_post_already_shared":true,"jetpack_social_options":{"image_generator_settings":{"template":"highway","enabled":true,"token":"eyJpbWciOiJodHRwczpcL1wvd3d3LmljZWFnZXR2LmNvbVwvcmFkaW9zaXRlXC93cC1jb250ZW50XC91cGxvYWRzXC8yMDI1XC8wMlwvbWF4cmVzZGVmYXVsdC0xMDI0eDU3Ni5qcGciLCJ0eHQiOiJUXHUwMGU5bFx1MDBlOXZpc2lvbjogTGUgZ3JvdXBlIE91ZXN0LUZyYW5jZSByXHUwMGU5dlx1MDBlOGxlIGxlcyBkXHUwMGU5dGFpbHMgZHUgbm91dmVhdSB0YWxrLXNob3cgcXVpIHZhIHJlbXBsYWNlciAmIzgyMjA7VG91Y2hlIHBhcyBcdTAwZTAgbW9uIHBvc3RlJiM4MjIxOyBkZSBDeXJpbCBIYW5vdW5hIHN1ciBsZXVyIG5vdXZlbGxlIGNoYVx1MDBlZW5lIGRlIGxhIFROVCBxdWkgYSBcdTAwZTl0XHUwMGU5IHNcdTAwZTlsZWN0aW9ublx1MDBlOWUgXHUwMGUwIGxhIHBsYWNlIGRlIEM4IiwidGVtcGxhdGUiOiJoaWdod2F5IiwiYmxvZ19pZCI6MTExMDE2NDYxfQ.E8oGOs02pxCGxA8ferCBY7iIPqadOR7goQ0tmwguj1EMQ"},"version":2},"_wpas_customize_per_network":false},"categories":[68],"tags":[],"class_list":["post-33321","post","type-post","status-publish","format-standard","has-post-thumbnail","hentry","category-actu-culturelle"],"jetpack_publicize_connections":[],"jetpack_featured_media_url":"https:\/\/i0.wp.com\/www.iceagetv.com\/radiosite\/wp-content\/uploads\/2025\/02\/maxresdefault.jpg?fit=1280%2C720&ssl=1","jetpack_sharing_enabled":true,"_links":{"self":[{"href":"https:\/\/www.iceagetv.com\/radiosite\/wp-json\/wp\/v2\/posts\/33321","targetHints":{"allow":["GET"]}}],"collection":[{"href":"https:\/\/www.iceagetv.com\/radiosite\/wp-json\/wp\/v2\/posts"}],"about":[{"href":"https:\/\/www.iceagetv.com\/radiosite\/wp-json\/wp\/v2\/types\/post"}],"author":[{"embeddable":true,"href":"https:\/\/www.iceagetv.com\/radiosite\/wp-json\/wp\/v2\/users\/2"}],"replies":[{"embeddable":true,"href":"https:\/\/www.iceagetv.com\/radiosite\/wp-json\/wp\/v2\/comments?post=33321"}],"version-history":[{"count":1,"href":"https:\/\/www.iceagetv.com\/radiosite\/wp-json\/wp\/v2\/posts\/33321\/revisions"}],"predecessor-version":[{"id":33323,"href":"https:\/\/www.iceagetv.com\/radiosite\/wp-json\/wp\/v2\/posts\/33321\/revisions\/33323"}],"wp:featuredmedia":[{"embeddable":true,"href":"https:\/\/www.iceagetv.com\/radiosite\/wp-json\/wp\/v2\/media\/33322"}],"wp:attachment":[{"href":"https:\/\/www.iceagetv.com\/radiosite\/wp-json\/wp\/v2\/media?parent=33321"}],"wp:term":[{"taxonomy":"category","embeddable":true,"href":"https:\/\/www.iceagetv.com\/radiosite\/wp-json\/wp\/v2\/categories?post=33321"},{"taxonomy":"post_tag","embeddable":true,"href":"https:\/\/www.iceagetv.com\/radiosite\/wp-json\/wp\/v2\/tags?post=33321"}],"curies":[{"name":"wp","href":"https:\/\/api.w.org\/{rel}","templated":true}]}}