{"id":33325,"date":"2025-02-19T15:12:49","date_gmt":"2025-02-19T14:12:49","guid":{"rendered":"https:\/\/www.iceagetv.com\/radiosite\/?p=33325"},"modified":"2025-02-19T15:12:54","modified_gmt":"2025-02-19T14:12:54","slug":"richard-ferrand-decroche-la-presidence-du-conseil-constitutionnel-a-une-voix-pres","status":"publish","type":"post","link":"https:\/\/www.iceagetv.com\/radiosite\/richard-ferrand-decroche-la-presidence-du-conseil-constitutionnel-a-une-voix-pres\/","title":{"rendered":"Richard Ferrand d\u00e9croche la pr\u00e9sidence du Conseil constitutionnel&#8230; \u00e0 une voix pr\u00e8s"},"content":{"rendered":"\n<p class=\"\">Le scrutin d\u00e9cisif s\u2019est finalement r\u00e9v\u00e9l\u00e9 positif pour&nbsp;<a href=\"https:\/\/actu.fr\/politique\/emmanuel-macron-veut-richard-ferrand-comme-futur-president-du-conseil-constitutionnel-mais-ce-n-est-pas-gagne_62235725.html\">Richard Ferrand<\/a>\u2026 et Emmanuel Macron. L\u2019ancien pr\u00e9sident de l\u2019Assembl\u00e9e nationale a d\u00e9croch\u00e9 la pr\u00e9sidence du Conseil constitutionnel ce mercredi 19 f\u00e9vrier 2025.<\/p>\n\n\n\n<p class=\"\">Muriel Jourda, pr\u00e9sidente LR de la commission des Lois du S\u00e9nat, a fait savoir que cela s\u2019\u00e9tait jou\u00e9<strong>&nbsp;\u00e0 une voix pr\u00e8s<\/strong>.<\/p>\n\n\n\n<p class=\"\">Avant qu\u2019il ne prenne la parole \u00e0 l\u2019Assembl\u00e9e nationale et au S\u00e9nat, l\u2019issue du vote \u00e9tait particuli\u00e8rement ind\u00e9cise, en raison notamment de la d\u00e9cision des d\u00e9put\u00e9s LR de voter contre cette nomination.&nbsp;<strong>Mais les d\u00e9put\u00e9s RN, ainsi que leurs coll\u00e8gues du groupe d\u2019\u00c9ric Ciotti, ont d\u00e9sserr\u00e9 l\u2019\u00e9tau autour du fid\u00e8le macroniste<\/strong>, en faisant savoir \u00e0 l\u2019issue de l\u2019audition qu\u2019ils ne prendraient pas part au vote.<\/p>\n\n\n\n<p class=\"\">Pour barrer la route \u00e0 l\u2019ancien pr\u00e9sident de l\u2019Assembl\u00e9e, il aurait fallu que trois cinqui\u00e8mes des suffrages exprim\u00e9s dans les commissions des Lois de l\u2019Assembl\u00e9e et du S\u00e9nat s\u2019opposent \u00e0 sa nominationRichard Ferrand s\u2019est d\u00e9fendu<\/p>\n\n\n\n<p class=\"\">\u00ab\u00a0<strong>J\u2019ai toujours \u00e9t\u00e9 et je reste un homme libre<\/strong>\u00ab\u00a0. Fragile candidat \u00e0 la pr\u00e9sidence du Conseil constitutionnel, Richard Ferrand a r\u00e9pondu ce mercredi 19 f\u00e9vrier 2025 au feu roulant des questions des membres de la commission des lois de l\u2019Assembl\u00e9e, levant l\u2019opposition du Rassemblement national qui a d\u00e9cid\u00e9 de s\u2019abstenir.&nbsp;Je ne suis&nbsp;<strong>pas un professionnel du droit<\/strong>, c\u2019est&nbsp;vrai, mais comme vous un serviteur de la R\u00e9publique&nbsp;\u00bb, a d\u00e9clar\u00e9 dans son propos introductif l\u2019ancien d\u00e9put\u00e9 socialiste puis macroniste (2012-2022).<\/p>\n\n\n\n<p class=\"\">Et pour r\u00e9pondre d\u2019embl\u00e9e aux&nbsp;<strong>critiques concernant sa proximit\u00e9 avec Emmanuel Macron<\/strong>, qu\u2019il a aid\u00e9 \u00e0 entrer \u00e0 l\u2019Elys\u00e9e, M. Ferrand a assur\u00e9 avoir \u00ab&nbsp;toujours \u00e9t\u00e9 (\u2026) un homme libre&nbsp;\u00bb. \u00ab&nbsp;L\u2019ind\u00e9pendance d\u2019esprit est ma nature et ma culture&nbsp;\u00bb, a-t-il insist\u00e9.&nbsp;<\/p>\n\n\n\n<h2 class=\"wp-block-heading\">Un troisi\u00e8me mandat d\u2019Emmanuel Macron ? \u00ab&nbsp;Cela n\u2019a jamais \u00e9t\u00e9 ma pens\u00e9e&nbsp;\u00bb<\/h2>\n\n\n\n<p class=\"\">Sans surprise, la pr\u00e9sidente du groupe LFI, Mathilde Panot, a vilipend\u00e9 dans cette candidature, un \u00ab&nbsp;caprice supr\u00eame&nbsp;\u00bb du Pr\u00e9sident, \u00ab&nbsp;un choix de confort&nbsp;\u00bb.<\/p>\n\n\n\n<p class=\"\">\u00ab&nbsp;Nous nous opposons \u00e0 votre nomination comme \u00e0 Emmanuel Macron, qui ne saurait en aucun cas pr\u00e9tendre, comme vous le sugg\u00e9rez, \u00e0 un troisi\u00e8me mandat&nbsp;\u00bb, lui a-t-elle lanc\u00e9, dans une allusion \u00e0 une interview de Richard Ferrand o\u00f9 il avait dit regretter \u00ab&nbsp;\u00e0 titre personnel&nbsp;\u00bb la limitation du mandat pr\u00e9sidentiel dans le temps.<\/p>\n\n\n\n<p class=\"\">\u00ab&nbsp;Je connais l\u2019article six de notre constitution et naturellement, il s\u2019appliquera au Pr\u00e9sident actuel comme il s\u2019appliquera \u00e0 d\u2019autres&nbsp;\u00bb, a-t-il assur\u00e9. Un troisi\u00e8me mandat cons\u00e9cutif pour Emmanuel Macron, cela \u00ab&nbsp;n\u2019a jamais \u00e9t\u00e9 ma pens\u00e9e, ni mon d\u00e9sir&nbsp;\u00bb, a-t-il assur\u00e9, lui assurant ne pas avoir une \u00ab&nbsp;\u00e2me de valet&nbsp;\u00bb.<\/p>\n\n\n\n<p class=\"\"><em>Avec AFP.<\/em><\/p>\n","protected":false},"excerpt":{"rendered":"<p>Le scrutin d\u00e9cisif s\u2019est finalement r\u00e9v\u00e9l\u00e9 positif pour&nbsp;Richard Ferrand\u2026 et Emmanuel Macron. L\u2019ancien pr\u00e9sident de l\u2019Assembl\u00e9e nationale a d\u00e9croch\u00e9 la pr\u00e9sidence du Conseil constitutionnel ce mercredi 19 f\u00e9vrier 2025. Muriel Jourda, pr\u00e9sidente LR de la commission des Lois du S\u00e9nat, a fait savoir que cela s\u2019\u00e9tait jou\u00e9&nbsp;\u00e0 une voix pr\u00e8s. Avant qu\u2019il ne prenne la [&hellip;]<\/p>\n","protected":false},"author":2,"featured_media":33326,"comment_status":"open","ping_status":"open","sticky":false,"template":"","format":"standard","meta":{"_jetpack_memberships_contains_paid_content":false,"footnotes":"","jetpack_publicize_message":"","jetpack_publicize_feature_enabled":true,"jetpack_social_post_already_shared":true,"jetpack_social_options":{"image_generator_settings":{"template":"highway","enabled":true,"token":"eyJpbWciOiJodHRwczpcL1wvd3d3LmljZWFnZXR2LmNvbVwvcmFkaW9zaXRlXC93cC1jb250ZW50XC91cGxvYWRzXC8yMDI1XC8wMlwvcGhvdG8tYzZlM2NhNWQtMTIzMi0zZmJlLTlhYWUtM2Q4YzRjYjRlNjMwLTk2MHg2NDAtMS5qcGVnIiwidHh0IjoiUmljaGFyZCBGZXJyYW5kIGRcdTAwZTljcm9jaGUgbGEgcHJcdTAwZTlzaWRlbmNlIGR1IENvbnNlaWwgY29uc3RpdHV0aW9ubmVsJiM4MjMwOyBcdTAwZTAgdW5lIHZvaXggcHJcdTAwZThzIiwidGVtcGxhdGUiOiJoaWdod2F5IiwiYmxvZ19pZCI6MTExMDE2NDYxfQ.HNQ7bpy5i7dkPnmOQgoKzL0tykvOfwVguPJFQ9nkQl8MQ"},"version":2},"_wpas_customize_per_network":false},"categories":[405],"tags":[],"class_list":["post-33325","post","type-post","status-publish","format-standard","has-post-thumbnail","hentry","category-actu-france-monde"],"jetpack_publicize_connections":[],"jetpack_featured_media_url":"https:\/\/i0.wp.com\/www.iceagetv.com\/radiosite\/wp-content\/uploads\/2025\/02\/photo-c6e3ca5d-1232-3fbe-9aae-3d8c4cb4e630-960x640-1.jpeg?fit=960%2C640&ssl=1","jetpack_sharing_enabled":true,"_links":{"self":[{"href":"https:\/\/www.iceagetv.com\/radiosite\/wp-json\/wp\/v2\/posts\/33325","targetHints":{"allow":["GET"]}}],"collection":[{"href":"https:\/\/www.iceagetv.com\/radiosite\/wp-json\/wp\/v2\/posts"}],"about":[{"href":"https:\/\/www.iceagetv.com\/radiosite\/wp-json\/wp\/v2\/types\/post"}],"author":[{"embeddable":true,"href":"https:\/\/www.iceagetv.com\/radiosite\/wp-json\/wp\/v2\/users\/2"}],"replies":[{"embeddable":true,"href":"https:\/\/www.iceagetv.com\/radiosite\/wp-json\/wp\/v2\/comments?post=33325"}],"version-history":[{"count":1,"href":"https:\/\/www.iceagetv.com\/radiosite\/wp-json\/wp\/v2\/posts\/33325\/revisions"}],"predecessor-version":[{"id":33327,"href":"https:\/\/www.iceagetv.com\/radiosite\/wp-json\/wp\/v2\/posts\/33325\/revisions\/33327"}],"wp:featuredmedia":[{"embeddable":true,"href":"https:\/\/www.iceagetv.com\/radiosite\/wp-json\/wp\/v2\/media\/33326"}],"wp:attachment":[{"href":"https:\/\/www.iceagetv.com\/radiosite\/wp-json\/wp\/v2\/media?parent=33325"}],"wp:term":[{"taxonomy":"category","embeddable":true,"href":"https:\/\/www.iceagetv.com\/radiosite\/wp-json\/wp\/v2\/categories?post=33325"},{"taxonomy":"post_tag","embeddable":true,"href":"https:\/\/www.iceagetv.com\/radiosite\/wp-json\/wp\/v2\/tags?post=33325"}],"curies":[{"name":"wp","href":"https:\/\/api.w.org\/{rel}","templated":true}]}}