{"id":33344,"date":"2025-02-20T11:15:24","date_gmt":"2025-02-20T10:15:24","guid":{"rendered":"https:\/\/www.iceagetv.com\/radiosite\/?p=33344"},"modified":"2025-02-20T11:15:29","modified_gmt":"2025-02-20T10:15:29","slug":"le-deficit-du-systeme-des-retraites-atteindra-pres-de-15-milliards-en-2035-30-milliards-en-2045-selon-la-cour-des-comptes","status":"publish","type":"post","link":"https:\/\/www.iceagetv.com\/radiosite\/le-deficit-du-systeme-des-retraites-atteindra-pres-de-15-milliards-en-2035-30-milliards-en-2045-selon-la-cour-des-comptes\/","title":{"rendered":"Le d\u00e9ficit du syst\u00e8me des retraites atteindra pr\u00e8s de 15\u00a0milliards en 2035, 30\u00a0milliards en 2045, selon la Cour des comptes"},"content":{"rendered":"\n<p class=\"\">Le d\u00e9ficit du syst\u00e8me des retraites atteindra pr\u00e8s de 15\u00a0milliards d&rsquo;euros en 2035, estime la Cour des comptes dans un rapport command\u00e9 par Matignon et remis jeudi 20 f\u00e9vrier \u00e0 Fran\u00e7ois Bayrou. Elle pr\u00e9voit un d\u00e9ficit autour de 6,6\u00a0milliards d\u00e8s cette ann\u00e9e, mais stable jusqu&rsquo;en 2030, avant une d\u00e9gradation continue qui atteindra environ 30\u00a0milliards d&rsquo;euros en 2045. Pass\u00e9 cette date, les incertitudes sont trop nombreuses pour obtenir une projection fiable, explique la Cour.es chiffres sont donc relativement proches des pr\u00e9dictions du Conseil d&rsquo;orientation des retraites, lesquelles s&rsquo;\u00e9l\u00e8vent \u00e0 6,1&nbsp;milliards en 2024, puis entre 10 et 15 milliards en 2030. Le 14 janvier 2025, pendant son discours de politique g\u00e9n\u00e9rale,&nbsp;<a href=\"https:\/\/www.francetvinfo.fr\/replay-radio\/le-decryptage-eco\/francois-bayrou-relance-le-debat-autour-du-chiffrage-des-retraites_6987470.html\">le Premier ministre avait lui parl\u00e9 de 45 \u00e0 55 milliards<\/a>&nbsp;d&rsquo;euros de d\u00e9ficit.<\/p>\n\n\n\n<h2 class=\"wp-block-heading\">Le recul de l&rsquo;\u00e2ge, un b\u00e9n\u00e9fice \u00e0 court terme seulement<\/h2>\n\n\n\n<p class=\"\">La Cour des comptes \u00e9value \u00e9galement les effets de la r\u00e9forme des retraites vot\u00e9e en 2023. Elle estime que le recul de deux ans de l&rsquo;\u00e2ge l\u00e9gal rapportera 10&nbsp;milliards d&rsquo;euros \u00e0 l&rsquo;horizon 2030, avec&nbsp;<em>\u00ab\u00a0un effet maximal\u00a0\u00bb&nbsp;<\/em>en 2032. Toutefois, l&rsquo;effet de la r\u00e9forme sera&nbsp;<em>\u00ab\u00a0amoindri\u00a0\u00bb&nbsp;<\/em>apr\u00e8s 2040, et les b\u00e9n\u00e9fices pour l&rsquo;\u00e9quilibre financier du syst\u00e8me de retraites&nbsp;<em>\u00ab\u00a0se r\u00e9duiront avec le temps\u00a0\u00bb<\/em>, pr\u00e9vient la Cour. Elle cite comme raison de cet amoindrissement, notamment, l&rsquo;augmentation de l&rsquo;esp\u00e9rance de vie et donc du temps pass\u00e9 \u00e0 la retraite des personnes n\u00e9es apr\u00e8s 1970.<\/p>\n\n\n\n<p class=\"\">Le rapport \u00e9tudie enfin les effets d&rsquo;une nouvelle modification d&rsquo;un an de l&rsquo;\u00e2ge l\u00e9gal de d\u00e9part \u00e0 la retraite. Elle conclut qu&rsquo;une telle mesure aurait un impact important \u00e0 court terme mais relativement limit\u00e9 \u00e0 moyen terme. Au contraire, une variation d&rsquo;un an de la dur\u00e9e de cotisation a un effet moins important \u00e0 court terme, mais&nbsp;<em>\u00ab\u00a0s&rsquo;accro\u00eet avec le temps\u00a0\u00bb,<\/em>&nbsp;assure la Cour.<\/p>\n","protected":false},"excerpt":{"rendered":"<p>Le d\u00e9ficit du syst\u00e8me des retraites atteindra pr\u00e8s de 15\u00a0milliards d&rsquo;euros en 2035, estime la Cour des comptes dans un rapport command\u00e9 par Matignon et remis jeudi 20 f\u00e9vrier \u00e0 Fran\u00e7ois Bayrou. Elle pr\u00e9voit un d\u00e9ficit autour de 6,6\u00a0milliards d\u00e8s cette ann\u00e9e, mais stable jusqu&rsquo;en 2030, avant une d\u00e9gradation continue qui atteindra environ 30\u00a0milliards d&rsquo;euros [&hellip;]<\/p>\n","protected":false},"author":2,"featured_media":33345,"comment_status":"open","ping_status":"open","sticky":false,"template":"","format":"standard","meta":{"_jetpack_memberships_contains_paid_content":false,"footnotes":"","jetpack_publicize_message":"","jetpack_publicize_feature_enabled":true,"jetpack_social_post_already_shared":true,"jetpack_social_options":{"image_generator_settings":{"template":"highway","enabled":true,"token":"eyJpbWciOiJodHRwczpcL1wvd3d3LmljZWFnZXR2LmNvbVwvcmFkaW9zaXRlXC93cC1jb250ZW50XC91cGxvYWRzXC8yMDI1XC8wMlwvTGUtZGVmaWNpdC1kdS1zeXN0ZW1lLWRlcy1yZXRyYWl0ZXMtYXR0ZWluZHJhLXByZXMtZGUtMTUtbWlsbGlhcmRzLWVuLTIwMzUtMzAtbWlsbGlhcmRzLWVuLTIwNDUtc2Vsb24tbGEtQ291ci1kZXMtY29tcHRlcy5qcGciLCJ0eHQiOiJMZSBkXHUwMGU5ZmljaXQgZHUgc3lzdFx1MDBlOG1lIGRlcyByZXRyYWl0ZXMgYXR0ZWluZHJhIHByXHUwMGU4cyBkZSAxNVx1MDBhMG1pbGxpYXJkcyBlbiAyMDM1LCAzMFx1MDBhMG1pbGxpYXJkcyBlbiAyMDQ1LCBzZWxvbiBsYSBDb3VyIGRlcyBjb21wdGVzIiwidGVtcGxhdGUiOiJoaWdod2F5IiwiYmxvZ19pZCI6MTExMDE2NDYxfQ.jOM5WdDEPMzPsPYJ4cZnaQb11eDNLZ8tJ4n3Dbt-AxsMQ"},"version":2},"_wpas_customize_per_network":false},"categories":[405],"tags":[],"class_list":["post-33344","post","type-post","status-publish","format-standard","has-post-thumbnail","hentry","category-actu-france-monde"],"jetpack_publicize_connections":[],"jetpack_featured_media_url":"https:\/\/i0.wp.com\/www.iceagetv.com\/radiosite\/wp-content\/uploads\/2025\/02\/Le-deficit-du-systeme-des-retraites-atteindra-pres-de-15-milliards-en-2035-30-milliards-en-2045-selon-la-Cour-des-comptes.jpg?fit=707%2C499&ssl=1","jetpack_sharing_enabled":true,"_links":{"self":[{"href":"https:\/\/www.iceagetv.com\/radiosite\/wp-json\/wp\/v2\/posts\/33344","targetHints":{"allow":["GET"]}}],"collection":[{"href":"https:\/\/www.iceagetv.com\/radiosite\/wp-json\/wp\/v2\/posts"}],"about":[{"href":"https:\/\/www.iceagetv.com\/radiosite\/wp-json\/wp\/v2\/types\/post"}],"author":[{"embeddable":true,"href":"https:\/\/www.iceagetv.com\/radiosite\/wp-json\/wp\/v2\/users\/2"}],"replies":[{"embeddable":true,"href":"https:\/\/www.iceagetv.com\/radiosite\/wp-json\/wp\/v2\/comments?post=33344"}],"version-history":[{"count":1,"href":"https:\/\/www.iceagetv.com\/radiosite\/wp-json\/wp\/v2\/posts\/33344\/revisions"}],"predecessor-version":[{"id":33346,"href":"https:\/\/www.iceagetv.com\/radiosite\/wp-json\/wp\/v2\/posts\/33344\/revisions\/33346"}],"wp:featuredmedia":[{"embeddable":true,"href":"https:\/\/www.iceagetv.com\/radiosite\/wp-json\/wp\/v2\/media\/33345"}],"wp:attachment":[{"href":"https:\/\/www.iceagetv.com\/radiosite\/wp-json\/wp\/v2\/media?parent=33344"}],"wp:term":[{"taxonomy":"category","embeddable":true,"href":"https:\/\/www.iceagetv.com\/radiosite\/wp-json\/wp\/v2\/categories?post=33344"},{"taxonomy":"post_tag","embeddable":true,"href":"https:\/\/www.iceagetv.com\/radiosite\/wp-json\/wp\/v2\/tags?post=33344"}],"curies":[{"name":"wp","href":"https:\/\/api.w.org\/{rel}","templated":true}]}}