{"id":33354,"date":"2025-02-20T13:02:59","date_gmt":"2025-02-20T12:02:59","guid":{"rendered":"https:\/\/www.iceagetv.com\/radiosite\/?p=33354"},"modified":"2025-02-20T13:03:03","modified_gmt":"2025-02-20T12:03:03","slug":"meurtre-de-la-jeune-louise-ses-parents-prennent-la-parole-pour-la-premiere-fois-dans-une-lettre-bouleversante-on-nous-a-arrache-notre-fille-notre-petite-princesse-son-absence-nous-dechire-les-c","status":"publish","type":"post","link":"https:\/\/www.iceagetv.com\/radiosite\/meurtre-de-la-jeune-louise-ses-parents-prennent-la-parole-pour-la-premiere-fois-dans-une-lettre-bouleversante-on-nous-a-arrache-notre-fille-notre-petite-princesse-son-absence-nous-dechire-les-c\/","title":{"rendered":"Meurtre de la jeune Louise &#8211; Ses parents prennent la parole pour la premi\u00e8re fois dans une lettre bouleversante: \u00ab\u00a0On nous a arrach\u00e9 notre fille, notre petite princesse. Son absence nous d\u00e9chire les c\u0153urs\u00a0\u00bb"},"content":{"rendered":"\n<p class=\"\">Pr\u00e8s de deux semaines apr\u00e8s la d\u00e9couverte du corps de la jeune Louise, 11 ans, dans un for\u00eat de l&rsquo;Essonne, ses parents ont pris pour la premi\u00e8re fois la parole \u00e0 travers une lettre transmise par leur avocate.<\/p>\n\n\n\n<p class=\"\">\u00ab\u00a0Vendredi 7 f\u00e9vrier 2025 est une date qui marque au fer rouge nos chairs et nos c\u0153urs. On nous a arrach\u00e9 notre fille, notre petite princesse. Nous avons v\u00e9cu et vivons la pire trag\u00e9die que peuvent vivre tous les parents, la perte de son enfant ch\u00e9rie. C\u2019est une souffrance et une peine indescriptibles et impensables jusqu\u2019\u00e0 ce que cela vous frappe\u00a0\u00bb, d\u00e9bute la lettre bouleversante.<\/p>\n\n\n\n<p class=\"\">Le principal suspect dans la mort de la petite Louise, Owen L., a \u00e9t\u00e9 mis en examen le 12 f\u00e9vrier dernier pour homicide sur mineur de moins de 15 ans. Le jeune homme de 23 ans avait reconnu avoir tu\u00e9 la jeune fille \u00e2g\u00e9e de 11 ans.<\/p>\n\n\n\n<p class=\"\">.<\/p>\n\n\n\n<p class=\"\"><strong>Voici la lettre des parents de Louise<\/strong><\/p>\n\n\n\n<p class=\"\">.<\/p>\n\n\n\n<p class=\"\">Vendredi 7 f\u00e9vrier 2025 est une date qui marque au fer rouge nos chairs et nos c\u0153urs. On nous a arrach\u00e9 notre fille, notre petite princesse. Nous avons v\u00e9cu et vivons la pire trag\u00e9die que peuvent vivre tous les parents, la perte de son enfant ch\u00e9rie. C\u2019est une souffrance et une peine indescriptibles et impensables jusqu\u2019\u00e0 ce que cela vous frappe.<\/p>\n\n\n\n<p class=\"\">Notre Louise, notre amour, nous a \u00e9t\u00e9 vol\u00e9e. Elle qui n\u2019\u00e9tait que tendresse et amour, ne sera plus jamais aupr\u00e8s de nous. Alors qu\u2019elle \u00e9tait un cadeau de la vie, ce cadeau ne sera plus que des souvenirs, certes de magnifiques souvenirs, mais que des souvenirs. C\u2019est trop court, trop dur.<\/p>\n\n\n\n<p class=\"\">Louise est notre petite fille ador\u00e9e mais il faut maintenant utiliser les temps du pass\u00e9. C\u2019est symboliquement difficile. Comme tous les parents nous ne sommes pas objectifs mais Louise \u00e9tait un vrai tr\u00e9sor. Elle \u00e9tait belle, douce et attentionn\u00e9e. Elle aimait la vie, les animaux, ses peluches. Elle avait une passion pour Stitch, Harry Potter et tout ce qui est kawa\u00ef.<\/p>\n\n\n\n<p class=\"\">Elle adorait les arts et dessinait ou fabriquait des \u00ab&nbsp;\u0153uvres&nbsp;\u00bb plastiques pour elle et pour les autres. Petite fille discr\u00e8te, elle s\u2019\u00e9tait progressivement ouverte en pratiquant la gymnastique et se faisant des copines ce qui \u00e9tait pr\u00e9cieux pour elle. Son arriv\u00e9e au coll\u00e8ge \u00e9tait une \u00e9tape importante, elle voulait s\u2019investir dans cette mini-communaut\u00e9 qu\u2019est le coll\u00e8ge en s\u2019inscrivant \u00e0 la chorale et au conseil de vie coll\u00e9gien.<\/p>\n\n\n\n<p class=\"\">C\u2019\u00e9tait une adorable et gentille petite fille mais on nous l\u2019a \u00f4t\u00e9e. Depuis sa disparition, son absence nous d\u00e9chire les c\u0153urs. Nos enfants et nous nous sommes resserr\u00e9s pour tenter d\u2019affronter ce traumatisme. Nous avons eu et avons besoin de nous isoler de cr\u00e9er notre bulle d\u2019intimit\u00e9.<\/p>\n\n\n\n<p class=\"\">C\u2019est ce qui nous permet de nous reconstruire ensemble sans elle mais toujours avec elle. Elle inonde nos pens\u00e9es d\u2019amour, c\u2019est encore douloureux mais cela nous fait \u00e9galement du bien. Dans cette terrible \u00e9preuve, malgr\u00e9 notre isolement, nous sommes \u00e9norm\u00e9ment soutenus.<\/p>\n\n\n\n<p class=\"\">En premier lieu, notre famille et nos proches, alors qu\u2019ils souffrent \u00e9galement de la perte de leur petite-fille, ni\u00e8ce, cousine\u2026 ils nous entourent, prennent soin de nous. Ils nous aiment et nous les aimons. Nos amis et connaissances de tous milieux, professionnel, associatif, de voisinage, nous ont manifest\u00e9 toute leur affection. Nous n\u2019avons pas \u00e9t\u00e9 en capacit\u00e9 de r\u00e9pondre \u00e0 l\u2019ensemble des messages mais nous les avons tous lus.<\/p>\n\n\n\n<p class=\"\">Dans ce tourbillon de peines, cela nous touche et nous apaise. Durant les recherches, l\u2019enqu\u00eate et la pr\u00e9paration des obs\u00e8ques, nous avons pu b\u00e9n\u00e9ficier de toute la bienveillance, la pr\u00e9venance et l\u2019investissement de la police, des forces de l\u2019ordre, des mairies de Longjumeau et d\u2019Epinay sur Orge et de tous services de l\u2019Etat.<\/p>\n\n\n\n<p class=\"\">Nous les remercions sinc\u00e8rement. Sans leur accompagnement, leur protection et leur d\u00e9vouement, nous aurions sans doute \u00e9t\u00e9 perdus et n\u2019aurions pas pu organiser l\u2019inhumation de notre princesse comme nous le souhaitions. Enfin, nous avons pu observer d\u00e8s la disparition de notre fille un v\u00e9ritable \u00e9lan de solidarit\u00e9 de partout en France.<\/p>\n\n\n\n<p class=\"\">L\u2019information de recherche a \u00e9t\u00e9 relay\u00e9e tr\u00e8s vite sur tout le territoire. Des battues se sont organis\u00e9es spontan\u00e9ment en parall\u00e8le du travail de police. Une fois l\u2019annonce de la d\u00e9couverte du corps sans vie de notre Louise, une vague de compassion et d\u2019empathie s\u2019est manifest\u00e9e dans diff\u00e9rents lieux.<\/p>\n\n\n\n<p class=\"\">Des centaines de messages pour Louise nous sont parvenus de ses camarades, de leurs parents, de personnes qui l\u2019ont crois\u00e9e ou non, par courriers, par les lieux de recueillement ou autres.<\/p>\n\n\n\n<p class=\"\">Tous vos mots n\u2019\u00e9taient que bienveillance et humanit\u00e9 envers elle et nous. Nous vous en remercions profond\u00e9ment. Sans le savoir, vous nous avez communiqu\u00e9 le plus bel hommage en sa m\u00e9moire&nbsp;: celui du vivre ensemble. Elle \u00e9tait tourn\u00e9e vers les autres. Elle \u00e9tait g\u00e9n\u00e9reuse. Cela correspond \u00e0 ses valeurs. Encore une fois, merci.<\/p>\n\n\n\n<p class=\"\">Les parents de Louise.<\/p>\n","protected":false},"excerpt":{"rendered":"<p>Pr\u00e8s de deux semaines apr\u00e8s la d\u00e9couverte du corps de la jeune Louise, 11 ans, dans un for\u00eat de l&rsquo;Essonne, ses parents ont pris pour la premi\u00e8re fois la parole \u00e0 travers une lettre transmise par leur avocate. \u00ab\u00a0Vendredi 7 f\u00e9vrier 2025 est une date qui marque au fer rouge nos chairs et nos c\u0153urs. [&hellip;]<\/p>\n","protected":false},"author":2,"featured_media":33355,"comment_status":"open","ping_status":"open","sticky":false,"template":"","format":"standard","meta":{"_jetpack_memberships_contains_paid_content":false,"footnotes":"","jetpack_publicize_message":"","jetpack_publicize_feature_enabled":true,"jetpack_social_post_already_shared":true,"jetpack_social_options":{"image_generator_settings":{"template":"highway","enabled":true,"token":"eyJpbWciOiJodHRwczpcL1wvd3d3LmljZWFnZXR2LmNvbVwvcmFkaW9zaXRlXC93cC1jb250ZW50XC91cGxvYWRzXC8yMDI1XC8wMlwvRmJJOFJheEguanBnIiwidHh0IjoiTWV1cnRyZSBkZSBsYSBqZXVuZSBMb3Vpc2UgJiM4MjExOyBTZXMgcGFyZW50cyBwcmVubmVudCBsYSBwYXJvbGUgcG91ciBsYSBwcmVtaVx1MDBlOHJlIGZvaXMgZGFucyB1bmUgbGV0dHJlIGJvdWxldmVyc2FudGU6ICYjODIyMDtPbiBub3VzIGEgYXJyYWNoXHUwMGU5IG5vdHJlIGZpbGxlLCBub3RyZSBwZXRpdGUgcHJpbmNlc3NlLiBTb24gYWJzZW5jZSBub3VzIGRcdTAwZTljaGlyZSBsZXMgY1x1MDE1M3VycyYjODIyMTsiLCJ0ZW1wbGF0ZSI6ImhpZ2h3YXkiLCJibG9nX2lkIjoxMTEwMTY0NjF9.D6mXw3jPGdeTn0sCxuTNI_eC286egz1OE0w0kfF_JyoMQ"},"version":2},"_wpas_customize_per_network":false},"categories":[405],"tags":[],"class_list":["post-33354","post","type-post","status-publish","format-standard","has-post-thumbnail","hentry","category-actu-france-monde"],"jetpack_publicize_connections":[],"jetpack_featured_media_url":"https:\/\/i0.wp.com\/www.iceagetv.com\/radiosite\/wp-content\/uploads\/2025\/02\/FbI8RaxH.jpg?fit=679%2C293&ssl=1","jetpack_sharing_enabled":true,"_links":{"self":[{"href":"https:\/\/www.iceagetv.com\/radiosite\/wp-json\/wp\/v2\/posts\/33354","targetHints":{"allow":["GET"]}}],"collection":[{"href":"https:\/\/www.iceagetv.com\/radiosite\/wp-json\/wp\/v2\/posts"}],"about":[{"href":"https:\/\/www.iceagetv.com\/radiosite\/wp-json\/wp\/v2\/types\/post"}],"author":[{"embeddable":true,"href":"https:\/\/www.iceagetv.com\/radiosite\/wp-json\/wp\/v2\/users\/2"}],"replies":[{"embeddable":true,"href":"https:\/\/www.iceagetv.com\/radiosite\/wp-json\/wp\/v2\/comments?post=33354"}],"version-history":[{"count":1,"href":"https:\/\/www.iceagetv.com\/radiosite\/wp-json\/wp\/v2\/posts\/33354\/revisions"}],"predecessor-version":[{"id":33356,"href":"https:\/\/www.iceagetv.com\/radiosite\/wp-json\/wp\/v2\/posts\/33354\/revisions\/33356"}],"wp:featuredmedia":[{"embeddable":true,"href":"https:\/\/www.iceagetv.com\/radiosite\/wp-json\/wp\/v2\/media\/33355"}],"wp:attachment":[{"href":"https:\/\/www.iceagetv.com\/radiosite\/wp-json\/wp\/v2\/media?parent=33354"}],"wp:term":[{"taxonomy":"category","embeddable":true,"href":"https:\/\/www.iceagetv.com\/radiosite\/wp-json\/wp\/v2\/categories?post=33354"},{"taxonomy":"post_tag","embeddable":true,"href":"https:\/\/www.iceagetv.com\/radiosite\/wp-json\/wp\/v2\/tags?post=33354"}],"curies":[{"name":"wp","href":"https:\/\/api.w.org\/{rel}","templated":true}]}}