{"id":33357,"date":"2025-02-20T18:58:28","date_gmt":"2025-02-20T17:58:28","guid":{"rendered":"https:\/\/www.iceagetv.com\/radiosite\/?p=33357"},"modified":"2025-02-20T18:58:32","modified_gmt":"2025-02-20T17:58:32","slug":"tf1-le-redacteur-en-chef-du-jt-de-gilles-bouleau-suspendu-apres-un-incident","status":"publish","type":"post","link":"https:\/\/www.iceagetv.com\/radiosite\/tf1-le-redacteur-en-chef-du-jt-de-gilles-bouleau-suspendu-apres-un-incident\/","title":{"rendered":"TF1 : le r\u00e9dacteur en chef du JT de Gilles Bouleau suspendu apr\u00e8s un \u00ab\u00a0incident\u00a0\u00bb"},"content":{"rendered":"\n<p class=\"\">Le m\u00e9dia L&rsquo;Inform\u00e9 r\u00e9v\u00e8le la mise \u00e0 l&rsquo;\u00e9cart du r\u00e9dacteur en chef du JT de la Une apr\u00e8s un incident survenu lors d&rsquo;une soir\u00e9e festive.Le r\u00e9dacteur en chef du 20H de&nbsp;<em>TF1<\/em>&nbsp;a \u00e9t\u00e9 mis en retrait le temps d\u2019une enqu\u00eate interne, a-t-on appris ce jeudi 20 f\u00e9vrier 2025 de source proche du dossier, confirmant une information du m\u00e9dia&nbsp;<em>L\u2019Inform\u00e9<\/em>&nbsp;qui \u00e9voque \u00ab&nbsp;un incident survenu lors d\u2019une soir\u00e9e festive&nbsp;\u00bb entre coll\u00e8gues.<\/p>\n\n\n\n<p class=\"\">Sollicit\u00e9 par\u00a0<em>l\u2019AFP<\/em>,\u00a0<em>TF1<\/em>\u00a0n\u2019a pas souhait\u00e9 commenter.Un \u00ab&nbsp;incident survenu lors d\u2019une soir\u00e9e festive&nbsp;\u00bb<\/p>\n\n\n\n<p class=\"\">Selon&nbsp;<a href=\"https:\/\/www.linforme.com\/medias-culture\/article\/le-redacteur-en-chef-du-20h-de-tf1-suspendu-de-ses-fonctions_2578.html\"><em>L\u2019Inform\u00e9<\/em><\/a>, ce r\u00e9dacteur en chef a \u00e9t\u00e9 \u00e9cart\u00e9 par la direction \u00e0 la suite d\u2019un<strong>&nbsp;\u00ab&nbsp;incident survenu lors d\u2019une soir\u00e9e festive<\/strong>&nbsp;r\u00e9unissant plusieurs de ses coll\u00e8gues il y a une dizaine de jours, hors des locaux de&nbsp;<em>TF1<\/em>\u00ab&nbsp;.&nbsp;<\/p>\n\n\n\n<p class=\"\">\u00ab&nbsp;Les faits potentiels sont assez importants&nbsp;\u00bb pour que la cha\u00eene ait pris cette d\u00e9cision, \u00ab&nbsp;le temps de mener une enqu\u00eate et d\u2019entendre les victimes pr\u00e9sum\u00e9es des \u00e9v\u00e9nements&nbsp;\u00bb, ajoute ce m\u00e9dia.&nbsp;<\/p>\n\n\n\n<h2 class=\"wp-block-heading\">La r\u00e9dactrice en chef adjointe assure l\u2019int\u00e9rim<\/h2>\n\n\n\n<p class=\"\">\u00ab\u00a0En attendant, la r\u00e9dactrice en chef adjointe du 20H\u00a0\u00bb assure l\u2019int\u00e9rim aupr\u00e8s du pr\u00e9sentateur Gilles Bouleau, pr\u00e9cise\u00a0<em>L\u2019Inform\u00e9.\u00a0<\/em>Pr\u00e9sent\u00e9 par Gilles Bouleau en semaine et Anne-Claire Coudray le weekend, le 20H de TF1 a r\u00e9uni 5,3 millions de t\u00e9l\u00e9spectateurs en moyenne en janvier.&nbsp;<\/p>\n\n\n\n<p class=\"\"><em><strong>Source AFP<\/strong><\/em><\/p>\n","protected":false},"excerpt":{"rendered":"<p>Le m\u00e9dia L&rsquo;Inform\u00e9 r\u00e9v\u00e8le la mise \u00e0 l&rsquo;\u00e9cart du r\u00e9dacteur en chef du JT de la Une apr\u00e8s un incident survenu lors d&rsquo;une soir\u00e9e festive.Le r\u00e9dacteur en chef du 20H de&nbsp;TF1&nbsp;a \u00e9t\u00e9 mis en retrait le temps d\u2019une enqu\u00eate interne, a-t-on appris ce jeudi 20 f\u00e9vrier 2025 de source proche du dossier, confirmant une information [&hellip;]<\/p>\n","protected":false},"author":2,"featured_media":33358,"comment_status":"open","ping_status":"open","sticky":false,"template":"","format":"standard","meta":{"_jetpack_memberships_contains_paid_content":false,"footnotes":"","jetpack_publicize_message":"","jetpack_publicize_feature_enabled":true,"jetpack_social_post_already_shared":true,"jetpack_social_options":{"image_generator_settings":{"template":"highway","enabled":true,"token":"eyJpbWciOiJodHRwczpcL1wvd3d3LmljZWFnZXR2LmNvbVwvcmFkaW9zaXRlXC93cC1jb250ZW50XC91cGxvYWRzXC8yMDI1XC8wMlwvbGUtcmVkYWN0ZXVyLWVuLWNoZWYtZHUtSlQtZGUtR2lsbGVzLUJvdWxlYXUuanBnIiwidHh0IjoiVEYxIDogbGUgclx1MDBlOWRhY3RldXIgZW4gY2hlZiBkdSBKVCBkZSBHaWxsZXMgQm91bGVhdSBzdXNwZW5kdSBhcHJcdTAwZThzIHVuICYjODIyMDtpbmNpZGVudCYjODIyMTsiLCJ0ZW1wbGF0ZSI6ImhpZ2h3YXkiLCJibG9nX2lkIjoxMTEwMTY0NjF9.41d_MsUOCrhk3-VHtuqQZENQHm6k709RPhflpGQpPOAMQ"},"version":2},"_wpas_customize_per_network":false},"categories":[68],"tags":[],"class_list":["post-33357","post","type-post","status-publish","format-standard","has-post-thumbnail","hentry","category-actu-culturelle"],"jetpack_publicize_connections":[],"jetpack_featured_media_url":"https:\/\/i0.wp.com\/www.iceagetv.com\/radiosite\/wp-content\/uploads\/2025\/02\/le-redacteur-en-chef-du-JT-de-Gilles-Bouleau.jpg?fit=789%2C469&ssl=1","jetpack_sharing_enabled":true,"_links":{"self":[{"href":"https:\/\/www.iceagetv.com\/radiosite\/wp-json\/wp\/v2\/posts\/33357","targetHints":{"allow":["GET"]}}],"collection":[{"href":"https:\/\/www.iceagetv.com\/radiosite\/wp-json\/wp\/v2\/posts"}],"about":[{"href":"https:\/\/www.iceagetv.com\/radiosite\/wp-json\/wp\/v2\/types\/post"}],"author":[{"embeddable":true,"href":"https:\/\/www.iceagetv.com\/radiosite\/wp-json\/wp\/v2\/users\/2"}],"replies":[{"embeddable":true,"href":"https:\/\/www.iceagetv.com\/radiosite\/wp-json\/wp\/v2\/comments?post=33357"}],"version-history":[{"count":1,"href":"https:\/\/www.iceagetv.com\/radiosite\/wp-json\/wp\/v2\/posts\/33357\/revisions"}],"predecessor-version":[{"id":33359,"href":"https:\/\/www.iceagetv.com\/radiosite\/wp-json\/wp\/v2\/posts\/33357\/revisions\/33359"}],"wp:featuredmedia":[{"embeddable":true,"href":"https:\/\/www.iceagetv.com\/radiosite\/wp-json\/wp\/v2\/media\/33358"}],"wp:attachment":[{"href":"https:\/\/www.iceagetv.com\/radiosite\/wp-json\/wp\/v2\/media?parent=33357"}],"wp:term":[{"taxonomy":"category","embeddable":true,"href":"https:\/\/www.iceagetv.com\/radiosite\/wp-json\/wp\/v2\/categories?post=33357"},{"taxonomy":"post_tag","embeddable":true,"href":"https:\/\/www.iceagetv.com\/radiosite\/wp-json\/wp\/v2\/tags?post=33357"}],"curies":[{"name":"wp","href":"https:\/\/api.w.org\/{rel}","templated":true}]}}