{"id":33365,"date":"2025-02-21T09:14:24","date_gmt":"2025-02-21T08:14:24","guid":{"rendered":"https:\/\/www.iceagetv.com\/radiosite\/?p=33365"},"modified":"2025-02-21T09:14:28","modified_gmt":"2025-02-21T08:14:28","slug":"salon-de-lagriculture-2025-pourquoi-de-nombreux-departements-ont-renonce-a-participer-cette-annee","status":"publish","type":"post","link":"https:\/\/www.iceagetv.com\/radiosite\/salon-de-lagriculture-2025-pourquoi-de-nombreux-departements-ont-renonce-a-participer-cette-annee\/","title":{"rendered":"Salon de l&rsquo;agriculture 2025\u00a0: pourquoi de nombreux d\u00e9partements ont renonc\u00e9 \u00e0 participer cette ann\u00e9e"},"content":{"rendered":"\n<p class=\"\">Les restrictions budg\u00e9taires demand\u00e9es aux collectivit\u00e9s locales ont pouss\u00e9 certaines, comme le Gers, le Lot ou la Dordogne, \u00e0 faire l&rsquo;impasse sur un rendez-vous co\u00fbteux, dont les r\u00e8gles sont parfois jug\u00e9es trop strictes.Ils ne porteront pas leurs couleurs dans les all\u00e9es du parc des expositions de la porte de Versailles, \u00e0 Paris. Le Gers, la Haute-Garonne, le Lot, l&rsquo;H\u00e9rault, les Pyr\u00e9n\u00e9es-Atlantiques, le Lot-et-Garonne, la Dordogne&#8230; Tous ces d\u00e9partements ont renonc\u00e9 \u00e0 s&rsquo;offrir un stand lors du&nbsp;<a href=\"https:\/\/www.francetvinfo.fr\/societe\/salon-de-l-agriculture\/\">Salon de l&rsquo;agriculture<\/a>&nbsp;qui d\u00e9bute samedi 22 f\u00e9vrier. La raison&nbsp;? Cette vitrine g\u00e9ante pour les producteurs fait bien souvent les frais&nbsp;<a href=\"https:\/\/www.francetvinfo.fr\/economie\/budget\/la-detresse-sociale-va-augmenter-face-aux-coupes-budgetaires-les-collectivites-locales-se-preparent-a-des-choix-douloureux_6910934.html\">des coupes budg\u00e9taires<\/a>&nbsp;demand\u00e9es par l&rsquo;Etat aux collectivit\u00e9s territoriales.<\/p>\n\n\n\n<p class=\"\">Il faut dire que les sommes \u00e0 d\u00e9penser pour participer \u00e0 ce rassemblement incontournable du monde agricole fran\u00e7ais sont parfois vertigineuses. Entre la location et la fabrication du stand, le personnel, le transport et les animations, l&rsquo;addition peut s&rsquo;envoler \u00e0 plusieurs dizaines, voire centaines de milliers d&rsquo;euros, selon les collectivit\u00e9s.<\/p>\n\n\n\n<h2 class=\"wp-block-heading\">Des \u00e9conomies en p\u00e9riode de coupes budg\u00e9taires<\/h2>\n\n\n\n<p class=\"\">Le conseil d\u00e9partemental du Lot d\u00e9boursait ainsi environ 100&nbsp;000&nbsp;euros pour participer au salon, rapporte&nbsp;<a href=\"https:\/\/france3-regions.francetvinfo.fr\/occitanie\/lot\/cahors\/sois-on-y-va-tous-soit-on-n-y-va-pas-le-lot-dit-non-au-salon-de-l-agriculture-ayant-ete-refuse-dans-le-hall-principal-3050500.html\" target=\"_blank\" rel=\"noreferrer noopener\">France 3 Occitanie(Nouvelle fen\u00eatre)<\/a>. C&rsquo;\u00e9tait&nbsp;130&nbsp;000&nbsp;euros pour la Haute-Garonne, 200&nbsp;000&nbsp;pour le Gers et la Dordogne et m\u00eame 300&nbsp;000&nbsp;euros pour les Pyr\u00e9n\u00e9es-Atlantiques, selon&nbsp;<a href=\"https:\/\/www.francebleu.fr\/infos\/agriculture-peche\/le-departement-des-pyrenees-atlantiques-renonce-a-son-stand-au-salon-de-l-agriculture-pour-faire-des-economies-2585874\" target=\"_blank\" rel=\"noreferrer noopener\">\u00ab\u00a0ici B\u00e9arn Bigorre\u00a0\u00bb(Nouvelle fen\u00eatre)<\/a>. \u00ab\u00a0<em>Il faut faire des choix, assurer l&rsquo;essentiel, notamment l&rsquo;installation des jeunes ou l&rsquo;\u00e9quipement sur les exploitations agricoles\u00a0\u00bb<\/em>, justifie le pr\u00e9sident du conseil d\u00e9partemental, Jean-Jacques Lasserre.&nbsp;Dans l&rsquo;Ain, le Conseil d\u00e9partemental a annonc\u00e9 qu&rsquo;il ne participerait plus qu&rsquo;une ann\u00e9e sur deux \u00e0 l&rsquo;\u00e9v\u00e9nement, selon&nbsp;<a href=\"https:\/\/www.leprogres.fr\/economie\/2024\/10\/23\/le-departement-de-l-ain-sacrifie-les-salons-sur-l-autel-des-economies\" target=\"_blank\" rel=\"noreferrer noopener\"><em>Le Progr\u00e8s<\/em>(Nouvelle fen\u00eatre)<\/a>.<\/p>\n\n\n\n<p class=\"\">Face \u00e0 ces difficult\u00e9s, les organisateurs assurent ne pas rester les bras crois\u00e9s.&nbsp;<em>\u00ab\u00a0Ces d\u00e9sistements doivent nous interroger pour l\u2019avenir, car tous les exposants ont des probl\u00e9matiques de budget\u00a0\u00bb<\/em>, souligne Val\u00e9rie Leroy, directrice du Salon de l\u2019agriculture, \u00e0&nbsp;<a href=\"https:\/\/www.ouest-france.fr\/economie\/agriculture\/salon\/face-aux-contraintes-budgetaires-des-departements-font-limpasse-sur-le-salon-de-lagriculture-9757acd6-e84f-11ef-a05f-98699ff93f73\" target=\"_blank\" rel=\"noreferrer noopener\">Ouest-France(Nouvelle fen\u00eatre)<\/a>. Elle pr\u00e9cise qu&rsquo;un travail est men\u00e9 depuis l&rsquo;ann\u00e9e derni\u00e8re pour&nbsp;<em>\u00ab\u00a0contenir les co\u00fbts\u00a0\u00bb&nbsp;<\/em>pour la location d\u2019une surface ou les prestations techniques n\u00e9cessaires.<\/p>\n\n\n\n<p class=\"\">Plusieurs d\u00e9partements montent cependant au cr\u00e9neau contre les conditions jug\u00e9es&nbsp;<em>\u00ab\u00a0trop restrictives\u00a0\u00bb<\/em>&nbsp;impos\u00e9es par le Salon.&nbsp;<em>\u00ab\u00a0<\/em><em>Aujourd&rsquo;hui, l&rsquo;exigence des organisateurs ne correspond plus \u00e0 nos valeurs\u00a0\u00bb<\/em>, tacle Serge Rigal, pr\u00e9sident du conseil d\u00e9partemental du Lot,&nbsp;<a href=\"https:\/\/www.radiototem.net\/le-lot-ne-sera-pas-au-salon-de-l-agriculture\" target=\"_blank\" rel=\"noreferrer noopener\">sur la radio Totem(Nouvelle fen\u00eatre)<\/a>. En cause&nbsp;: de nouvelles r\u00e8gles qui permettent de faire&nbsp;la promotion des brebis de race Caussenarde dans le Hall 1, consacr\u00e9 aux animaux, mais plus, selon lui, d&rsquo;y proposer par la m\u00eame occasion du Rocamadour. Avant ce fromage phare, ce sont les noix ou la truffe qui avaient d\u00e9j\u00e0 d\u00fb \u00eatre remis\u00e9es depuis plusieurs ann\u00e9es afin de se concentrer sur l&rsquo;\u00e9levage. Or, ce sont les ventes de ces produits qui permettaient de r\u00e9duire la facture. Un \u00e9quilibre&nbsp;\u00e9conomique pr\u00e9caire aussi point\u00e9 du doigt en Dordogne.&nbsp;<em>\u00ab\u00a0On s&rsquo;est rendu compte qu&rsquo;on \u00e9tait tr\u00e8s g\u00e9n\u00e9reux de donner \u00e0 manger toute la journ\u00e9e \u00e0 tout le monde pour des retomb\u00e9es assez faibles\u00a0\u00bb<\/em>, assume Germinal Peiro, le pr\u00e9sident du conseil d\u00e9partemental, \u00e0&nbsp;<a href=\"https:\/\/www.francebleu.fr\/infos\/agriculture-peche\/on-etait-tres-genereux-cette-annee-encore-il-n-y-aura-pas-de-stand-de-la-dordogne-au-salon-de-l-agriculture-a-paris-2207037\" target=\"_blank\" rel=\"noreferrer noopener\">\u00ab\u00a0ici P\u00e9rigord\u00a0\u00bb(Nouvelle fen\u00eatre)<\/a>.<\/p>\n\n\n\n<h2 class=\"wp-block-heading\">La place des grandes entreprises questionn\u00e9e<\/h2>\n\n\n\n<p class=\"\">Il y a fort \u00e0 parier que la place laiss\u00e9e par ces stands soit investie par de grandes entreprises de l&rsquo;industrie alimentaire, bien mieux dot\u00e9es financi\u00e8rement.\u00a0<em>\u00ab\u00a0Aujourd\u2019hui, dans le Hall 1, pourtant r\u00e9serv\u00e9 aux animaux, on voit arriver quelques enseignes internationales comme Jeep, Lidl ou les poulets de Lou\u00e9\u00a0\u00bb,<\/em>\u00a0fulmine le pr\u00e9sident du d\u00e9partement du Lot, Serge Rigal, sur\u00a0<a href=\"https:\/\/actu.fr\/societe\/pourquoi-le-lot-doit-renoncer-a-un-stand-sur-le-salon-de-lagriculture_61771962.html\" target=\"_blank\" rel=\"noreferrer noopener\">Actu Lot(Nouvelle fen\u00eatre)<\/a>.Cette ann\u00e9e, les visiteurs pourront d\u00e9couvrir les stands g\u00e9ants de McDonald&rsquo;s ou de Lidl. Le distributeur allemand est pourtant vis\u00e9 par une plainte pour \u00ab\u00a0complicit\u00e9 de mauvais traitement envers des animaux\u00a0\u00bb et \u00ab\u00a0tromperie du consommateur\u00a0\u00bb d\u00e9pos\u00e9e par L214. Elle s&rsquo;appuie sur des enqu\u00eates de l&rsquo;association de d\u00e9fense des animaux dans deux \u00e9levages porcins situ\u00e9s dans la Sarthe et dans le Finist\u00e8re, soutenus par Lidl France dans le cadre d&rsquo;une campagne cens\u00e9e r\u00e9compenser le bien-\u00eatre animal.<\/p>\n\n\n\n<p class=\"\">D&rsquo;autres absents font \u00e9galement beaucoup de bruit. C&rsquo;est le cas de Lactalis, le g\u00e9ant des produits laitiers, qui ne sera pas repr\u00e9sent\u00e9 au Salon de l&rsquo;agriculture 2025, apr\u00e8s quatre ann\u00e9es de participation, rapporte Le Figaro(Nouvelle fen\u00eatre). En 2024, du fumier avait \u00e9t\u00e9 d\u00e9vers\u00e9 sur son stand. Et l&rsquo;annonce, en septembre, de la r\u00e9duction de la collecte de lait de l&rsquo;entreprise en France laissait augurer de nouvelles turbulences contre le num\u00e9ro un mondial du secteur.<\/p>\n\n\n\n<p class=\"\">Des alternatives pour pr\u00e9senter ses produits<br>Si des d\u00e9partements ont donc renonc\u00e9 \u00e0 afficher leur logo en gros sur un stand, les producteurs de leurs territoires ne seront pas tous absents pour autant. Les concours agricoles organis\u00e9s \u00e0 l&rsquo;occasion du salon permettent notamment \u00e0 des agriculteurs et \u00e9leveurs de pouvoir se faire une place dans les all\u00e9es du parc des expositions sans devoir payer un stand.<\/p>\n\n\n\n<p class=\"\">D&rsquo;autres collectivit\u00e9s et groupements de territoires permettent \u00e9galement de repr\u00e9senter leurs couleurs locales \u00e0 Paris. C&rsquo;est le cas des stands r\u00e9gionaux, comme celui du conseil r\u00e9gional de l&rsquo;Occitanie, qui pallie l&rsquo;absence de plusieurs de ses d\u00e9partements, ou celui du Groupement europ\u00e9en de coop\u00e9ration territoriale, qui repr\u00e9sentera notamment les Pyr\u00e9n\u00e9es-Atlantiques aux c\u00f4t\u00e9s des provinces espagnoles d&rsquo;Aragon et de Navarre. Des associations, comme Excellence Gers, permettront aussi de pr\u00e9senter au public les noisettes, l&rsquo;armagnac et le foie gras du Gers, m\u00eame en l&rsquo;absence du d\u00e9partement.<\/p>\n","protected":false},"excerpt":{"rendered":"<p>Les restrictions budg\u00e9taires demand\u00e9es aux collectivit\u00e9s locales ont pouss\u00e9 certaines, comme le Gers, le Lot ou la Dordogne, \u00e0 faire l&rsquo;impasse sur un rendez-vous co\u00fbteux, dont les r\u00e8gles sont parfois jug\u00e9es trop strictes.Ils ne porteront pas leurs couleurs dans les all\u00e9es du parc des expositions de la porte de Versailles, \u00e0 Paris. Le Gers, la [&hellip;]<\/p>\n","protected":false},"author":2,"featured_media":33367,"comment_status":"open","ping_status":"open","sticky":false,"template":"","format":"standard","meta":{"_jetpack_memberships_contains_paid_content":false,"footnotes":"","jetpack_publicize_message":"","jetpack_publicize_feature_enabled":true,"jetpack_social_post_already_shared":true,"jetpack_social_options":{"image_generator_settings":{"template":"highway","enabled":true,"token":"eyJpbWciOiJodHRwczpcL1wvd3d3LmljZWFnZXR2LmNvbVwvcmFkaW9zaXRlXC93cC1jb250ZW50XC91cGxvYWRzXC8yMDI1XC8wMlwvU2Fsb24tZGUtbGFncmljdWx0dXJlLTIwMjUuanBnIiwidHh0IjoiU2Fsb24gZGUgbCYjODIxNzthZ3JpY3VsdHVyZSAyMDI1XHUwMGEwOiBwb3VycXVvaSBkZSBub21icmV1eCBkXHUwMGU5cGFydGVtZW50cyBvbnQgcmVub25jXHUwMGU5IFx1MDBlMCBwYXJ0aWNpcGVyIGNldHRlIGFublx1MDBlOWUiLCJ0ZW1wbGF0ZSI6ImhpZ2h3YXkiLCJibG9nX2lkIjoxMTEwMTY0NjF9.nXUm8ZC2ZGNpA7TEfPUa_A91ymUVAv685DNVZleB9mwMQ"},"version":2},"_wpas_customize_per_network":false},"categories":[405],"tags":[],"class_list":["post-33365","post","type-post","status-publish","format-standard","has-post-thumbnail","hentry","category-actu-france-monde"],"jetpack_publicize_connections":[],"jetpack_featured_media_url":"https:\/\/i0.wp.com\/www.iceagetv.com\/radiosite\/wp-content\/uploads\/2025\/02\/Salon-de-lagriculture-2025.jpg?fit=951%2C534&ssl=1","jetpack_sharing_enabled":true,"_links":{"self":[{"href":"https:\/\/www.iceagetv.com\/radiosite\/wp-json\/wp\/v2\/posts\/33365","targetHints":{"allow":["GET"]}}],"collection":[{"href":"https:\/\/www.iceagetv.com\/radiosite\/wp-json\/wp\/v2\/posts"}],"about":[{"href":"https:\/\/www.iceagetv.com\/radiosite\/wp-json\/wp\/v2\/types\/post"}],"author":[{"embeddable":true,"href":"https:\/\/www.iceagetv.com\/radiosite\/wp-json\/wp\/v2\/users\/2"}],"replies":[{"embeddable":true,"href":"https:\/\/www.iceagetv.com\/radiosite\/wp-json\/wp\/v2\/comments?post=33365"}],"version-history":[{"count":1,"href":"https:\/\/www.iceagetv.com\/radiosite\/wp-json\/wp\/v2\/posts\/33365\/revisions"}],"predecessor-version":[{"id":33368,"href":"https:\/\/www.iceagetv.com\/radiosite\/wp-json\/wp\/v2\/posts\/33365\/revisions\/33368"}],"wp:featuredmedia":[{"embeddable":true,"href":"https:\/\/www.iceagetv.com\/radiosite\/wp-json\/wp\/v2\/media\/33367"}],"wp:attachment":[{"href":"https:\/\/www.iceagetv.com\/radiosite\/wp-json\/wp\/v2\/media?parent=33365"}],"wp:term":[{"taxonomy":"category","embeddable":true,"href":"https:\/\/www.iceagetv.com\/radiosite\/wp-json\/wp\/v2\/categories?post=33365"},{"taxonomy":"post_tag","embeddable":true,"href":"https:\/\/www.iceagetv.com\/radiosite\/wp-json\/wp\/v2\/tags?post=33365"}],"curies":[{"name":"wp","href":"https:\/\/api.w.org\/{rel}","templated":true}]}}