{"id":33383,"date":"2025-02-22T14:01:36","date_gmt":"2025-02-22T13:01:36","guid":{"rendered":"https:\/\/www.iceagetv.com\/radiosite\/?p=33383"},"modified":"2025-02-22T14:01:40","modified_gmt":"2025-02-22T13:01:40","slug":"salon-de-lagriculture-macron-veut-rassurer-les-agriculteurs-sur-le-pouvoir-dachat-et-le-mercosur","status":"publish","type":"post","link":"https:\/\/www.iceagetv.com\/radiosite\/salon-de-lagriculture-macron-veut-rassurer-les-agriculteurs-sur-le-pouvoir-dachat-et-le-mercosur\/","title":{"rendered":"Salon de l\u2019Agriculture\u00a0: Macron veut rassurer les agriculteurs sur le pouvoir d\u2019achat et le Mercosur"},"content":{"rendered":"\n<p class=\"\">Le pr\u00e9sident de la R\u00e9publique a assist\u00e9 \u00e0 l\u2019ouverture du Salon de l\u2019Agriculture \u00e0 Paris. Lors d\u2019une premi\u00e8re prise de parole, il a assur\u00e9 que les agriculteurs ne pouvaient \u00ab\u00a0pas \u00eatre la variable d\u2019ajustement du pouvoir d\u2019achat\u00a0\u00bb, ni \u00ab\u00a0celles des accords agricoles\u00a0\u00bb en r\u00e9f\u00e9rence \u00e0 l\u2019accord de libre-\u00e9change entre le Mercosur et l\u2019UE.Emmanuel Macron a inaugur\u00e9 la 61e \u00e9dition du Salon de l\u2019Agriculture \u00e0 la porte de Versailles \u00e0 Paris, ce samedi 22 janvier. Apr\u00e8s une pr\u00e9c\u00e9dente \u00e9dition sous tensions, le pr\u00e9sident de la R\u00e9publique a pris la parole \u00e0 son arriv\u00e9e sur place. Il a d\u2019abord eu un message de soutien \u00e0 l\u2019\u00e9gard des agriculteurs : \u00ab Nous sommes mobilis\u00e9s derri\u00e8re nos agriculteurs. \u00bb Le chef de l\u2019\u00c9tat a rappel\u00e9 face aux m\u00e9dias pr\u00e9sents \u00e0 l\u2019\u00e9v\u00e9nement : \u00ab Il faut produire, assumer de produire. Produire pour nourrir, pour exporterNos agriculteurs ne peuvent pas \u00eatre la variable d\u2019ajustement des accords agricoles&nbsp;\u00bb<\/p>\n\n\n\n<p class=\"\">Avant de s\u2019exprimer notamment sur&nbsp;<a href=\"https:\/\/www.lejdd.fr\/politique\/mercosur-comment-une-clause-inedite-menace-la-souverainete-des-etats-membres-154477\" target=\"_blank\" rel=\"noreferrer noopener\">l\u2019accord de libre-\u00e9change<\/a>&nbsp;entre le&nbsp;<a href=\"https:\/\/www.lejdd.fr\/international\/quest-ce-que-le-mercosur-141485\" target=\"_blank\" rel=\"noreferrer noopener\">Mercosur<\/a>&nbsp;et l\u2019Union europ\u00e9enne, qui avait \u00e9t\u00e9 vivement contest\u00e9 en France.&nbsp;<em>\u00ab&nbsp;Nos agriculteurs ne peuvent pas \u00eatre la variable d\u2019ajustement ni du pouvoir d\u2019achat, ni la variable d\u2019ajustement des accords agricoles&nbsp;\u00bb<\/em>, a assur\u00e9 Emmanuel Macron. Au sujet de ce projet d\u2019accord auquel il est oppos\u00e9, le Pr\u00e9sident a expliqu\u00e9 ne&nbsp;<em>\u00ab&nbsp;pas avoir eu plus de visibilit\u00e9&nbsp;\u00bb&nbsp;<\/em>sur le texte mais a promis de tout faire<em>&nbsp;\u00ab&nbsp;pour qu\u2019il ne suive pas son chemin&nbsp;\u00bb<\/em>. Paris continue de chercher&nbsp;<em>\u00ab&nbsp;une minorit\u00e9 de blocages&nbsp;\u00bb&nbsp;<\/em>au sein de l\u2019UE afin de&nbsp;<em>\u00ab&nbsp;prot\u00e9ger&nbsp;\u00bb<\/em>&nbsp;la&nbsp;<em>\u00ab&nbsp;souverainet\u00e9 alimentaire fran\u00e7aise et europ\u00e9enne&nbsp;<\/em><\/p>\n","protected":false},"excerpt":{"rendered":"<p>Le pr\u00e9sident de la R\u00e9publique a assist\u00e9 \u00e0 l\u2019ouverture du Salon de l\u2019Agriculture \u00e0 Paris. Lors d\u2019une premi\u00e8re prise de parole, il a assur\u00e9 que les agriculteurs ne pouvaient \u00ab\u00a0pas \u00eatre la variable d\u2019ajustement du pouvoir d\u2019achat\u00a0\u00bb, ni \u00ab\u00a0celles des accords agricoles\u00a0\u00bb en r\u00e9f\u00e9rence \u00e0 l\u2019accord de libre-\u00e9change entre le Mercosur et l\u2019UE.Emmanuel Macron a [&hellip;]<\/p>\n","protected":false},"author":2,"featured_media":33384,"comment_status":"open","ping_status":"open","sticky":false,"template":"","format":"standard","meta":{"_jetpack_memberships_contains_paid_content":false,"footnotes":"","jetpack_publicize_message":"","jetpack_publicize_feature_enabled":true,"jetpack_social_post_already_shared":true,"jetpack_social_options":{"image_generator_settings":{"template":"highway","enabled":true,"token":"eyJpbWciOiJodHRwczpcL1wvd3d3LmljZWFnZXR2LmNvbVwvcmFkaW9zaXRlXC93cC1jb250ZW50XC91cGxvYWRzXC8yMDI1XC8wMlwvMDAwXzM2eWU4bHoud2VicCIsInR4dCI6IlNhbG9uIGRlIGxcdTIwMTlBZ3JpY3VsdHVyZVx1MDBhMDogTWFjcm9uIHZldXQgcmFzc3VyZXIgbGVzIGFncmljdWx0ZXVycyBzdXIgbGUgcG91dm9pciBkXHUyMDE5YWNoYXQgZXQgbGUgTWVyY29zdXIiLCJ0ZW1wbGF0ZSI6ImhpZ2h3YXkiLCJibG9nX2lkIjoxMTEwMTY0NjF9.toSINwhG2GUE8vdF3fFJVceet7IYD2lmhfzWmGwRMgsMQ"},"version":2},"_wpas_customize_per_network":false},"categories":[405],"tags":[],"class_list":["post-33383","post","type-post","status-publish","format-standard","has-post-thumbnail","hentry","category-actu-france-monde"],"jetpack_publicize_connections":[],"jetpack_featured_media_url":"https:\/\/i0.wp.com\/www.iceagetv.com\/radiosite\/wp-content\/uploads\/2025\/02\/000_36ye8lz.webp?fit=563%2C375&ssl=1","jetpack_sharing_enabled":true,"_links":{"self":[{"href":"https:\/\/www.iceagetv.com\/radiosite\/wp-json\/wp\/v2\/posts\/33383","targetHints":{"allow":["GET"]}}],"collection":[{"href":"https:\/\/www.iceagetv.com\/radiosite\/wp-json\/wp\/v2\/posts"}],"about":[{"href":"https:\/\/www.iceagetv.com\/radiosite\/wp-json\/wp\/v2\/types\/post"}],"author":[{"embeddable":true,"href":"https:\/\/www.iceagetv.com\/radiosite\/wp-json\/wp\/v2\/users\/2"}],"replies":[{"embeddable":true,"href":"https:\/\/www.iceagetv.com\/radiosite\/wp-json\/wp\/v2\/comments?post=33383"}],"version-history":[{"count":1,"href":"https:\/\/www.iceagetv.com\/radiosite\/wp-json\/wp\/v2\/posts\/33383\/revisions"}],"predecessor-version":[{"id":33385,"href":"https:\/\/www.iceagetv.com\/radiosite\/wp-json\/wp\/v2\/posts\/33383\/revisions\/33385"}],"wp:featuredmedia":[{"embeddable":true,"href":"https:\/\/www.iceagetv.com\/radiosite\/wp-json\/wp\/v2\/media\/33384"}],"wp:attachment":[{"href":"https:\/\/www.iceagetv.com\/radiosite\/wp-json\/wp\/v2\/media?parent=33383"}],"wp:term":[{"taxonomy":"category","embeddable":true,"href":"https:\/\/www.iceagetv.com\/radiosite\/wp-json\/wp\/v2\/categories?post=33383"},{"taxonomy":"post_tag","embeddable":true,"href":"https:\/\/www.iceagetv.com\/radiosite\/wp-json\/wp\/v2\/tags?post=33383"}],"curies":[{"name":"wp","href":"https:\/\/api.w.org\/{rel}","templated":true}]}}