{"id":33387,"date":"2025-02-22T17:06:29","date_gmt":"2025-02-22T16:06:29","guid":{"rendered":"https:\/\/www.iceagetv.com\/radiosite\/?p=33387"},"modified":"2025-02-22T17:06:34","modified_gmt":"2025-02-22T16:06:34","slug":"evade-apres-lattaque-dun-fourgon-penitentiaire-dans-leure-le-fugitif-le-plus-recherche-de-france-mohamed-amra-a-ete-arrete-en-roumanie-apres-10-mois-de-cavale","status":"publish","type":"post","link":"https:\/\/www.iceagetv.com\/radiosite\/evade-apres-lattaque-dun-fourgon-penitentiaire-dans-leure-le-fugitif-le-plus-recherche-de-france-mohamed-amra-a-ete-arrete-en-roumanie-apres-10-mois-de-cavale\/","title":{"rendered":"Evad\u00e9 apr\u00e8s l\u2019attaque d\u2019un fourgon p\u00e9nitentiaire dans l\u2019Eure, le fugitif le plus recherch\u00e9 de France Mohamed Amra a \u00e9t\u00e9 arr\u00eat\u00e9 en Roumanie apr\u00e8s 10 mois de cavale"},"content":{"rendered":"\n<p class=\"\"><strong>Apr\u00e8s l&rsquo;arrestation annonc\u00e9e de Mohamed Amra en Roumanie, Fran\u00e7ois Bayrou se f\u00e9licite du \u00ab\u00a0Magnifique succ\u00e8s de notre police nationale\u00a0\u00bb<\/strong>. Au terme d\u2019une traque de plusieurs mois, Amara a \u00e9t\u00e9 arr\u00eat\u00e9, enfin! Professionnalisme au sommet et t\u00e9nacit\u00e9 inlassable m\u00e9ritent notre gratitude. Et cela a \u00e9t\u00e9 fait au nom des victimes, des familles et au nom de la France. Merci \u00e0 tous.<strong>Le mardi 14 mai 2024, le fourgon qui transportait Mohamed Amra le ramenait du tribunal judiciaire de Rouen (Seine-Maritime) \u00e0 la maison d\u2019arr\u00eat d\u2019\u00c9vreux<\/strong>, o\u00f9 il \u00e9tait incarc\u00e9r\u00e9, lorsqu\u2019un commando arm\u00e9 l\u2019a attaqu\u00e9, au niveau du p\u00e9age d\u2019Incarville (Eure). Deux agents p\u00e9nitentiaires ont \u00e9t\u00e9 tu\u00e9s dans l\u2019attaque et trois autres ont \u00e9t\u00e9 bless\u00e9s.<\/p>\n\n\n\n<p class=\"\">Par ailleurs, le d\u00e9tenu et ses complices s\u2019\u00e9taient enfuis. Le plan \u00c9pervier avait imm\u00e9diatement \u00e9t\u00e9 d\u00e9clench\u00e9, des centaines d\u2019enqu\u00eateurs mobilis\u00e9s et Interpol avait diffus\u00e9 une notice rouge \u00e0 destination du monde entier.<\/p>\n\n\n\n<p class=\"\">Avant cette \u00e9vasion spectaculaire, Mohamed Amra \u00e9tait d\u00e9j\u00e0 connu de la justice pour trafic de stup\u00e9fiants et vols, notamment. Il \u00e9tait aussi soup\u00e7onn\u00e9 de meurtre.<strong>Apr\u00e8s dix mois de cavale, Mohamed Amra a \u00e9t\u00e9 interpell\u00e9 en Roumanie ce samedi 22 f\u00e9vrier. Il \u00e9tait consid\u00e9r\u00e9 comme l&rsquo;homme le plus recherch\u00e9 de France. Le 14 mai dernier, l&rsquo;individu s&rsquo;\u00e9tait \u00e9vad\u00e9 d&rsquo;un fourgon p\u00e9nitentiaire au p\u00e9age d&rsquo;Incarville o\u00f9 deux agents ont trouv\u00e9 la mort.\u00a0Le fugitif Mohamed Amra, d\u00e9tenu qui s&rsquo;\u00e9tait \u00e9vad\u00e9 en mai \u00e0 l&rsquo;issue de l&rsquo;attaque du fourgon p\u00e9nitentiaire dans lequel il \u00e9tait transport\u00e9, \u00e0 un p\u00e9age de l&rsquo;Eure, a \u00e9t\u00e9 arr\u00eat\u00e9 ce samedi 22 f\u00e9vrier en Roumanie, a\u00a0<a href=\"https:\/\/x.com\/BrunoRetailleau\/status\/1893317832756085060\" target=\"_blank\" rel=\"noreferrer noopener\">annonc\u00e9<\/a>\u00a0le ministre de l&rsquo;Int\u00e9rieur Bruno Retailleau.<\/strong><\/p>\n","protected":false},"excerpt":{"rendered":"<p>Apr\u00e8s l&rsquo;arrestation annonc\u00e9e de Mohamed Amra en Roumanie, Fran\u00e7ois Bayrou se f\u00e9licite du \u00ab\u00a0Magnifique succ\u00e8s de notre police nationale\u00a0\u00bb. Au terme d\u2019une traque de plusieurs mois, Amara a \u00e9t\u00e9 arr\u00eat\u00e9, enfin! Professionnalisme au sommet et t\u00e9nacit\u00e9 inlassable m\u00e9ritent notre gratitude. Et cela a \u00e9t\u00e9 fait au nom des victimes, des familles et au nom de [&hellip;]<\/p>\n","protected":false},"author":2,"featured_media":33388,"comment_status":"open","ping_status":"open","sticky":false,"template":"","format":"standard","meta":{"_jetpack_memberships_contains_paid_content":false,"footnotes":"","jetpack_publicize_message":"","jetpack_publicize_feature_enabled":true,"jetpack_social_post_already_shared":true,"jetpack_social_options":{"image_generator_settings":{"template":"highway","enabled":true,"token":"eyJpbWciOiJodHRwczpcL1wvd3d3LmljZWFnZXR2LmNvbVwvcmFkaW9zaXRlXC93cC1jb250ZW50XC91cGxvYWRzXC8yMDI1XC8wMlwvRXZhZGUtYXByZXMtbGF0dGFxdWUtZHVuLWZvdXJnb24tcGVuaXRlbnRpYWlyZS1kYW5zLWxFdXJlLmpwZyIsInR4dCI6IkV2YWRcdTAwZTkgYXByXHUwMGU4cyBsXHUyMDE5YXR0YXF1ZSBkXHUyMDE5dW4gZm91cmdvbiBwXHUwMGU5bml0ZW50aWFpcmUgZGFucyBsXHUyMDE5RXVyZSwgbGUgZnVnaXRpZiBsZSBwbHVzIHJlY2hlcmNoXHUwMGU5IGRlIEZyYW5jZSBNb2hhbWVkIEFtcmEgYSBcdTAwZTl0XHUwMGU5IGFyclx1MDBlYXRcdTAwZTkgZW4gUm91bWFuaWUgYXByXHUwMGU4cyAxMCBtb2lzIGRlIGNhdmFsZSIsInRlbXBsYXRlIjoiaGlnaHdheSIsImJsb2dfaWQiOjExMTAxNjQ2MX0.Jand7qM63ZE0r-mkHK7JJ7J47bqCfVB3972hbQ0Vr7AMQ"},"version":2},"_wpas_customize_per_network":false},"categories":[405],"tags":[],"class_list":["post-33387","post","type-post","status-publish","format-standard","has-post-thumbnail","hentry","category-actu-france-monde"],"jetpack_publicize_connections":[],"jetpack_featured_media_url":"https:\/\/i0.wp.com\/www.iceagetv.com\/radiosite\/wp-content\/uploads\/2025\/02\/Evade-apres-lattaque-dun-fourgon-penitentiaire-dans-lEure.jpg?fit=736%2C381&ssl=1","jetpack_sharing_enabled":true,"_links":{"self":[{"href":"https:\/\/www.iceagetv.com\/radiosite\/wp-json\/wp\/v2\/posts\/33387","targetHints":{"allow":["GET"]}}],"collection":[{"href":"https:\/\/www.iceagetv.com\/radiosite\/wp-json\/wp\/v2\/posts"}],"about":[{"href":"https:\/\/www.iceagetv.com\/radiosite\/wp-json\/wp\/v2\/types\/post"}],"author":[{"embeddable":true,"href":"https:\/\/www.iceagetv.com\/radiosite\/wp-json\/wp\/v2\/users\/2"}],"replies":[{"embeddable":true,"href":"https:\/\/www.iceagetv.com\/radiosite\/wp-json\/wp\/v2\/comments?post=33387"}],"version-history":[{"count":1,"href":"https:\/\/www.iceagetv.com\/radiosite\/wp-json\/wp\/v2\/posts\/33387\/revisions"}],"predecessor-version":[{"id":33389,"href":"https:\/\/www.iceagetv.com\/radiosite\/wp-json\/wp\/v2\/posts\/33387\/revisions\/33389"}],"wp:featuredmedia":[{"embeddable":true,"href":"https:\/\/www.iceagetv.com\/radiosite\/wp-json\/wp\/v2\/media\/33388"}],"wp:attachment":[{"href":"https:\/\/www.iceagetv.com\/radiosite\/wp-json\/wp\/v2\/media?parent=33387"}],"wp:term":[{"taxonomy":"category","embeddable":true,"href":"https:\/\/www.iceagetv.com\/radiosite\/wp-json\/wp\/v2\/categories?post=33387"},{"taxonomy":"post_tag","embeddable":true,"href":"https:\/\/www.iceagetv.com\/radiosite\/wp-json\/wp\/v2\/tags?post=33387"}],"curies":[{"name":"wp","href":"https:\/\/api.w.org\/{rel}","templated":true}]}}