{"id":33391,"date":"2025-02-22T18:43:56","date_gmt":"2025-02-22T17:43:56","guid":{"rendered":"https:\/\/www.iceagetv.com\/radiosite\/?p=33391"},"modified":"2025-02-22T18:44:00","modified_gmt":"2025-02-22T17:44:00","slug":"attaque-au-couteau-a-mulhouse-un-mort-et-5-blesses-dont-deux-policiers-municipaux-dans-un-etat-grave-lassaillant-est-un-algerien-sous-oqtf-qui-a-crie-allah-akbar-le-parquet-antiterro","status":"publish","type":"post","link":"https:\/\/www.iceagetv.com\/radiosite\/attaque-au-couteau-a-mulhouse-un-mort-et-5-blesses-dont-deux-policiers-municipaux-dans-un-etat-grave-lassaillant-est-un-algerien-sous-oqtf-qui-a-crie-allah-akbar-le-parquet-antiterro\/","title":{"rendered":"\u00a0Attaque au couteau \u00e0 Mulhouse : Un mort et 5 bless\u00e9s dont deux policiers municipaux dans un \u00e9tat grave &#8211; L&rsquo;assaillant est un alg\u00e9rien sous OQTF qui a cri\u00e9 \u00ab\u00a0Allah akbar\u00a0\u00bb &#8211; Le parquet antiterroriste annonce se saisir de l&rsquo;enqu\u00eate"},"content":{"rendered":"\n<p class=\"\"><strong>Depuis le Salon de l&rsquo;agriculture, le pr\u00e9sident de la R\u00e9publique exprime la \u00ab\u00a0solidarit\u00e9 de la nation\u00a0\u00bb avec les familles des victimes de l&rsquo;attaque au couteau<\/strong>\u00a0de Mulhouse. Il assure aussi de la \u00ab\u00a0d\u00e9termination du gouvernement\u00a0\u00bb de continuer \u00e0 agir \u00ab\u00a0pour \u00e9radiquer le terrorisme sur notre sol<strong>&nbsp;L&rsquo;individu a \u00e9t\u00e9 interpell\u00e9 et plac\u00e9 en garde \u00e0 vue. Le procureur pr\u00e9cise que l&rsquo;homme, \u00e2g\u00e9 de 37 ans, est fich\u00e9 au FSPRT (Fichier des signalements pour la pr\u00e9vention de la radicalisation \u00e0 caract\u00e8re terroriste). L&rsquo;assaillant a cri\u00e9 \u00ab\u00a0Allah Akbar\u00a0\u00bb en voulant attaquer des policiers municipaux, pr\u00e9cise le parquet.<\/strong><\/p>\n\n\n\n<p class=\"\">Une personne civile qui s&rsquo;est interpos\u00e9e a \u00e9t\u00e9 tu\u00e9e, et trois policiers municipaux \u00ab\u00a0seraient bless\u00e9s\u00a0\u00bb, ajoute le parquet national antiterroriste (PNAT), qui a ouvert une enqu\u00eate de flagrance pour \u00ab\u00a0assassinat en relation avec une entreprise terroriste\u00a0\u00bb et \u00ab\u00a0tentative d\u2019assassinats en relation avec une entreprise terroriste, sur personnes d\u00e9positaires de l\u2019autorit\u00e9 publique\u00a0\u00bb.<strong>Le point sur ce que l&rsquo;on soit de cette attaque au couteau &#8211;<\/strong>&nbsp;Le&nbsp;parquet national antiterroriste&nbsp;s\u2019est saisi de l&rsquo;affaire et \u00ab\u00a0a ouvert une enqu\u00eate de flagrance des chefs\u00a0\u00bb de : \u00ab\u00a0assassinat en relation avec une entreprise terroriste\u00a0\u00bb et \u00ab\u00a0tentative d\u2019assassinats en relation avec une entreprise terroriste, sur personnes d\u00e9positaires de l\u2019autorit\u00e9 publique\u00a0\u00bb.<\/p>\n\n\n\n<p class=\"\">Le suspect \u00ab\u00a0est fich\u00e9 au FSPRT\u00a0\u00bb, le fichier de traitement des signalements pour la pr\u00e9vention de la radicalisation \u00e0 caract\u00e8re terroriste, a d\u00e9clar\u00e9 Nicolas Heitz, qui s&rsquo;est rendu sur place. Les deux policiers municipaux ont \u00e9t\u00e9 bless\u00e9s pour l&rsquo;un \u00ab\u00a0\u00e0 la carotide\u00a0\u00bb, pour l&rsquo;autre \u00ab\u00a0au thorax\u00a0\u00bb.<\/p>\n\n\n\n<p class=\"\">Trois autres policiers municipaux auraient \u00e9t\u00e9 plus l\u00e9g\u00e8rement atteints, a-t-il pr\u00e9cis\u00e9. Le ministre de l&rsquo;Int\u00e9rieur, Bruno Retailleau, est attendu sur place dans la soir\u00e9e.<\/p>\n\n\n\n<p class=\"\">Les faits se sont d\u00e9roul\u00e9s peu avant 16H00, en marge d\u2019une manifestation de soutien au Congo.<\/p>\n\n\n\n<p class=\"\">Sur place, \u00e0 proximit\u00e9 du march\u00e9 du canal couvert, un p\u00e9rim\u00e8tre de s\u00e9curit\u00e9 a \u00e9t\u00e9 dress\u00e9. De source syndicale, l&rsquo;homme, n\u00e9 en Alg\u00e9rie, est actuellement sous contr\u00f4le judiciaire avec assignation \u00e0 r\u00e9sidence. Il fait l&rsquo;objet d&rsquo;une obligation de quitter le territoire fran\u00e7ais (OQTF).<\/p>\n\n\n\n<p class=\"\">\u00ab\u00a0L&rsquo;horreur vient de saisir notre ville\u00a0\u00bb, a d\u00e9plor\u00e9 dans un message post\u00e9 sur Facebook la maire de la ville, Mich\u00e8le Lutz. \u00ab\u00a0La piste terroriste semble \u00eatre privil\u00e9gi\u00e9e pour le moment. Cela doit naturellement \u00eatre confirm\u00e9 sur le plan judiciaire\u00a0\u00bb, a-t-elle ajout\u00e9. Elle a adress\u00e9 aux victimes et \u00e0 leurs proches ses \u00ab\u00a0sentiments fraternels\u00a0\u00bb.<\/p>\n\n\n\n<p class=\"\">L\u2019individu a \u00e9t\u00e9 interpell\u00e9 et se trouve actuellement en garde \u00e0 vue. Un magistrat du parquet national antiterroriste va se d\u00e9placer sur les lieux, \u00e0 Mulhouse.<\/p>\n","protected":false},"excerpt":{"rendered":"<p>Depuis le Salon de l&rsquo;agriculture, le pr\u00e9sident de la R\u00e9publique exprime la \u00ab\u00a0solidarit\u00e9 de la nation\u00a0\u00bb avec les familles des victimes de l&rsquo;attaque au couteau\u00a0de Mulhouse. Il assure aussi de la \u00ab\u00a0d\u00e9termination du gouvernement\u00a0\u00bb de continuer \u00e0 agir \u00ab\u00a0pour \u00e9radiquer le terrorisme sur notre sol&nbsp;L&rsquo;individu a \u00e9t\u00e9 interpell\u00e9 et plac\u00e9 en garde \u00e0 vue. Le [&hellip;]<\/p>\n","protected":false},"author":2,"featured_media":33392,"comment_status":"open","ping_status":"open","sticky":false,"template":"","format":"standard","meta":{"_jetpack_memberships_contains_paid_content":false,"footnotes":"","jetpack_publicize_message":"","jetpack_publicize_feature_enabled":true,"jetpack_social_post_already_shared":true,"jetpack_social_options":{"image_generator_settings":{"template":"highway","enabled":true,"token":"eyJpbWciOiJodHRwczpcL1wvd3d3LmljZWFnZXR2LmNvbVwvcmFkaW9zaXRlXC93cC1jb250ZW50XC91cGxvYWRzXC8yMDI1XC8wMlwvU2RfOGhNcjUuanBnIiwidHh0IjoiXHUwMGEwQXR0YXF1ZSBhdSBjb3V0ZWF1IFx1MDBlMCBNdWxob3VzZSA6IFVuIG1vcnQgZXQgNSBibGVzc1x1MDBlOXMgZG9udCBkZXV4IHBvbGljaWVycyBtdW5pY2lwYXV4IGRhbnMgdW4gXHUwMGU5dGF0IGdyYXZlICYjODIxMTsgTCYjODIxNzthc3NhaWxsYW50IGVzdCB1biBhbGdcdTAwZTlyaWVuIHNvdXMgT1FURiBxdWkgYSBjcmlcdTAwZTkgJiM4MjIwO0FsbGFoIGFrYmFyJiM4MjIxOyAmIzgyMTE7IExlIHBhcnF1ZXQgYW50aXRlcnJvcmlzdGUgYW5ub25jZSBzZSBzYWlzaXIgZGUgbCYjODIxNztlbnF1XHUwMGVhdGUiLCJ0ZW1wbGF0ZSI6ImhpZ2h3YXkiLCJibG9nX2lkIjoxMTEwMTY0NjF9.ZMONLw0I3ig58S0zx7G2rYdMhCfGguWaO-92gsWK-roMQ"},"version":2},"_wpas_customize_per_network":false},"categories":[405],"tags":[],"class_list":["post-33391","post","type-post","status-publish","format-standard","has-post-thumbnail","hentry","category-actu-france-monde"],"jetpack_publicize_connections":[],"jetpack_featured_media_url":"https:\/\/i0.wp.com\/www.iceagetv.com\/radiosite\/wp-content\/uploads\/2025\/02\/Sd_8hMr5.jpg?fit=679%2C293&ssl=1","jetpack_sharing_enabled":true,"_links":{"self":[{"href":"https:\/\/www.iceagetv.com\/radiosite\/wp-json\/wp\/v2\/posts\/33391","targetHints":{"allow":["GET"]}}],"collection":[{"href":"https:\/\/www.iceagetv.com\/radiosite\/wp-json\/wp\/v2\/posts"}],"about":[{"href":"https:\/\/www.iceagetv.com\/radiosite\/wp-json\/wp\/v2\/types\/post"}],"author":[{"embeddable":true,"href":"https:\/\/www.iceagetv.com\/radiosite\/wp-json\/wp\/v2\/users\/2"}],"replies":[{"embeddable":true,"href":"https:\/\/www.iceagetv.com\/radiosite\/wp-json\/wp\/v2\/comments?post=33391"}],"version-history":[{"count":1,"href":"https:\/\/www.iceagetv.com\/radiosite\/wp-json\/wp\/v2\/posts\/33391\/revisions"}],"predecessor-version":[{"id":33393,"href":"https:\/\/www.iceagetv.com\/radiosite\/wp-json\/wp\/v2\/posts\/33391\/revisions\/33393"}],"wp:featuredmedia":[{"embeddable":true,"href":"https:\/\/www.iceagetv.com\/radiosite\/wp-json\/wp\/v2\/media\/33392"}],"wp:attachment":[{"href":"https:\/\/www.iceagetv.com\/radiosite\/wp-json\/wp\/v2\/media?parent=33391"}],"wp:term":[{"taxonomy":"category","embeddable":true,"href":"https:\/\/www.iceagetv.com\/radiosite\/wp-json\/wp\/v2\/categories?post=33391"},{"taxonomy":"post_tag","embeddable":true,"href":"https:\/\/www.iceagetv.com\/radiosite\/wp-json\/wp\/v2\/tags?post=33391"}],"curies":[{"name":"wp","href":"https:\/\/api.w.org\/{rel}","templated":true}]}}