{"id":33395,"date":"2025-02-22T20:24:33","date_gmt":"2025-02-22T19:24:33","guid":{"rendered":"https:\/\/www.iceagetv.com\/radiosite\/?p=33395"},"modified":"2025-02-22T20:24:37","modified_gmt":"2025-02-22T19:24:37","slug":"francois-a-fait-ce-matin-une-crise-respiratoire-asthmatique-prolongee-le-vatican-precise-ce-soir-que-letat-de-sante-du-pape-reste-critique-et-il-nest-pas-hors-de-danger","status":"publish","type":"post","link":"https:\/\/www.iceagetv.com\/radiosite\/francois-a-fait-ce-matin-une-crise-respiratoire-asthmatique-prolongee-le-vatican-precise-ce-soir-que-letat-de-sante-du-pape-reste-critique-et-il-nest-pas-hors-de-danger\/","title":{"rendered":"Fran\u00e7ois a fait ce matin une crise respiratoire asthmatique prolong\u00e9e\u00a0\u00bb &#8211; Le Vatican pr\u00e9cise ce soir que l&rsquo;\u00e9tat de sant\u00e9 du Pape \u00ab\u00a0reste critique et il n&rsquo;est pas hors de danger"},"content":{"rendered":"\n<p class=\"\"><strong>Le Vatican annonce ce soir que l&rsquo;\u00e9tat de sant\u00e9 du Pape Fran\u00e7ois \u00ab\u00a0reste critique\u00a0\u00bb&nbsp; et il n&rsquo;est pas \u00ab\u00a0hors de danger\u00a0\u00bb.<\/strong>&nbsp;\u00ab\u00a0Ce matin, le pape Fran\u00e7ois a pr\u00e9sent\u00e9 une crise respiratoire asthmatique prolong\u00e9e, qui a \u00e9galement n\u00e9cessit\u00e9 l&rsquo;application d&rsquo;oxyg\u00e8ne \u00e0 haut d\u00e9bit\u00a0\u00bb, pr\u00e9cise le si\u00e8ge pontifical. PUBLICIT\u00c9 \u00ab\u00a0Le Saint-P\u00e8re continue d&rsquo;\u00eatre vigilant et a pass\u00e9 la journ\u00e9e dans un fauteuil m\u00eame s&rsquo;il souffrait plus qu&rsquo;hier. Pour le moment, le pronostic est r\u00e9serv\u00e9\u00a0\u00bb, selon le Vatican<\/p>\n\n\n\n<p class=\"\">hite est devenue une pneumonie touchant les deux poumons. Dans le d\u00e9tail, le Vatican indique que \u00ab\u00a0l&rsquo;infection polymicrobienne, qui s&rsquo;est d\u00e9clar\u00e9e sur fond de bronchectasie et de bronchite asthmatique, et qui a n\u00e9cessit\u00e9 l&rsquo;utilisation d&rsquo;une antibioth\u00e9rapie \u00e0 base de cortisone, rend le traitement th\u00e9rapeutique plus complexe\u00a0\u00bb. Le Saint-Si\u00e8ge se voulait rassurant sur l&rsquo;\u00e9tat de sant\u00e9 du souverain pontife ces derni\u00e8res heures.<\/p>\n\n\n\n<p class=\"\">\u00ab\u00a0Le pape Fran\u00e7ois s&rsquo;est bien repos\u00e9\u00a0\u00bb, indique un communiqu\u00e9. Il ne pourra pas pr\u00e9sider dimanche la pri\u00e8re hebdomadaire de l&rsquo;Ang\u00e9lus depuis l&rsquo;h\u00f4pital, comme cela avait d\u00e9j\u00e0 \u00e9t\u00e9 le cas dans le pass\u00e9. C&rsquo;est le deuxi\u00e8me dimanche d&rsquo;affil\u00e9e que le pape ne c\u00e9l\u00e8bre pas la messe dominicale. Il a assur\u00e9 ce jeudi et vendredi que le pape a eu une \u00ab\u00a0nuit paisible\u00a0\u00bb et a pris son petit-d\u00e9jeuner dans un fauteuil.<\/p>\n\n\n\n<p class=\"\">La prudence reste donc de mise au vu de la sant\u00e9 fragile du pape Fran\u00e7ois, \u00e2g\u00e9 de 88 ans. D&rsquo;autant qu&rsquo;une longue hospitalisation n&rsquo;est pas sans risque comme l&rsquo;indiquait Margherita De Bac \u00e0 Corrirere Della Serra mercredi : \u00ab\u00a0Le danger le plus redout\u00e9 est la septic\u00e9mie, le passage de micro-organismes dans le sang qui se propagent \u00e0 d&rsquo;autres organes, avec des cons\u00e9quences tr\u00e8s graves\u00a0\u00bb. Le journal italien r\u00e9v\u00e9lait par ailleurs que le souverain pontife devrait observer deux \u00e0 trois semaines de \u00ab\u00a0repos absolu\u00a0\u00bb.<\/p>\n\n\n\n<p class=\"\">En France, le r\u00e9dacteur en chef adjoint de La Croix et ancien correspondant au Vatican, Loup Besmond de Senneville, se montre aussi inquiet au regarde de la communication du Saint-Si\u00e8ge sur RTL : \u00ab\u00a0Si le Vatican \u00e9voque un tableau clinique pr\u00e9occupant, complexe, avec des mots qui font \u00e9tat de vrais probl\u00e8mes, ce sont clairement les communiqu\u00e9s les plus graves et les plus pr\u00e9occupants qu&rsquo;on ait jamais vus sur une hospitalisation du pape Fran\u00e7ois\u00a0\u00bb.<\/p>\n\n\n\n<p class=\"\">\u00ab\u00a0Le pire peut arriver, mais le pape pourrait aussi aller mieux dans les prochaines heures. On est vraiment dans une situation complexe\u00a0\u00bb, insiste-t-il.<\/p>\n","protected":false},"excerpt":{"rendered":"<p>Le Vatican annonce ce soir que l&rsquo;\u00e9tat de sant\u00e9 du Pape Fran\u00e7ois \u00ab\u00a0reste critique\u00a0\u00bb&nbsp; et il n&rsquo;est pas \u00ab\u00a0hors de danger\u00a0\u00bb.&nbsp;\u00ab\u00a0Ce matin, le pape Fran\u00e7ois a pr\u00e9sent\u00e9 une crise respiratoire asthmatique prolong\u00e9e, qui a \u00e9galement n\u00e9cessit\u00e9 l&rsquo;application d&rsquo;oxyg\u00e8ne \u00e0 haut d\u00e9bit\u00a0\u00bb, pr\u00e9cise le si\u00e8ge pontifical. PUBLICIT\u00c9 \u00ab\u00a0Le Saint-P\u00e8re continue d&rsquo;\u00eatre vigilant et a pass\u00e9 la [&hellip;]<\/p>\n","protected":false},"author":2,"featured_media":33286,"comment_status":"open","ping_status":"open","sticky":false,"template":"","format":"standard","meta":{"_jetpack_memberships_contains_paid_content":false,"footnotes":"","jetpack_publicize_message":"","jetpack_publicize_feature_enabled":true,"jetpack_social_post_already_shared":true,"jetpack_social_options":{"image_generator_settings":{"template":"highway","enabled":true,"token":"eyJpbWciOiJodHRwczpcL1wvd3d3LmljZWFnZXR2LmNvbVwvcmFkaW9zaXRlXC93cC1jb250ZW50XC91cGxvYWRzXC8yMDI1XC8wMlwvRHBCWTJiczkuanBnIiwidHh0IjoiRnJhblx1MDBlN29pcyBhIGZhaXQgY2UgbWF0aW4gdW5lIGNyaXNlIHJlc3BpcmF0b2lyZSBhc3RobWF0aXF1ZSBwcm9sb25nXHUwMGU5ZSYjODIyMTsgJiM4MjExOyBMZSBWYXRpY2FuIHByXHUwMGU5Y2lzZSBjZSBzb2lyIHF1ZSBsJiM4MjE3O1x1MDBlOXRhdCBkZSBzYW50XHUwMGU5IGR1IFBhcGUgJiM4MjIwO3Jlc3RlIGNyaXRpcXVlIGV0IGlsIG4mIzgyMTc7ZXN0IHBhcyBob3JzIGRlIGRhbmdlciIsInRlbXBsYXRlIjoiaGlnaHdheSIsImJsb2dfaWQiOjExMTAxNjQ2MX0.ON6yF0uFXiVJ-j81Ix6DLJFG_71IU96k5IHzfuQTHOAMQ"},"version":2},"_wpas_customize_per_network":false},"categories":[405],"tags":[],"class_list":["post-33395","post","type-post","status-publish","format-standard","has-post-thumbnail","hentry","category-actu-france-monde"],"jetpack_publicize_connections":[],"jetpack_featured_media_url":"https:\/\/i0.wp.com\/www.iceagetv.com\/radiosite\/wp-content\/uploads\/2025\/02\/DpBY2bs9.jpg?fit=679%2C293&ssl=1","jetpack_sharing_enabled":true,"_links":{"self":[{"href":"https:\/\/www.iceagetv.com\/radiosite\/wp-json\/wp\/v2\/posts\/33395","targetHints":{"allow":["GET"]}}],"collection":[{"href":"https:\/\/www.iceagetv.com\/radiosite\/wp-json\/wp\/v2\/posts"}],"about":[{"href":"https:\/\/www.iceagetv.com\/radiosite\/wp-json\/wp\/v2\/types\/post"}],"author":[{"embeddable":true,"href":"https:\/\/www.iceagetv.com\/radiosite\/wp-json\/wp\/v2\/users\/2"}],"replies":[{"embeddable":true,"href":"https:\/\/www.iceagetv.com\/radiosite\/wp-json\/wp\/v2\/comments?post=33395"}],"version-history":[{"count":1,"href":"https:\/\/www.iceagetv.com\/radiosite\/wp-json\/wp\/v2\/posts\/33395\/revisions"}],"predecessor-version":[{"id":33397,"href":"https:\/\/www.iceagetv.com\/radiosite\/wp-json\/wp\/v2\/posts\/33395\/revisions\/33397"}],"wp:featuredmedia":[{"embeddable":true,"href":"https:\/\/www.iceagetv.com\/radiosite\/wp-json\/wp\/v2\/media\/33286"}],"wp:attachment":[{"href":"https:\/\/www.iceagetv.com\/radiosite\/wp-json\/wp\/v2\/media?parent=33395"}],"wp:term":[{"taxonomy":"category","embeddable":true,"href":"https:\/\/www.iceagetv.com\/radiosite\/wp-json\/wp\/v2\/categories?post=33395"},{"taxonomy":"post_tag","embeddable":true,"href":"https:\/\/www.iceagetv.com\/radiosite\/wp-json\/wp\/v2\/tags?post=33395"}],"curies":[{"name":"wp","href":"https:\/\/api.w.org\/{rel}","templated":true}]}}