{"id":33407,"date":"2025-02-23T19:04:19","date_gmt":"2025-02-23T18:04:19","guid":{"rendered":"https:\/\/www.iceagetv.com\/radiosite\/?p=33407"},"modified":"2025-02-23T19:04:24","modified_gmt":"2025-02-23T18:04:24","slug":"elections-en-allemagne-lextreme-droite-se-felicite-dun-resultat-historique-et-tend-la-main-aux-conservateurs","status":"publish","type":"post","link":"https:\/\/www.iceagetv.com\/radiosite\/elections-en-allemagne-lextreme-droite-se-felicite-dun-resultat-historique-et-tend-la-main-aux-conservateurs\/","title":{"rendered":"\u00c9lections en Allemagne: l&rsquo;extr\u00eame droite se f\u00e9licite d&rsquo;un \u00ab\u00a0r\u00e9sultat historique\u00a0\u00bb et \u00ab\u00a0tend la main\u00a0\u00bb aux conservateurs"},"content":{"rendered":"\n<p class=\"\">La cheffe de file de l&rsquo;extr\u00eame droite allemande,&nbsp;<a href=\"https:\/\/www.bfmtv.com\/international\/europe\/allemagne\/lesbienne-fan-de-thatcher-et-anti-woke-alice-weidel-le-visage-de-l-extreme-droite-en-allemagne_GN-202502220047.html\">Alice Weidel<\/a>, a salu\u00e9 dimanche 23 f\u00e9vrier&nbsp;<a href=\"https:\/\/www.bfmtv.com\/international\/europe\/allemagne\/allemagne-les-conservateurs-remportent-les-elections-percee-historique-de-l-extreme-droite_AN-202502230316.html\">le \u00ab\u00a0r\u00e9sultat historique\u00a0\u00bb de son parti, l&rsquo;AfD aux \u00e9lections l\u00e9gislatives<\/a>&nbsp;et propos\u00e9 une alliance avec les conservateurs pour gouverner l&rsquo;Allemagne.<\/p>\n\n\n\n<p class=\"\">\u00ab\u00a0Nous n&rsquo;avons jamais \u00e9t\u00e9 aussi forts au niveau national\u00a0\u00bb, a jubil\u00e9 Alice Weidel, au quartier g\u00e9n\u00e9ral de son parti \u00e0 Berlin, apr\u00e8s que l&rsquo;AfD a obtenu de 19,5 \u00e0 20% des suffrages, soit le double d&rsquo;il y a quatre ans et un score historique pour cette formation antimigrants et prorusse n\u00e9e en 2013.\u00a0\u00bbNotre main sera toujours tendue\u00a0\u00bb<\/p>\n\n\n\n<p class=\"\">Interview\u00e9e par la cha\u00eene de t\u00e9l\u00e9vision publique ARD, Alice Weidel a affich\u00e9 l&rsquo;ambition de son mouvement de faire partie du prochain gouvernement, aux c\u00f4t\u00e9s des d\u00e9mocrates-chr\u00e9tiens de Friedrich Merz, arriv\u00e9s en t\u00eate du scrutin avec pr\u00e8s de 30% des voix.<\/p>\n\n\n\n<p class=\"\">\u00ab\u00a0Notre main sera toujours tendue pour participer \u00e0 un gouvernement et pour remplir la volont\u00e9 du peuple\u00a0\u00bb, a dit Alice Weidel, disant vouloir notamment \u00ab\u00a0fermer les fronti\u00e8res\u00a0\u00bb aux \u00e9trangers et baisser les imp\u00f4ts.<\/p>\n\n\n\n<p class=\"\">\u00ab\u00a0Nous avons besoin d&rsquo;un changement de politique, notre main est tendue, on doit juste la prendre\u00a0\u00bb, a-t-elle lanc\u00e9 \u00e0 l&rsquo;attention des conservateurs, qui ont jusqu&rsquo;ici exclu de gouverner avec l&rsquo;AfD.<\/p>\n","protected":false},"excerpt":{"rendered":"<p>La cheffe de file de l&rsquo;extr\u00eame droite allemande,&nbsp;Alice Weidel, a salu\u00e9 dimanche 23 f\u00e9vrier&nbsp;le \u00ab\u00a0r\u00e9sultat historique\u00a0\u00bb de son parti, l&rsquo;AfD aux \u00e9lections l\u00e9gislatives&nbsp;et propos\u00e9 une alliance avec les conservateurs pour gouverner l&rsquo;Allemagne. \u00ab\u00a0Nous n&rsquo;avons jamais \u00e9t\u00e9 aussi forts au niveau national\u00a0\u00bb, a jubil\u00e9 Alice Weidel, au quartier g\u00e9n\u00e9ral de son parti \u00e0 Berlin, apr\u00e8s que [&hellip;]<\/p>\n","protected":false},"author":2,"featured_media":33408,"comment_status":"open","ping_status":"open","sticky":false,"template":"","format":"standard","meta":{"_jetpack_memberships_contains_paid_content":false,"footnotes":"","jetpack_publicize_message":"","jetpack_publicize_feature_enabled":true,"jetpack_social_post_already_shared":true,"jetpack_social_options":{"image_generator_settings":{"template":"highway","enabled":true,"token":"eyJpbWciOiJodHRwczpcL1wvd3d3LmljZWFnZXR2LmNvbVwvcmFkaW9zaXRlXC93cC1jb250ZW50XC91cGxvYWRzXC8yMDI1XC8wMlwvTGEtY2hlZmZlLWRlLWwtQWZELUFsaWNlLVdlaWRlbC1hLUJlcmxpbi1sZS0yMy1mZXZyaWVyLTIwMjUtMjAzODc5Mi53ZWJwIiwidHh0IjoiXHUwMGM5bGVjdGlvbnMgZW4gQWxsZW1hZ25lOiBsJiM4MjE3O2V4dHJcdTAwZWFtZSBkcm9pdGUgc2UgZlx1MDBlOWxpY2l0ZSBkJiM4MjE3O3VuICYjODIyMDtyXHUwMGU5c3VsdGF0IGhpc3RvcmlxdWUmIzgyMjE7IGV0ICYjODIyMDt0ZW5kIGxhIG1haW4mIzgyMjE7IGF1eCBjb25zZXJ2YXRldXJzIiwidGVtcGxhdGUiOiJoaWdod2F5IiwiYmxvZ19pZCI6MTExMDE2NDYxfQ.IeuXvAIbWTXbD8qwro0xEHmp8XuSALPHSx-NdXjvJgsMQ"},"version":2},"_wpas_customize_per_network":false},"categories":[405],"tags":[],"class_list":["post-33407","post","type-post","status-publish","format-standard","has-post-thumbnail","hentry","category-actu-france-monde"],"jetpack_publicize_connections":[],"jetpack_featured_media_url":"https:\/\/i0.wp.com\/www.iceagetv.com\/radiosite\/wp-content\/uploads\/2025\/02\/La-cheffe-de-l-AfD-Alice-Weidel-a-Berlin-le-23-fevrier-2025-2038792.webp?fit=736%2C414&ssl=1","jetpack_sharing_enabled":true,"_links":{"self":[{"href":"https:\/\/www.iceagetv.com\/radiosite\/wp-json\/wp\/v2\/posts\/33407","targetHints":{"allow":["GET"]}}],"collection":[{"href":"https:\/\/www.iceagetv.com\/radiosite\/wp-json\/wp\/v2\/posts"}],"about":[{"href":"https:\/\/www.iceagetv.com\/radiosite\/wp-json\/wp\/v2\/types\/post"}],"author":[{"embeddable":true,"href":"https:\/\/www.iceagetv.com\/radiosite\/wp-json\/wp\/v2\/users\/2"}],"replies":[{"embeddable":true,"href":"https:\/\/www.iceagetv.com\/radiosite\/wp-json\/wp\/v2\/comments?post=33407"}],"version-history":[{"count":1,"href":"https:\/\/www.iceagetv.com\/radiosite\/wp-json\/wp\/v2\/posts\/33407\/revisions"}],"predecessor-version":[{"id":33409,"href":"https:\/\/www.iceagetv.com\/radiosite\/wp-json\/wp\/v2\/posts\/33407\/revisions\/33409"}],"wp:featuredmedia":[{"embeddable":true,"href":"https:\/\/www.iceagetv.com\/radiosite\/wp-json\/wp\/v2\/media\/33408"}],"wp:attachment":[{"href":"https:\/\/www.iceagetv.com\/radiosite\/wp-json\/wp\/v2\/media?parent=33407"}],"wp:term":[{"taxonomy":"category","embeddable":true,"href":"https:\/\/www.iceagetv.com\/radiosite\/wp-json\/wp\/v2\/categories?post=33407"},{"taxonomy":"post_tag","embeddable":true,"href":"https:\/\/www.iceagetv.com\/radiosite\/wp-json\/wp\/v2\/tags?post=33407"}],"curies":[{"name":"wp","href":"https:\/\/api.w.org\/{rel}","templated":true}]}}